{"id":988,"date":"2023-03-03T02:48:15","date_gmt":"2023-03-03T02:48:15","guid":{"rendered":"http:\/\/elregionaldigital.info\/?p=988"},"modified":"2023-03-03T02:48:16","modified_gmt":"2023-03-03T02:48:16","slug":"los-convocados-por-diego-cocca","status":"publish","type":"post","link":"https:\/\/elregionaldigital.info\/?p=988","title":{"rendered":"Los convocados por Diego Cocca\u00a0"},"content":{"rendered":"\n<figure class=\"wp-block-image size-full\"><img loading=\"lazy\" decoding=\"async\" width=\"768\" height=\"479\" src=\"http:\/\/elregionaldigital.info\/wp-content\/uploads\/2023\/03\/Diego-Cocca.jpg\" alt=\"\" class=\"wp-image-989\" srcset=\"https:\/\/elregionaldigital.info\/wp-content\/uploads\/2023\/03\/Diego-Cocca.jpg 768w, https:\/\/elregionaldigital.info\/wp-content\/uploads\/2023\/03\/Diego-Cocca-300x187.jpg 300w\" sizes=\"auto, (max-width: 768px) 100vw, 768px\" \/><\/figure>\n\n\n\n<p><strong><a rel=\"noreferrer noopener\" href=\"https:\/\/cse.google.com\/cse?cx=5abb4bfaf2aef078b&amp;ie=UTF-8&amp;q=Diego+Cocca\" target=\"_blank\">Diego Cocca<\/a><\/strong>\u00a0dio a conocer este jueves 2 de marzo su primera convocatoria y contrario a lo que muchos cree\u00edan,\u00a0<strong>muchos elementos que fueron utilizados por Gerardo Martino<\/strong>\u00a0en el Mundial de Qatar 2022,\u00a0<strong>repiten llamado a pesar de las cr\u00edticas<\/strong>\u00a0que tanto jugadores como cuerpo t\u00e9cnico obtuvieron por el mal desempe\u00f1o en el campeonato<\/p>\n\n\n\n<p>Los convocados por Diego Cocca que\u00a0<strong>repiten de la \u00faltima lista del Tata Martino<\/strong>\u00a0son\u00a0<strong>Guillermo Ochoa, N\u00e9stor Araujo, H\u00e9ctor Moreno, Jes\u00fas Gallardo, Kevin \u00c1lvarez, Jorge S\u00e1nchez, C\u00e9sar Montes, Johan V\u00e1squez y Gerardo Arteaga<\/strong>\u00a0en la zona baja, mientras que en el mediocampo,\u00a0<strong>Luis Romo, Roberto Alvarado, Carlos Rodr\u00edguez, Uriel Antuna, Luis Ch\u00e1vez, Edson \u00c1lvarez y Erick Guti\u00e9rrez<\/strong>. En la parte ofensiva los que repiten son\u00a0<strong>Hirving Lozano, Henry Martin, Ra\u00fal Jim\u00e9nez y Orbel\u00edn Pineda<\/strong>, es decir 20 de los 23 jugadores que Martino requiri\u00f3 para la cita mundialista.<\/p>\n\n\n\n<h2 class=\"wp-block-heading\">La lista completa de Diego Cocca<\/h2>\n\n\n\n<p><strong>PORTEROS<\/strong><\/p>\n\n\n\n<ul class=\"wp-block-list\">\n<li><strong>Guillermo Ochoa<\/strong><\/li>\n\n\n\n<li>Carlos Acevedo<\/li>\n\n\n\n<li>To\u00f1o Rodr\u00edguez<\/li>\n<\/ul>\n\n\n\n<p><strong>DEFENSAS<\/strong><\/p>\n\n\n\n<ul class=\"wp-block-list\">\n<li>Israel Reyes<\/li>\n\n\n\n<li><strong>Nestor Araujo<\/strong><\/li>\n\n\n\n<li><strong>Hector Moreno<\/strong><\/li>\n\n\n\n<li><strong>Jes\u00fas Gallardo<\/strong><\/li>\n\n\n\n<li>Tiba Sep\u00falveda<\/li>\n\n\n\n<li><strong>Kevin \u00c1lvarez<\/strong><\/li>\n\n\n\n<li>Jes\u00fas Angulo<\/li>\n\n\n\n<li>Juli\u00e1n Araujo<\/li>\n\n\n\n<li><strong>Jorge S\u00e1nchez<\/strong><\/li>\n\n\n\n<li><strong>C\u00e9sar Montes<\/strong><\/li>\n\n\n\n<li><strong>Johan V\u00e1squez<\/strong><\/li>\n\n\n\n<li><strong>Gerardo Arteaga<\/strong><\/li>\n<\/ul>\n\n\n\n<p><strong>MEDIOS<\/strong><\/p>\n\n\n\n<ul class=\"wp-block-list\">\n<li><strong>Luis Romo<\/strong><\/li>\n\n\n\n<li>Arturo Gonz\u00e1lez<\/li>\n\n\n\n<li><strong>Roberto Alvarado<\/strong><\/li>\n\n\n\n<li>Fernando Beltr\u00e1n<\/li>\n\n\n\n<li><strong>Carlos Rodr\u00edguez<\/strong><\/li>\n\n\n\n<li><strong>Uriel Antuna<\/strong><\/li>\n\n\n\n<li>Marcel Ruiz<\/li>\n\n\n\n<li>Erick S\u00e1nchez<\/li>\n\n\n\n<li><strong>Luis Ch\u00e1vez<\/strong><\/li>\n\n\n\n<li>Diego Lainez<\/li>\n\n\n\n<li>Sebasti\u00e1n C\u00f3rdova<\/li>\n\n\n\n<li><strong>Edson \u00c1lvarez<\/strong><\/li>\n\n\n\n<li><strong>Erick Guti\u00e9rrez<\/strong><\/li>\n<\/ul>\n\n\n\n<p><strong>DELANTEROS<\/strong><\/p>\n\n\n\n<ul class=\"wp-block-list\">\n<li><strong>Hirving Lozano<\/strong><\/li>\n\n\n\n<li><strong>Orbel\u00edn Pineda<\/strong><\/li>\n\n\n\n<li><strong>Henry Mart\u00edn<\/strong><\/li>\n\n\n\n<li>Roberto de la Rosa<\/li>\n\n\n\n<li><strong>Ra\u00fal Jim\u00e9nez<\/strong><\/li>\n\n\n\n<li>Santiago Gim\u00e9nez<\/li>\n<\/ul>\n","protected":false},"excerpt":{"rendered":"<p>Diego Cocca\u00a0dio a conocer este jueves 2 de marzo su primera convocatoria y contrario a lo que muchos cree\u00edan,\u00a0muchos elementos que fueron utilizados por Gerardo Martino\u00a0en el Mundial de Qatar 2022,\u00a0repiten llamado a pesar de las cr\u00edticas\u00a0que tanto jugadores como cuerpo t\u00e9cnico obtuvieron por el mal desempe\u00f1o en el campeonato Los convocados por Diego Cocca [&hellip;]<\/p>\n","protected":false},"author":1,"featured_media":989,"comment_status":"open","ping_status":"open","sticky":false,"template":"","format":"standard","meta":{"footnotes":""},"categories":[6],"tags":[],"class_list":["post-988","post","type-post","status-publish","format-standard","has-post-thumbnail","hentry","category-deportes"],"blog_post_layout_featured_media_urls":{"thumbnail":["https:\/\/elregionaldigital.info\/wp-content\/uploads\/2023\/03\/Diego-Cocca-150x150.jpg",150,150,true],"full":["https:\/\/elregionaldigital.info\/wp-content\/uploads\/2023\/03\/Diego-Cocca.jpg",768,479,false]},"categories_names":{"6":{"name":"Deportes","link":"https:\/\/elregionaldigital.info\/?cat=6"}},"tags_names":[],"comments_number":"0","wpmagazine_modules_lite_featured_media_urls":{"thumbnail":["https:\/\/elregionaldigital.info\/wp-content\/uploads\/2023\/03\/Diego-Cocca-150x150.jpg",150,150,true],"cvmm-medium":["https:\/\/elregionaldigital.info\/wp-content\/uploads\/2023\/03\/Diego-Cocca-300x300.jpg",300,300,true],"cvmm-medium-plus":["https:\/\/elregionaldigital.info\/wp-content\/uploads\/2023\/03\/Diego-Cocca-305x207.jpg",305,207,true],"cvmm-portrait":["https:\/\/elregionaldigital.info\/wp-content\/uploads\/2023\/03\/Diego-Cocca-400x479.jpg",400,479,true],"cvmm-medium-square":["https:\/\/elregionaldigital.info\/wp-content\/uploads\/2023\/03\/Diego-Cocca-600x479.jpg",600,479,true],"cvmm-large":["https:\/\/elregionaldigital.info\/wp-content\/uploads\/2023\/03\/Diego-Cocca.jpg",768,479,false],"cvmm-small":["https:\/\/elregionaldigital.info\/wp-content\/uploads\/2023\/03\/Diego-Cocca-130x95.jpg",130,95,true],"full":["https:\/\/elregionaldigital.info\/wp-content\/uploads\/2023\/03\/Diego-Cocca.jpg",768,479,false]},"_links":{"self":[{"href":"https:\/\/elregionaldigital.info\/index.php?rest_route=\/wp\/v2\/posts\/988","targetHints":{"allow":["GET"]}}],"collection":[{"href":"https:\/\/elregionaldigital.info\/index.php?rest_route=\/wp\/v2\/posts"}],"about":[{"href":"https:\/\/elregionaldigital.info\/index.php?rest_route=\/wp\/v2\/types\/post"}],"author":[{"embeddable":true,"href":"https:\/\/elregionaldigital.info\/index.php?rest_route=\/wp\/v2\/users\/1"}],"replies":[{"embeddable":true,"href":"https:\/\/elregionaldigital.info\/index.php?rest_route=%2Fwp%2Fv2%2Fcomments&post=988"}],"version-history":[{"count":1,"href":"https:\/\/elregionaldigital.info\/index.php?rest_route=\/wp\/v2\/posts\/988\/revisions"}],"predecessor-version":[{"id":990,"href":"https:\/\/elregionaldigital.info\/index.php?rest_route=\/wp\/v2\/posts\/988\/revisions\/990"}],"wp:featuredmedia":[{"embeddable":true,"href":"https:\/\/elregionaldigital.info\/index.php?rest_route=\/wp\/v2\/media\/989"}],"wp:attachment":[{"href":"https:\/\/elregionaldigital.info\/index.php?rest_route=%2Fwp%2Fv2%2Fmedia&parent=988"}],"wp:term":[{"taxonomy":"category","embeddable":true,"href":"https:\/\/elregionaldigital.info\/index.php?rest_route=%2Fwp%2Fv2%2Fcategories&post=988"},{"taxonomy":"post_tag","embeddable":true,"href":"https:\/\/elregionaldigital.info\/index.php?rest_route=%2Fwp%2Fv2%2Ftags&post=988"}],"curies":[{"name":"wp","href":"https:\/\/api.w.org\/{rel}","templated":true}]}}