{"id":977,"date":"2023-03-01T18:45:13","date_gmt":"2023-03-01T18:45:13","guid":{"rendered":"http:\/\/elregionaldigital.info\/?p=977"},"modified":"2023-03-01T18:45:14","modified_gmt":"2023-03-01T18:45:14","slug":"castillo-puede-ser-condenado-a-31-anos-por-corrupcion","status":"publish","type":"post","link":"https:\/\/elregionaldigital.info\/?p=977","title":{"rendered":"Castillo puede ser condenado a 31 a\u00f1os por corrupci\u00f3n"},"content":{"rendered":"\n<figure class=\"wp-block-image size-large\"><img loading=\"lazy\" decoding=\"async\" width=\"1024\" height=\"683\" src=\"http:\/\/elregionaldigital.info\/wp-content\/uploads\/2023\/03\/pedro-castillo-peru-1024x683.webp\" alt=\"\" class=\"wp-image-978\" srcset=\"https:\/\/elregionaldigital.info\/wp-content\/uploads\/2023\/03\/pedro-castillo-peru-1024x683.webp 1024w, https:\/\/elregionaldigital.info\/wp-content\/uploads\/2023\/03\/pedro-castillo-peru-300x200.webp 300w, https:\/\/elregionaldigital.info\/wp-content\/uploads\/2023\/03\/pedro-castillo-peru-768x512.webp 768w, https:\/\/elregionaldigital.info\/wp-content\/uploads\/2023\/03\/pedro-castillo-peru-1536x1024.webp 1536w, https:\/\/elregionaldigital.info\/wp-content\/uploads\/2023\/03\/pedro-castillo-peru.webp 1920w\" sizes=\"auto, (max-width: 1024px) 100vw, 1024px\" \/><\/figure>\n\n\n\n<p>El caso de Pedro Castillo sigue en proceso, sin embargo, se comenta que podr\u00eda pasar 31 a\u00f1os en prisi\u00f3n, seg\u00fan la Fiscal\u00eda de Per\u00fa<\/p>\n\n\n\n<p>La Fiscal\u00eda de Per\u00fa considera que el expresidente<strong>&nbsp;Pedro Castillo puede ser condenado a m\u00e1s de 31 a\u00f1os de c\u00e1rcel por la presunta comisi\u00f3n de delitos de corrupci\u00f3n durante su Gobierno (2021-2022)<\/strong>, por los que solicit\u00f3 que se le impongan 36 meses de prisi\u00f3n preventiva.<\/p>\n\n\n\n<p>El rotativo se\u00f1al\u00f3 que accedi\u00f3 al requerimiento presentado el martes por el fiscal supremo<strong>&nbsp;Helder Ter\u00e1n, quien &#8220;proyect\u00f3&#8221; una pena de m\u00e1s de 31 a\u00f1os de c\u00e1rcel para Castillo<\/strong>, que actualmente cumple otra orden de prisi\u00f3n preventiva por 18 meses por intentar dar un golpe de Estado en diciembre pasado.<\/p>\n\n\n\n<p>Ter\u00e1n se\u00f1al\u00f3 que al exgobernante se le imputan los delitos de organizaci\u00f3n criminal, tr\u00e1fico de influencias agravado y colusi\u00f3n, y que\u00a0la condena total estimada es la suma de 18 a\u00f1os y 4 meses por el primer cargo, 6 a\u00f1os y 8 meses por el segundo y 6 a\u00f1os y 4 meses por el \u00faltimo, seg\u00fan detall\u00f3 el rotativo.<\/p>\n\n\n\n<p>En esta investigaci\u00f3n tambi\u00e9n se ha implicado a los exministros de Transportes y Vivienda,&nbsp;<strong>Juan Silva y Geiner Alvarado<\/strong>, respectivamente,<strong>&nbsp;para quienes tambi\u00e9n se ha solicitado la prisi\u00f3n preventiva.<\/strong>&nbsp;En el pedido fiscal, que ser\u00e1 evaluado este viernes por el juez supremo Juan Carlos Checkley, se acusa a Silva, quien est\u00e1 pr\u00f3fugo de la Justicia desde el a\u00f1o pasado, de organizaci\u00f3n criminal y colusi\u00f3n simple, mientras que Alvarado es se\u00f1alado como presunto autor del delito de organizaci\u00f3n criminal.<\/p>\n\n\n\n<p><strong>Castillo permanece en prisi\u00f3n desde el 7 de diciembre pasado,<\/strong>\u00a0cuando fue detenido por intentar dar un autogolpe de Estado y despu\u00e9s de que el 16 de diciembre la Justicia dictara una primera prisi\u00f3n preventiva en su contra, mientras lo investigan por los delitos de rebeli\u00f3n y conspiraci\u00f3n.<\/p>\n\n\n\n<p>El nuevo pedido fiscal de encarcelamiento preventivo se ha hecho por presuntamente encabezar una organizaci\u00f3n criminal durante su Gobierno dedicada a obtener dinero a cambio de licitaciones fraudulentas de obras p\u00fablicas. Esta investigaci\u00f3n del Ministerio P\u00fablico se oficializ\u00f3 despu\u00e9s de&nbsp;<strong>que el Congreso aprobara el 17 de febrero pasado el informe final de una denuncia constitucional contra el exmandatario, un paso necesario para retirar la inmunidad con la que contaba por su condici\u00f3n de ex jefe de Estado.<\/strong><\/p>\n\n\n\n<p>La denuncia presentada por&nbsp;<strong>la Fiscal\u00eda de la Naci\u00f3n&nbsp;<\/strong>que aprob\u00f3 el Legislativo recomend\u00f3 acusar a Castillo por la presunta comisi\u00f3n del delito contra la tranquilidad p\u00fablica, en la modalidad de organizaci\u00f3n criminal agravada por su presunta condici\u00f3n de l\u00edder.<strong>&nbsp;Tambi\u00e9n por el delito contra la administraci\u00f3n p\u00fablica<\/strong>, en la modalidad de tr\u00e1fico de influencias agravado, as\u00ed como presunto c\u00f3mplice del delito contra la administraci\u00f3n p\u00fablica en la modalidad de colusi\u00f3n.<\/p>\n\n\n\n<p><strong>El expediente responde a presuntas irregularidades encontradas en las obras del Puente Tarata II, en el norte\u00f1o departamento de San Mart\u00edn, y en otros supuestos casos de corrupci\u00f3n relacionados con la empresa p\u00fablica Petroper\u00fa y el Ministerio de Vivienda.&nbsp;<\/strong><\/p>\n","protected":false},"excerpt":{"rendered":"<p>El caso de Pedro Castillo sigue en proceso, sin embargo, se comenta que podr\u00eda pasar 31 a\u00f1os en prisi\u00f3n, seg\u00fan la Fiscal\u00eda de Per\u00fa La Fiscal\u00eda de Per\u00fa considera que el expresidente&nbsp;Pedro Castillo puede ser condenado a m\u00e1s de 31 a\u00f1os de c\u00e1rcel por la presunta comisi\u00f3n de delitos de corrupci\u00f3n durante su Gobierno (2021-2022), [&hellip;]<\/p>\n","protected":false},"author":1,"featured_media":978,"comment_status":"open","ping_status":"open","sticky":false,"template":"","format":"standard","meta":{"footnotes":""},"categories":[11],"tags":[],"class_list":["post-977","post","type-post","status-publish","format-standard","has-post-thumbnail","hentry","category-mundo"],"blog_post_layout_featured_media_urls":{"thumbnail":["https:\/\/elregionaldigital.info\/wp-content\/uploads\/2023\/03\/pedro-castillo-peru-150x150.webp",150,150,true],"full":["https:\/\/elregionaldigital.info\/wp-content\/uploads\/2023\/03\/pedro-castillo-peru.webp",1920,1280,false]},"categories_names":{"11":{"name":"Mundo","link":"https:\/\/elregionaldigital.info\/?cat=11"}},"tags_names":[],"comments_number":"0","wpmagazine_modules_lite_featured_media_urls":{"thumbnail":["https:\/\/elregionaldigital.info\/wp-content\/uploads\/2023\/03\/pedro-castillo-peru-150x150.webp",150,150,true],"cvmm-medium":["https:\/\/elregionaldigital.info\/wp-content\/uploads\/2023\/03\/pedro-castillo-peru-300x300.webp",300,300,true],"cvmm-medium-plus":["https:\/\/elregionaldigital.info\/wp-content\/uploads\/2023\/03\/pedro-castillo-peru-305x207.webp",305,207,true],"cvmm-portrait":["https:\/\/elregionaldigital.info\/wp-content\/uploads\/2023\/03\/pedro-castillo-peru-400x600.webp",400,600,true],"cvmm-medium-square":["https:\/\/elregionaldigital.info\/wp-content\/uploads\/2023\/03\/pedro-castillo-peru-600x600.webp",600,600,true],"cvmm-large":["https:\/\/elregionaldigital.info\/wp-content\/uploads\/2023\/03\/pedro-castillo-peru-1024x1024.webp",1024,1024,true],"cvmm-small":["https:\/\/elregionaldigital.info\/wp-content\/uploads\/2023\/03\/pedro-castillo-peru-130x95.webp",130,95,true],"full":["https:\/\/elregionaldigital.info\/wp-content\/uploads\/2023\/03\/pedro-castillo-peru.webp",1920,1280,false]},"_links":{"self":[{"href":"https:\/\/elregionaldigital.info\/index.php?rest_route=\/wp\/v2\/posts\/977","targetHints":{"allow":["GET"]}}],"collection":[{"href":"https:\/\/elregionaldigital.info\/index.php?rest_route=\/wp\/v2\/posts"}],"about":[{"href":"https:\/\/elregionaldigital.info\/index.php?rest_route=\/wp\/v2\/types\/post"}],"author":[{"embeddable":true,"href":"https:\/\/elregionaldigital.info\/index.php?rest_route=\/wp\/v2\/users\/1"}],"replies":[{"embeddable":true,"href":"https:\/\/elregionaldigital.info\/index.php?rest_route=%2Fwp%2Fv2%2Fcomments&post=977"}],"version-history":[{"count":1,"href":"https:\/\/elregionaldigital.info\/index.php?rest_route=\/wp\/v2\/posts\/977\/revisions"}],"predecessor-version":[{"id":979,"href":"https:\/\/elregionaldigital.info\/index.php?rest_route=\/wp\/v2\/posts\/977\/revisions\/979"}],"wp:featuredmedia":[{"embeddable":true,"href":"https:\/\/elregionaldigital.info\/index.php?rest_route=\/wp\/v2\/media\/978"}],"wp:attachment":[{"href":"https:\/\/elregionaldigital.info\/index.php?rest_route=%2Fwp%2Fv2%2Fmedia&parent=977"}],"wp:term":[{"taxonomy":"category","embeddable":true,"href":"https:\/\/elregionaldigital.info\/index.php?rest_route=%2Fwp%2Fv2%2Fcategories&post=977"},{"taxonomy":"post_tag","embeddable":true,"href":"https:\/\/elregionaldigital.info\/index.php?rest_route=%2Fwp%2Fv2%2Ftags&post=977"}],"curies":[{"name":"wp","href":"https:\/\/api.w.org\/{rel}","templated":true}]}}