{"id":974,"date":"2023-02-20T05:56:34","date_gmt":"2023-02-20T05:56:34","guid":{"rendered":"http:\/\/elregionaldigital.info\/?p=974"},"modified":"2023-02-28T06:00:06","modified_gmt":"2023-02-28T06:00:06","slug":"canelo-alvarez-peleara-en-jalisco","status":"publish","type":"post","link":"https:\/\/elregionaldigital.info\/?p=974","title":{"rendered":"Canelo \u00c1lvarez pelear\u00e1 en Jalisco"},"content":{"rendered":"\n<figure class=\"wp-block-image size-full\"><img loading=\"lazy\" decoding=\"async\" width=\"770\" height=\"485\" src=\"http:\/\/elregionaldigital.info\/wp-content\/uploads\/2023\/02\/063_1425347402_afp_crop1676924682270.jpg_1970638775.webp\" alt=\"\" class=\"wp-image-975\" srcset=\"https:\/\/elregionaldigital.info\/wp-content\/uploads\/2023\/02\/063_1425347402_afp_crop1676924682270.jpg_1970638775.webp 770w, https:\/\/elregionaldigital.info\/wp-content\/uploads\/2023\/02\/063_1425347402_afp_crop1676924682270.jpg_1970638775-300x189.webp 300w, https:\/\/elregionaldigital.info\/wp-content\/uploads\/2023\/02\/063_1425347402_afp_crop1676924682270.jpg_1970638775-768x484.webp 768w\" sizes=\"auto, (max-width: 770px) 100vw, 770px\" \/><\/figure>\n\n\n\n<p>El combate tendr\u00e1 como marco los 200 a\u00f1os del Estado como libre y soberano<\/p>\n\n\n\n<p>\u00a1Es oficial! Este lunes&nbsp;<strong>20 de febrero<\/strong>&nbsp;se dio a conocer que el boxeador mexicano<strong>&nbsp;Sa\u00fal &#8220;Canelo&#8221; \u00c1lvarez&nbsp;<\/strong>volver\u00e1 a casa para pelear en Jalisco.<\/p>\n\n\n\n<p>El combate tendr\u00e1 como marco los<strong>\u00a0200 a\u00f1os<\/strong>\u00a0del Estado como libre y soberano.<\/p>\n\n\n\n<p>\u201cCanelo\u201d \u00c1lvarez regresar\u00e1 a Jalisco para disputar su tradicional pelea durante mayo.\u00a0\u00c1lvarez, quien no pelea\u00a0<strong>en territorio nacional desde 2011<\/strong>\u00a0cuando se midi\u00f3 a\u00a0<strong>Kermit Cintron<\/strong>\u00a0en la<strong>\u00a0Plaza de Toros M\u00e9xico<\/strong>, volver\u00e1 a subir al encordado dentro de esta entidad\u00a0<strong>para unirse a los festejos por los 200 a\u00f1os de Jalisco como Estado libre y soberano.<\/strong><\/p>\n\n\n\n<p>La fecha exacta, el lugar y el rival&nbsp;<strong>a\u00fan est\u00e1n por definirse<\/strong>, pero a falta de que todo esto se d\u00e9 a conocer, el pugilista dio su palabra para regresar a la tierra que lo vio nacer.&nbsp;<\/p>\n\n\n\n<p>\u201cEstoy listo para regresar a mi casa y defender mis t\u00edtulos en el lugar donde nac\u00ed y donde inici\u00f3 mi historia, con la gente que siempre me ha apoyado. En mayo de este a\u00f1o voy a pelear por Jalisco y celebrar contigo la grandeza de nuestra tierra\u201d, coment\u00f3 el pugilista en un video difundido por el Gobierno del Estado.<\/p>\n\n\n\n<p>A falta de que se haga oficial el lugar en donde podr\u00eda ser la pelea, escenarios como el<strong>&nbsp;Estadio Jalisco&nbsp;<\/strong>o el&nbsp;<strong>Estadio AKRON<\/strong>&nbsp;aparecen como posibles sedes, esto adem\u00e1s de que&nbsp;<strong>John Ryder<\/strong>&nbsp;se perfila como el posible rival del tapat\u00edo.<\/p>\n\n\n\n<p>Hace algunas semanas la&nbsp;<strong>Ciudad de M\u00e9xico<\/strong>&nbsp;aparec\u00eda como otra de las opciones viables para \u201cCanelo\u201d en su regreso a nuestro pa\u00eds, pero a final de cuentas ser\u00e1 Jalisco la entidad en donde \u00c1lvarez dispute su&nbsp;<strong>pelea n\u00famero 63&nbsp;<\/strong>como profesional<\/p>\n","protected":false},"excerpt":{"rendered":"<p>El combate tendr\u00e1 como marco los 200 a\u00f1os del Estado como libre y soberano \u00a1Es oficial! Este lunes&nbsp;20 de febrero&nbsp;se dio a conocer que el boxeador mexicano&nbsp;Sa\u00fal &#8220;Canelo&#8221; \u00c1lvarez&nbsp;volver\u00e1 a casa para pelear en Jalisco. El combate tendr\u00e1 como marco los\u00a0200 a\u00f1os\u00a0del Estado como libre y soberano. \u201cCanelo\u201d \u00c1lvarez regresar\u00e1 a Jalisco para disputar su [&hellip;]<\/p>\n","protected":false},"author":1,"featured_media":975,"comment_status":"open","ping_status":"open","sticky":false,"template":"","format":"standard","meta":{"footnotes":""},"categories":[6],"tags":[],"class_list":["post-974","post","type-post","status-publish","format-standard","has-post-thumbnail","hentry","category-deportes"],"blog_post_layout_featured_media_urls":{"thumbnail":["https:\/\/elregionaldigital.info\/wp-content\/uploads\/2023\/02\/063_1425347402_afp_crop1676924682270.jpg_1970638775-150x150.webp",150,150,true],"full":["https:\/\/elregionaldigital.info\/wp-content\/uploads\/2023\/02\/063_1425347402_afp_crop1676924682270.jpg_1970638775.webp",770,485,false]},"categories_names":{"6":{"name":"Deportes","link":"https:\/\/elregionaldigital.info\/?cat=6"}},"tags_names":[],"comments_number":"0","wpmagazine_modules_lite_featured_media_urls":{"thumbnail":["https:\/\/elregionaldigital.info\/wp-content\/uploads\/2023\/02\/063_1425347402_afp_crop1676924682270.jpg_1970638775-150x150.webp",150,150,true],"cvmm-medium":["https:\/\/elregionaldigital.info\/wp-content\/uploads\/2023\/02\/063_1425347402_afp_crop1676924682270.jpg_1970638775-300x300.webp",300,300,true],"cvmm-medium-plus":["https:\/\/elregionaldigital.info\/wp-content\/uploads\/2023\/02\/063_1425347402_afp_crop1676924682270.jpg_1970638775-305x207.webp",305,207,true],"cvmm-portrait":["https:\/\/elregionaldigital.info\/wp-content\/uploads\/2023\/02\/063_1425347402_afp_crop1676924682270.jpg_1970638775-400x485.webp",400,485,true],"cvmm-medium-square":["https:\/\/elregionaldigital.info\/wp-content\/uploads\/2023\/02\/063_1425347402_afp_crop1676924682270.jpg_1970638775-600x485.webp",600,485,true],"cvmm-large":["https:\/\/elregionaldigital.info\/wp-content\/uploads\/2023\/02\/063_1425347402_afp_crop1676924682270.jpg_1970638775.webp",770,485,false],"cvmm-small":["https:\/\/elregionaldigital.info\/wp-content\/uploads\/2023\/02\/063_1425347402_afp_crop1676924682270.jpg_1970638775-130x95.webp",130,95,true],"full":["https:\/\/elregionaldigital.info\/wp-content\/uploads\/2023\/02\/063_1425347402_afp_crop1676924682270.jpg_1970638775.webp",770,485,false]},"_links":{"self":[{"href":"https:\/\/elregionaldigital.info\/index.php?rest_route=\/wp\/v2\/posts\/974","targetHints":{"allow":["GET"]}}],"collection":[{"href":"https:\/\/elregionaldigital.info\/index.php?rest_route=\/wp\/v2\/posts"}],"about":[{"href":"https:\/\/elregionaldigital.info\/index.php?rest_route=\/wp\/v2\/types\/post"}],"author":[{"embeddable":true,"href":"https:\/\/elregionaldigital.info\/index.php?rest_route=\/wp\/v2\/users\/1"}],"replies":[{"embeddable":true,"href":"https:\/\/elregionaldigital.info\/index.php?rest_route=%2Fwp%2Fv2%2Fcomments&post=974"}],"version-history":[{"count":1,"href":"https:\/\/elregionaldigital.info\/index.php?rest_route=\/wp\/v2\/posts\/974\/revisions"}],"predecessor-version":[{"id":976,"href":"https:\/\/elregionaldigital.info\/index.php?rest_route=\/wp\/v2\/posts\/974\/revisions\/976"}],"wp:featuredmedia":[{"embeddable":true,"href":"https:\/\/elregionaldigital.info\/index.php?rest_route=\/wp\/v2\/media\/975"}],"wp:attachment":[{"href":"https:\/\/elregionaldigital.info\/index.php?rest_route=%2Fwp%2Fv2%2Fmedia&parent=974"}],"wp:term":[{"taxonomy":"category","embeddable":true,"href":"https:\/\/elregionaldigital.info\/index.php?rest_route=%2Fwp%2Fv2%2Fcategories&post=974"},{"taxonomy":"post_tag","embeddable":true,"href":"https:\/\/elregionaldigital.info\/index.php?rest_route=%2Fwp%2Fv2%2Ftags&post=974"}],"curies":[{"name":"wp","href":"https:\/\/api.w.org\/{rel}","templated":true}]}}