{"id":967,"date":"2023-02-28T05:46:23","date_gmt":"2023-02-28T05:46:23","guid":{"rendered":"http:\/\/elregionaldigital.info\/?p=967"},"modified":"2023-02-28T05:46:24","modified_gmt":"2023-02-28T05:46:24","slug":"lionel-scaloni-renueva-contrato-con-la-seleccion-argentina-de-futbol","status":"publish","type":"post","link":"https:\/\/elregionaldigital.info\/?p=967","title":{"rendered":"Lionel Scaloni renueva contrato con la selecci\u00f3n argentina de futbol"},"content":{"rendered":"\n<figure class=\"wp-block-image size-large\"><img loading=\"lazy\" decoding=\"async\" width=\"1024\" height=\"682\" src=\"http:\/\/elregionaldigital.info\/wp-content\/uploads\/2023\/02\/image_large-3-1-1024x682.jpg\" alt=\"\" class=\"wp-image-969\" srcset=\"https:\/\/elregionaldigital.info\/wp-content\/uploads\/2023\/02\/image_large-3-1-1024x682.jpg 1024w, https:\/\/elregionaldigital.info\/wp-content\/uploads\/2023\/02\/image_large-3-1-300x200.jpg 300w, https:\/\/elregionaldigital.info\/wp-content\/uploads\/2023\/02\/image_large-3-1-768x512.jpg 768w, https:\/\/elregionaldigital.info\/wp-content\/uploads\/2023\/02\/image_large-3-1.jpg 1117w\" sizes=\"auto, (max-width: 1024px) 100vw, 1024px\" \/><\/figure>\n\n\n\n<p><em>Buenos Aires.<\/em>\u00a0La Asociaci\u00f3n del F\u00fatbol Argentino (AFA) anunci\u00f3 el martes que Lionel Scaloni continuar\u00e1 en el cargo de entrenador del seleccionado hasta 2026, luego de algunas dudas que surgieron tras ganar en diciembre el Mundial de Qatar.<\/p>\n\n\n\n<p>&#8220;Confirmado: hay Scaloni para rato. \u00a1Seguimos!&#8221;, dijo la federaci\u00f3n en su cuenta oficial de Twitter, junto con la imagen del t\u00e9cnico y el n\u00famero &#8220;2026&#8221; por la duraci\u00f3n del nuevo contrato.<\/p>\n\n\n\n<p>Scaloni, de 44 a\u00f1os, asumi\u00f3 de forma provisional al frente del seleccionado en 2018, poco despu\u00e9s fue confirmado en el puesto y desde entonces gan\u00f3 la Copa Am\u00e9rica en 2021 y la Final\u00edssima ante Italia y el t\u00edtulo mundial en 2022.<\/p>\n\n\n\n<p>Dos meses antes de la competencia en Qatar, la federaci\u00f3n argentina indic\u00f3 que hab\u00eda &#8220;arreglado la continuidad&#8221; hasta el Mundial de 2026, pero el entrenador evit\u00f3 confirmar su continuidad luego de ganarle la final a Francia.<\/p>\n\n\n\n<p>El nuevo acuerdo se llev\u00f3 a cabo en Francia, donde el presidente de la federaci\u00f3n Claudio Tapia y Scaloni se encontraron por la entrega de los premios The Best organizados por la FIFA, seg\u00fan reportes de la prensa argentina.<\/p>\n","protected":false},"excerpt":{"rendered":"<p>Buenos Aires.\u00a0La Asociaci\u00f3n del F\u00fatbol Argentino (AFA) anunci\u00f3 el martes que Lionel Scaloni continuar\u00e1 en el cargo de entrenador del seleccionado hasta 2026, luego de algunas dudas que surgieron tras ganar en diciembre el Mundial de Qatar. &#8220;Confirmado: hay Scaloni para rato. \u00a1Seguimos!&#8221;, dijo la federaci\u00f3n en su cuenta oficial de Twitter, junto con la [&hellip;]<\/p>\n","protected":false},"author":1,"featured_media":968,"comment_status":"open","ping_status":"open","sticky":false,"template":"","format":"standard","meta":{"footnotes":""},"categories":[6],"tags":[],"class_list":["post-967","post","type-post","status-publish","format-standard","has-post-thumbnail","hentry","category-deportes"],"blog_post_layout_featured_media_urls":{"thumbnail":["https:\/\/elregionaldigital.info\/wp-content\/uploads\/2023\/02\/image_large-3-150x150.jpg",150,150,true],"full":["https:\/\/elregionaldigital.info\/wp-content\/uploads\/2023\/02\/image_large-3.jpg",1117,744,false]},"categories_names":{"6":{"name":"Deportes","link":"https:\/\/elregionaldigital.info\/?cat=6"}},"tags_names":[],"comments_number":"0","wpmagazine_modules_lite_featured_media_urls":{"thumbnail":["https:\/\/elregionaldigital.info\/wp-content\/uploads\/2023\/02\/image_large-3-150x150.jpg",150,150,true],"cvmm-medium":["https:\/\/elregionaldigital.info\/wp-content\/uploads\/2023\/02\/image_large-3-300x300.jpg",300,300,true],"cvmm-medium-plus":["https:\/\/elregionaldigital.info\/wp-content\/uploads\/2023\/02\/image_large-3-305x207.jpg",305,207,true],"cvmm-portrait":["https:\/\/elregionaldigital.info\/wp-content\/uploads\/2023\/02\/image_large-3-400x600.jpg",400,600,true],"cvmm-medium-square":["https:\/\/elregionaldigital.info\/wp-content\/uploads\/2023\/02\/image_large-3-600x600.jpg",600,600,true],"cvmm-large":["https:\/\/elregionaldigital.info\/wp-content\/uploads\/2023\/02\/image_large-3-1024x744.jpg",1024,744,true],"cvmm-small":["https:\/\/elregionaldigital.info\/wp-content\/uploads\/2023\/02\/image_large-3-130x95.jpg",130,95,true],"full":["https:\/\/elregionaldigital.info\/wp-content\/uploads\/2023\/02\/image_large-3.jpg",1117,744,false]},"_links":{"self":[{"href":"https:\/\/elregionaldigital.info\/index.php?rest_route=\/wp\/v2\/posts\/967","targetHints":{"allow":["GET"]}}],"collection":[{"href":"https:\/\/elregionaldigital.info\/index.php?rest_route=\/wp\/v2\/posts"}],"about":[{"href":"https:\/\/elregionaldigital.info\/index.php?rest_route=\/wp\/v2\/types\/post"}],"author":[{"embeddable":true,"href":"https:\/\/elregionaldigital.info\/index.php?rest_route=\/wp\/v2\/users\/1"}],"replies":[{"embeddable":true,"href":"https:\/\/elregionaldigital.info\/index.php?rest_route=%2Fwp%2Fv2%2Fcomments&post=967"}],"version-history":[{"count":1,"href":"https:\/\/elregionaldigital.info\/index.php?rest_route=\/wp\/v2\/posts\/967\/revisions"}],"predecessor-version":[{"id":970,"href":"https:\/\/elregionaldigital.info\/index.php?rest_route=\/wp\/v2\/posts\/967\/revisions\/970"}],"wp:featuredmedia":[{"embeddable":true,"href":"https:\/\/elregionaldigital.info\/index.php?rest_route=\/wp\/v2\/media\/968"}],"wp:attachment":[{"href":"https:\/\/elregionaldigital.info\/index.php?rest_route=%2Fwp%2Fv2%2Fmedia&parent=967"}],"wp:term":[{"taxonomy":"category","embeddable":true,"href":"https:\/\/elregionaldigital.info\/index.php?rest_route=%2Fwp%2Fv2%2Fcategories&post=967"},{"taxonomy":"post_tag","embeddable":true,"href":"https:\/\/elregionaldigital.info\/index.php?rest_route=%2Fwp%2Fv2%2Ftags&post=967"}],"curies":[{"name":"wp","href":"https:\/\/api.w.org\/{rel}","templated":true}]}}