{"id":964,"date":"2023-02-26T05:24:18","date_gmt":"2023-02-26T05:24:18","guid":{"rendered":"http:\/\/elregionaldigital.info\/?p=964"},"modified":"2023-02-28T05:26:56","modified_gmt":"2023-02-28T05:26:56","slug":"suman-esfuerzos-gobierno-congreso-y-la-uat-para-fortalecer-los-derechos-de-los-universitarios","status":"publish","type":"post","link":"https:\/\/elregionaldigital.info\/?p=964","title":{"rendered":"Suman esfuerzos Gobierno, Congreso y la UAT para fortalecer los derechos de los universitarios"},"content":{"rendered":"\n<p><\/p>\n\n\n\n<figure class=\"wp-block-image size-large\"><img loading=\"lazy\" decoding=\"async\" width=\"1024\" height=\"683\" src=\"http:\/\/elregionaldigital.info\/wp-content\/uploads\/2023\/02\/derechos-1024x683.jpg\" alt=\"\" class=\"wp-image-965\" srcset=\"https:\/\/elregionaldigital.info\/wp-content\/uploads\/2023\/02\/derechos-1024x683.jpg 1024w, https:\/\/elregionaldigital.info\/wp-content\/uploads\/2023\/02\/derechos-300x200.jpg 300w, https:\/\/elregionaldigital.info\/wp-content\/uploads\/2023\/02\/derechos-768x512.jpg 768w, https:\/\/elregionaldigital.info\/wp-content\/uploads\/2023\/02\/derechos-1536x1024.jpg 1536w, https:\/\/elregionaldigital.info\/wp-content\/uploads\/2023\/02\/derechos-2048x1365.jpg 2048w\" sizes=\"auto, (max-width: 1024px) 100vw, 1024px\" \/><\/figure>\n\n\n\n<p>Ciudad Victoria, Tam.; 26 de febrero de 2023.<br>Suman esfuerzos Gobierno, Congreso y la UAT para fortalecer los<\/p>\n\n\n\n<p>derechos de los universitarios<\/p>\n\n\n\n<p>\u00b7 Se emite decreto que modifica la Ley Constitutiva de la m\u00e1xima casa de estudios<br>de Tamaulipas.<br>La creaci\u00f3n de la Defensor\u00eda de los Derechos de los Universitarios es<br>una suma de esfuerzos en la que coinciden la visi\u00f3n humanista del<br>gobernador Am\u00e9rico Villarreal Anaya, el trabajo de la 65 Legislatura del<br>Congreso del Estado y la pol\u00edtica institucional del rector de la UAT, C. P.<br>Guillermo Mendoza Cavazos.<br>En ese contexto, fue emitido el decreto mediante el cual se crea la<br>Defensor\u00eda, un \u00f3rgano que protege y defiende los derechos de los<br>universitarios, estableci\u00e9ndose en el avance a los proyectos que buscan<br>la transformaci\u00f3n de las instituciones en beneficio de la poblaci\u00f3n<br>tamaulipeca.<br>Al informar al respecto, el Dr. Eduardo Arvizu S\u00e1nchez, secretario<br>general de la UAT, destac\u00f3 que el Peri\u00f3dico Oficial del Estado, en su<br>edici\u00f3n del 15 de febrero de 2023, public\u00f3 el decreto, mediante el cual se<br>adicionan los p\u00e1rrafos tercero y cuarto al art\u00edculo tercero de la Ley<br>Constitutiva de la UAT, quedando de la siguiente manera:<\/p>\n\n\n\n<p>\u201cLa Universidad Aut\u00f3noma de Tamaulipas contar\u00e1 con la Defensor\u00eda de<br>los Derechos de los Universitarios como \u00f3rgano aut\u00f3nomo,<br>independiente y de gesti\u00f3n para decidir sobre su funcionamiento y<br>resoluciones, encargado de la promoci\u00f3n, defensa y garant\u00eda de los<br>derechos de las y los universitarios; debi\u00e9ndose regir bajo los principios<br>de independencia, buena fe, objetividad, imparcialidad, legalidad, debida<br>diligencia, confidencialidad, eficiencia, perspectiva de g\u00e9nero y de<br>derechos humanos\u201d.<br>Se a\u00f1adi\u00f3 tambi\u00e9n que: \u201cLa persona titular de la Defensor\u00eda deber\u00e1<br>poseer t\u00edtulo profesional de Licenciado en Derecho y acreditar<br>conocimientos en materia de derechos humanos y perspectiva de<br>g\u00e9nero; durar\u00e1 en su encargo cuatro a\u00f1os, pudiendo ser designada por<br>un per\u00edodo adicional, su naturaleza, atribuciones espec\u00edficas y<br>obligaciones se establecer\u00e1n en el Estatuto Org\u00e1nico de la UAT y en sus<br>respectivos reglamentos\u201d.<br>Cabe destacar que, la gesti\u00f3n del rector ha instrumentado el<br>funcionamiento de la Defensor\u00eda de los Derechos de los Universitarios y<br>la creaci\u00f3n de su reglamento, de acuerdo con lo establecido por las<br>disposiciones legales que han sido asentadas en la Ley Constitutiva de<br>esta casa de estudios.<\/p>\n","protected":false},"excerpt":{"rendered":"<p>Ciudad Victoria, Tam.; 26 de febrero de 2023.Suman esfuerzos Gobierno, Congreso y la UAT para fortalecer los derechos de los universitarios \u00b7 Se emite decreto que modifica la Ley Constitutiva de la m\u00e1xima casa de estudiosde Tamaulipas.La creaci\u00f3n de la Defensor\u00eda de los Derechos de los Universitarios esuna suma de esfuerzos en la que coinciden [&hellip;]<\/p>\n","protected":false},"author":1,"featured_media":965,"comment_status":"open","ping_status":"open","sticky":false,"template":"","format":"standard","meta":{"footnotes":""},"categories":[2,4],"tags":[],"class_list":["post-964","post","type-post","status-publish","format-standard","has-post-thumbnail","hentry","category-tamaulipas","category-universidades"],"blog_post_layout_featured_media_urls":{"thumbnail":["https:\/\/elregionaldigital.info\/wp-content\/uploads\/2023\/02\/derechos-150x150.jpg",150,150,true],"full":["https:\/\/elregionaldigital.info\/wp-content\/uploads\/2023\/02\/derechos-scaled.jpg",2560,1707,false]},"categories_names":{"2":{"name":"Tamaulipas","link":"https:\/\/elregionaldigital.info\/?cat=2"},"4":{"name":"Universidades","link":"https:\/\/elregionaldigital.info\/?cat=4"}},"tags_names":[],"comments_number":"0","wpmagazine_modules_lite_featured_media_urls":{"thumbnail":["https:\/\/elregionaldigital.info\/wp-content\/uploads\/2023\/02\/derechos-150x150.jpg",150,150,true],"cvmm-medium":["https:\/\/elregionaldigital.info\/wp-content\/uploads\/2023\/02\/derechos-300x300.jpg",300,300,true],"cvmm-medium-plus":["https:\/\/elregionaldigital.info\/wp-content\/uploads\/2023\/02\/derechos-305x207.jpg",305,207,true],"cvmm-portrait":["https:\/\/elregionaldigital.info\/wp-content\/uploads\/2023\/02\/derechos-400x600.jpg",400,600,true],"cvmm-medium-square":["https:\/\/elregionaldigital.info\/wp-content\/uploads\/2023\/02\/derechos-600x600.jpg",600,600,true],"cvmm-large":["https:\/\/elregionaldigital.info\/wp-content\/uploads\/2023\/02\/derechos-1024x1024.jpg",1024,1024,true],"cvmm-small":["https:\/\/elregionaldigital.info\/wp-content\/uploads\/2023\/02\/derechos-130x95.jpg",130,95,true],"full":["https:\/\/elregionaldigital.info\/wp-content\/uploads\/2023\/02\/derechos-scaled.jpg",2560,1707,false]},"_links":{"self":[{"href":"https:\/\/elregionaldigital.info\/index.php?rest_route=\/wp\/v2\/posts\/964","targetHints":{"allow":["GET"]}}],"collection":[{"href":"https:\/\/elregionaldigital.info\/index.php?rest_route=\/wp\/v2\/posts"}],"about":[{"href":"https:\/\/elregionaldigital.info\/index.php?rest_route=\/wp\/v2\/types\/post"}],"author":[{"embeddable":true,"href":"https:\/\/elregionaldigital.info\/index.php?rest_route=\/wp\/v2\/users\/1"}],"replies":[{"embeddable":true,"href":"https:\/\/elregionaldigital.info\/index.php?rest_route=%2Fwp%2Fv2%2Fcomments&post=964"}],"version-history":[{"count":1,"href":"https:\/\/elregionaldigital.info\/index.php?rest_route=\/wp\/v2\/posts\/964\/revisions"}],"predecessor-version":[{"id":966,"href":"https:\/\/elregionaldigital.info\/index.php?rest_route=\/wp\/v2\/posts\/964\/revisions\/966"}],"wp:featuredmedia":[{"embeddable":true,"href":"https:\/\/elregionaldigital.info\/index.php?rest_route=\/wp\/v2\/media\/965"}],"wp:attachment":[{"href":"https:\/\/elregionaldigital.info\/index.php?rest_route=%2Fwp%2Fv2%2Fmedia&parent=964"}],"wp:term":[{"taxonomy":"category","embeddable":true,"href":"https:\/\/elregionaldigital.info\/index.php?rest_route=%2Fwp%2Fv2%2Fcategories&post=964"},{"taxonomy":"post_tag","embeddable":true,"href":"https:\/\/elregionaldigital.info\/index.php?rest_route=%2Fwp%2Fv2%2Ftags&post=964"}],"curies":[{"name":"wp","href":"https:\/\/api.w.org\/{rel}","templated":true}]}}