{"id":958,"date":"2023-02-16T05:18:44","date_gmt":"2023-02-16T05:18:44","guid":{"rendered":"http:\/\/elregionaldigital.info\/?p=958"},"modified":"2023-02-28T05:21:10","modified_gmt":"2023-02-28T05:21:10","slug":"rector-de-la-uat-inaugura-conversatorio-sobre-mujeres-en-la-ciencia","status":"publish","type":"post","link":"https:\/\/elregionaldigital.info\/?p=958","title":{"rendered":"Rector de la UAT inaugura conversatorio sobre mujeres en la ciencia"},"content":{"rendered":"\n<p><\/p>\n\n\n\n<figure class=\"wp-block-image size-large\"><img loading=\"lazy\" decoding=\"async\" width=\"1024\" height=\"683\" src=\"http:\/\/elregionaldigital.info\/wp-content\/uploads\/2023\/02\/foto-1-conversatorio-16-02-2023-1024x683.jpg\" alt=\"\" class=\"wp-image-959\" srcset=\"https:\/\/elregionaldigital.info\/wp-content\/uploads\/2023\/02\/foto-1-conversatorio-16-02-2023-1024x683.jpg 1024w, https:\/\/elregionaldigital.info\/wp-content\/uploads\/2023\/02\/foto-1-conversatorio-16-02-2023-300x200.jpg 300w, https:\/\/elregionaldigital.info\/wp-content\/uploads\/2023\/02\/foto-1-conversatorio-16-02-2023-768x512.jpg 768w, https:\/\/elregionaldigital.info\/wp-content\/uploads\/2023\/02\/foto-1-conversatorio-16-02-2023-1536x1024.jpg 1536w, https:\/\/elregionaldigital.info\/wp-content\/uploads\/2023\/02\/foto-1-conversatorio-16-02-2023-2048x1365.jpg 2048w\" sizes=\"auto, (max-width: 1024px) 100vw, 1024px\" \/><\/figure>\n\n\n\n<p>Tampico, Tam.; 16 de febrero de 2023.<br>Rector de la UAT inaugura conversatorio sobre mujeres en la<\/p>\n\n\n\n<p>ciencia<\/p>\n\n\n\n<p>El C. P. Guillermo Mendoza Cavazos, rector de la Universidad Aut\u00f3noma de<br>Tamaulipas (UAT), inaugur\u00f3 en el Centro Universitario Sur el conversatorio<br>\u201cMujeres y ciencia: desaf\u00edos y posibilidades\u201d, que organiz\u00f3 la Facultad de<br>Ingenier\u00eda Tampico (FIT) en el marco del D\u00eda Internacional de la Mujer y la Ni\u00f1a en<br>la Ciencia.<br>El evento se desarroll\u00f3 en el Edificio Experimental de la FIT, con la<br>participaci\u00f3n de un grupo de profesoras universitarias, l\u00edderes de proyectos de<br>investigaci\u00f3n, pertenecientes a diferentes dependencias acad\u00e9micas de la UAT en<br>la zona sur.<br>Al poner en marcha las actividades acompa\u00f1ado por el Dr. Roberto<br>Pichardo Ram\u00edrez, director de la FIT; el rector Guillermo Mendoza Cavazos felicit\u00f3<br>a las docentes por la organizaci\u00f3n del conversatorio, y destac\u00f3 que este tipo de<br>encuentros permiten compartir el conocimiento que generan las investigadoras,<br>adem\u00e1s de experiencias profesionales y de vida que pueden incidir positivamente<br>en las generaciones m\u00e1s j\u00f3venes.<br>A\u00f1adi\u00f3 que para la UAT es importante seguir impulsando este tipo de foros<br>a fin de que las j\u00f3venes puedan aprender de diferentes disciplinas e interesarse en<br>los proyectos cient\u00edficos.<br>Por su parte, la Dra. Elda Margarita Hern\u00e1ndez Rej\u00f3n, investigadora de la<br>FIT y moderadora del conversatorio, explic\u00f3 que el evento se realiza con la<br>finalidad de visibilizar el trabajo de las investigadoras, as\u00ed como de inspirar a las<br>j\u00f3venes estudiantes a desarrollar una carrera en la academia y en la ciencia.<\/p>\n\n\n\n<p>Dijo que el foro es parte del programa denominado \u201cCientiFIcas&#8221;, cuyo<br>objetivo es fomentar espacios de discusi\u00f3n e intercambio de conocimientos entre<br>las investigadoras de diversas disciplinas, adem\u00e1s de promover la formaci\u00f3n<br>cient\u00edfica entre las estudiantes, en particular en las ciencias exactas, as\u00ed como su<br>participaci\u00f3n en proyectos de investigaci\u00f3n centrados en la innovaci\u00f3n, tecnolog\u00eda<br>y perspectiva de g\u00e9nero.<br>En ese contexto, se present\u00f3 el proyecto \u201cCharlas y conversatorios<br>itinerantes. Las mujeres en la ciencia\u201d, que inici\u00f3 con la participaron de la Dra.<br>Gina Villalobos Escobar, de la Facultad de Ingenier\u00eda Tampico; la Dra. Mar\u00eda<br>Eugenia Calvillo Villica\u00f1a, de la Facultad de Arquitectura, Dise\u00f1o y Urbanismo; la<br>Dra. Ana X\u00f3chitl Barrios del \u00c1ngel, de la Facultad de Comercio y Administraci\u00f3n<br>Tampico; la Dra. Consuelo Lemus Pool, de la Facultad de Derecho y Ciencias<br>Sociales; la Dra. Lidia Guadalupe Compe\u00e1n Ortiz, de la Facultad de Enfermer\u00eda<br>Tampico; la Dra. Mar\u00eda Elena Calles Santoyo, de la Facultad de Medicina<br>Tampico; y la Dra. Amaranta Arcadia Castillo G\u00f3mez, de la Facultad de M\u00fasica y<br>Artes.<br>Cabe destacar que, durante su visita a la Facultad de Ingenier\u00eda, el rector<br>Guillermo Mendoza Cavazos presidi\u00f3 entre otras actividades, la presentaci\u00f3n del<br>Centro de Estudios Territoriales y del H\u00e1bitat; y una reuni\u00f3n para dar a conocer<br>planes, proyectos y actividades que realizar\u00e1n la comunidad estudiantil y<br>coordinadores del Centro de Atenci\u00f3n y Servicios a Alumnos de este plantel<br>universitario del campus Tampico.<\/p>\n","protected":false},"excerpt":{"rendered":"<p>Tampico, Tam.; 16 de febrero de 2023.Rector de la UAT inaugura conversatorio sobre mujeres en la ciencia El C. P. Guillermo Mendoza Cavazos, rector de la Universidad Aut\u00f3noma deTamaulipas (UAT), inaugur\u00f3 en el Centro Universitario Sur el conversatorio\u201cMujeres y ciencia: desaf\u00edos y posibilidades\u201d, que organiz\u00f3 la Facultad deIngenier\u00eda Tampico (FIT) en el marco del D\u00eda [&hellip;]<\/p>\n","protected":false},"author":1,"featured_media":959,"comment_status":"open","ping_status":"open","sticky":false,"template":"","format":"standard","meta":{"footnotes":""},"categories":[4],"tags":[],"class_list":["post-958","post","type-post","status-publish","format-standard","has-post-thumbnail","hentry","category-universidades"],"blog_post_layout_featured_media_urls":{"thumbnail":["https:\/\/elregionaldigital.info\/wp-content\/uploads\/2023\/02\/foto-1-conversatorio-16-02-2023-150x150.jpg",150,150,true],"full":["https:\/\/elregionaldigital.info\/wp-content\/uploads\/2023\/02\/foto-1-conversatorio-16-02-2023-scaled.jpg",2560,1707,false]},"categories_names":{"4":{"name":"Universidades","link":"https:\/\/elregionaldigital.info\/?cat=4"}},"tags_names":[],"comments_number":"0","wpmagazine_modules_lite_featured_media_urls":{"thumbnail":["https:\/\/elregionaldigital.info\/wp-content\/uploads\/2023\/02\/foto-1-conversatorio-16-02-2023-150x150.jpg",150,150,true],"cvmm-medium":["https:\/\/elregionaldigital.info\/wp-content\/uploads\/2023\/02\/foto-1-conversatorio-16-02-2023-300x300.jpg",300,300,true],"cvmm-medium-plus":["https:\/\/elregionaldigital.info\/wp-content\/uploads\/2023\/02\/foto-1-conversatorio-16-02-2023-305x207.jpg",305,207,true],"cvmm-portrait":["https:\/\/elregionaldigital.info\/wp-content\/uploads\/2023\/02\/foto-1-conversatorio-16-02-2023-400x600.jpg",400,600,true],"cvmm-medium-square":["https:\/\/elregionaldigital.info\/wp-content\/uploads\/2023\/02\/foto-1-conversatorio-16-02-2023-600x600.jpg",600,600,true],"cvmm-large":["https:\/\/elregionaldigital.info\/wp-content\/uploads\/2023\/02\/foto-1-conversatorio-16-02-2023-1024x1024.jpg",1024,1024,true],"cvmm-small":["https:\/\/elregionaldigital.info\/wp-content\/uploads\/2023\/02\/foto-1-conversatorio-16-02-2023-130x95.jpg",130,95,true],"full":["https:\/\/elregionaldigital.info\/wp-content\/uploads\/2023\/02\/foto-1-conversatorio-16-02-2023-scaled.jpg",2560,1707,false]},"_links":{"self":[{"href":"https:\/\/elregionaldigital.info\/index.php?rest_route=\/wp\/v2\/posts\/958","targetHints":{"allow":["GET"]}}],"collection":[{"href":"https:\/\/elregionaldigital.info\/index.php?rest_route=\/wp\/v2\/posts"}],"about":[{"href":"https:\/\/elregionaldigital.info\/index.php?rest_route=\/wp\/v2\/types\/post"}],"author":[{"embeddable":true,"href":"https:\/\/elregionaldigital.info\/index.php?rest_route=\/wp\/v2\/users\/1"}],"replies":[{"embeddable":true,"href":"https:\/\/elregionaldigital.info\/index.php?rest_route=%2Fwp%2Fv2%2Fcomments&post=958"}],"version-history":[{"count":1,"href":"https:\/\/elregionaldigital.info\/index.php?rest_route=\/wp\/v2\/posts\/958\/revisions"}],"predecessor-version":[{"id":960,"href":"https:\/\/elregionaldigital.info\/index.php?rest_route=\/wp\/v2\/posts\/958\/revisions\/960"}],"wp:featuredmedia":[{"embeddable":true,"href":"https:\/\/elregionaldigital.info\/index.php?rest_route=\/wp\/v2\/media\/959"}],"wp:attachment":[{"href":"https:\/\/elregionaldigital.info\/index.php?rest_route=%2Fwp%2Fv2%2Fmedia&parent=958"}],"wp:term":[{"taxonomy":"category","embeddable":true,"href":"https:\/\/elregionaldigital.info\/index.php?rest_route=%2Fwp%2Fv2%2Fcategories&post=958"},{"taxonomy":"post_tag","embeddable":true,"href":"https:\/\/elregionaldigital.info\/index.php?rest_route=%2Fwp%2Fv2%2Ftags&post=958"}],"curies":[{"name":"wp","href":"https:\/\/api.w.org\/{rel}","templated":true}]}}