{"id":952,"date":"2023-02-12T05:01:24","date_gmt":"2023-02-12T05:01:24","guid":{"rendered":"http:\/\/elregionaldigital.info\/?p=952"},"modified":"2023-02-28T05:14:27","modified_gmt":"2023-02-28T05:14:27","slug":"difunde-uat-protocolo-de-atencion-a-la-violencia-de-genero","status":"publish","type":"post","link":"https:\/\/elregionaldigital.info\/?p=952","title":{"rendered":"Difunde UAT protocolo de atenci\u00f3n a la violencia de g\u00e9nero"},"content":{"rendered":"\n<figure class=\"wp-block-image size-large\"><img loading=\"lazy\" decoding=\"async\" width=\"1024\" height=\"683\" src=\"http:\/\/elregionaldigital.info\/wp-content\/uploads\/2023\/02\/foto-1-violencia-de-genero-12-02-2023-1024x683.jpg\" alt=\"\" class=\"wp-image-953\" srcset=\"https:\/\/elregionaldigital.info\/wp-content\/uploads\/2023\/02\/foto-1-violencia-de-genero-12-02-2023-1024x683.jpg 1024w, https:\/\/elregionaldigital.info\/wp-content\/uploads\/2023\/02\/foto-1-violencia-de-genero-12-02-2023-300x200.jpg 300w, https:\/\/elregionaldigital.info\/wp-content\/uploads\/2023\/02\/foto-1-violencia-de-genero-12-02-2023-768x512.jpg 768w, https:\/\/elregionaldigital.info\/wp-content\/uploads\/2023\/02\/foto-1-violencia-de-genero-12-02-2023-1536x1024.jpg 1536w, https:\/\/elregionaldigital.info\/wp-content\/uploads\/2023\/02\/foto-1-violencia-de-genero-12-02-2023-2048x1365.jpg 2048w\" sizes=\"auto, (max-width: 1024px) 100vw, 1024px\" \/><\/figure>\n\n\n\n<p>Ciudad Victoria, Tam., 12 de febrero de 2023.<br>Difunde UAT protocolo de atenci\u00f3n a la violencia de g\u00e9nero<br>La Universidad Aut\u00f3noma de Tamaulipas (UAT) trabaja en la difusi\u00f3n del<br>Protocolo para la Prevenci\u00f3n, Atenci\u00f3n y Tratamiento de las V\u00edctimas de Violencia<br>de G\u00e9nero, cuyo prop\u00f3sito es crear un entorno libre de actos que atenten contra<br>los derechos de la comunidad universitaria.\u00a0<br>Al respecto, el Dr. Jos\u00e9 de Jes\u00fas Guzm\u00e1n Morales, titular de la Defensor\u00eda<br>de los Derechos de los Universitarios, dijo que el Protocolo busca atender las<br>inquietudes, respecto a los diferentes tipos de violencias que pudieran presentarse<br>en la UAT.<br>Se\u00f1al\u00f3, adem\u00e1s, que otro de los objetivos es sensibilizar a la comunidad<br>universitaria respecto a las acciones que vayan contra la dignidad de las personas,<br>construyendo con ello una Universidad que transite a una cultura de paz.<br>Acot\u00f3 que es preocupaci\u00f3n del rector, C. P. Guillermo Mendoza Cavazos,<br>que se cuente con una instancia que est\u00e9 cerca para recibir las inquietudes o<br>denuncias en caso de ser necesario, y activar el protocolo para atenderlas.\u00a0<br>\u201cActualmente nos encontramos trabajando en el nuevo Protocolo de<br>Atenci\u00f3n a la Violencia de G\u00e9nero, con la intenci\u00f3n de que los universitarios<br>encuentren en la Defensor\u00eda una instancia accesible a donde puedan acudir en<br>caso de que sientan violentado alguno de sus derechos y, en particular, la<br>violencia de g\u00e9nero, que es preocupaci\u00f3n de nuestra administraci\u00f3n rectoral\u201d,<br>indic\u00f3.<br>Explic\u00f3 que el Protocolo es una gu\u00eda de c\u00f3mo reaccionar frente a una<br>posible violencia a la integridad f\u00edsica y psicol\u00f3gica.\u00a0\u00a0\u201cSi una persona nos informa<br>que est\u00e1 siendo v\u00edctima de violencia, vamos a iniciar un procedimiento cuidadoso<br>de su identidad, sin revictimizarla; si est\u00e1 en necesidad de brindarle atenci\u00f3n u orientaci\u00f3n psicol\u00f3gica, privilegiaremos su tranquilidad; y dictaremos las medidas<br>de protecci\u00f3n que sean necesarias para que no siga siendo afectada\u201d.\u00a0<br>Aclar\u00f3 que la Defensor\u00eda no tiene la capacidad de sancionar, pero s\u00ed de<br>informar a las instancias correspondientes para la aplicaci\u00f3n de los reglamentos<br>universitarios para cada caso.\u00a0<br>\u201cLa violencia de g\u00e9nero puede ser en contra de una mujer o en contra de un<br>hombre, es una parte muy importante dejarla en claro, que se trata de privilegiar la<br>integridad de todos los universitarios. Sabemos tambi\u00e9n que hist\u00f3ricamente<br>respecto a ese tipo de situaciones la mujer ha sido m\u00e1s vulnerable, eso nos queda<br>claro, pero esta idea o esta posibilidad a denunciar no es exclusivamente de las<br>mujeres\u201d, refiri\u00f3.\u00a0<br>A\u00f1adi\u00f3 que como parte del trabajo realizar\u00e1n jornadas de promoci\u00f3n y de<br>prevenci\u00f3n en los planteles de la UAT, iniciando en la Unidad Acad\u00e9mica<br>Multidisciplinaria Reynosa Rodhe. \u00a0<br>\u201cHaremos recorridos por las aulas, entregaremos documentos con<br>informaci\u00f3n, instalaremos un m\u00f3dulo de atenci\u00f3n y orientaci\u00f3n, habr\u00e1 conferencias<br>para docentes y estudiantes, y para quien lo decida habr\u00e1 audiencias con el titular<br>de la Defensor\u00eda, por si tienen la necesidad de plantear un caso o una duda\u201d,<br>acot\u00f3.\u00a0<br>Puntualiz\u00f3 que la meta es la construcci\u00f3n de una cultura de paz y la<br>prevenci\u00f3n de las violencias, particularmente la violencia de g\u00e9nero, \u201cy que los<br>universitarios se sientan tranquilos en el sentido de que existe una instancia con<br>personal capacitado para recibir cualquier denuncia de ese tipo\u201d.\u00a0<br>\u201cAl final de cuentas, una instancia como esta tiene la responsabilidad de ser<br>accesible y estar al alcance de sus posibles usuarios, de los estudiantes<br>principalmente, adem\u00e1s, ser un enlace entre los j\u00f3venes y las autoridades<br>universitarias; ser un facilitador del di\u00e1logo es la vocaci\u00f3n de la Defensor\u00eda\u201d,<br>puntualiz\u00f3.<\/p>\n\n\n\n<p>Por \u00faltimo, extendi\u00f3 la invitaci\u00f3n para conocer m\u00e1s de la Defensor\u00eda, y en<br>caso de alguna duda o inquietud, se acerquen mediante los<br>correos&nbsp;quejasdefensoria@uat.edu.mx, defensoria@uat.edu.mx, o bien al tel\u00e9fono<br>834 318 1800, extensi\u00f3n 2942; y en las redes sociales Instagram y Facebook<br>como Defensor\u00eda de los Derechos de los Universitarios UAT.<\/p>\n","protected":false},"excerpt":{"rendered":"<p>Ciudad Victoria, Tam., 12 de febrero de 2023.Difunde UAT protocolo de atenci\u00f3n a la violencia de g\u00e9neroLa Universidad Aut\u00f3noma de Tamaulipas (UAT) trabaja en la difusi\u00f3n delProtocolo para la Prevenci\u00f3n, Atenci\u00f3n y Tratamiento de las V\u00edctimas de Violenciade G\u00e9nero, cuyo prop\u00f3sito es crear un entorno libre de actos que atenten contralos derechos de la comunidad [&hellip;]<\/p>\n","protected":false},"author":1,"featured_media":953,"comment_status":"open","ping_status":"open","sticky":false,"template":"","format":"standard","meta":{"footnotes":""},"categories":[4],"tags":[],"class_list":["post-952","post","type-post","status-publish","format-standard","has-post-thumbnail","hentry","category-universidades"],"blog_post_layout_featured_media_urls":{"thumbnail":["https:\/\/elregionaldigital.info\/wp-content\/uploads\/2023\/02\/foto-1-violencia-de-genero-12-02-2023-150x150.jpg",150,150,true],"full":["https:\/\/elregionaldigital.info\/wp-content\/uploads\/2023\/02\/foto-1-violencia-de-genero-12-02-2023-scaled.jpg",2560,1707,false]},"categories_names":{"4":{"name":"Universidades","link":"https:\/\/elregionaldigital.info\/?cat=4"}},"tags_names":[],"comments_number":"0","wpmagazine_modules_lite_featured_media_urls":{"thumbnail":["https:\/\/elregionaldigital.info\/wp-content\/uploads\/2023\/02\/foto-1-violencia-de-genero-12-02-2023-150x150.jpg",150,150,true],"cvmm-medium":["https:\/\/elregionaldigital.info\/wp-content\/uploads\/2023\/02\/foto-1-violencia-de-genero-12-02-2023-300x300.jpg",300,300,true],"cvmm-medium-plus":["https:\/\/elregionaldigital.info\/wp-content\/uploads\/2023\/02\/foto-1-violencia-de-genero-12-02-2023-305x207.jpg",305,207,true],"cvmm-portrait":["https:\/\/elregionaldigital.info\/wp-content\/uploads\/2023\/02\/foto-1-violencia-de-genero-12-02-2023-400x600.jpg",400,600,true],"cvmm-medium-square":["https:\/\/elregionaldigital.info\/wp-content\/uploads\/2023\/02\/foto-1-violencia-de-genero-12-02-2023-600x600.jpg",600,600,true],"cvmm-large":["https:\/\/elregionaldigital.info\/wp-content\/uploads\/2023\/02\/foto-1-violencia-de-genero-12-02-2023-1024x1024.jpg",1024,1024,true],"cvmm-small":["https:\/\/elregionaldigital.info\/wp-content\/uploads\/2023\/02\/foto-1-violencia-de-genero-12-02-2023-130x95.jpg",130,95,true],"full":["https:\/\/elregionaldigital.info\/wp-content\/uploads\/2023\/02\/foto-1-violencia-de-genero-12-02-2023-scaled.jpg",2560,1707,false]},"_links":{"self":[{"href":"https:\/\/elregionaldigital.info\/index.php?rest_route=\/wp\/v2\/posts\/952","targetHints":{"allow":["GET"]}}],"collection":[{"href":"https:\/\/elregionaldigital.info\/index.php?rest_route=\/wp\/v2\/posts"}],"about":[{"href":"https:\/\/elregionaldigital.info\/index.php?rest_route=\/wp\/v2\/types\/post"}],"author":[{"embeddable":true,"href":"https:\/\/elregionaldigital.info\/index.php?rest_route=\/wp\/v2\/users\/1"}],"replies":[{"embeddable":true,"href":"https:\/\/elregionaldigital.info\/index.php?rest_route=%2Fwp%2Fv2%2Fcomments&post=952"}],"version-history":[{"count":1,"href":"https:\/\/elregionaldigital.info\/index.php?rest_route=\/wp\/v2\/posts\/952\/revisions"}],"predecessor-version":[{"id":954,"href":"https:\/\/elregionaldigital.info\/index.php?rest_route=\/wp\/v2\/posts\/952\/revisions\/954"}],"wp:featuredmedia":[{"embeddable":true,"href":"https:\/\/elregionaldigital.info\/index.php?rest_route=\/wp\/v2\/media\/953"}],"wp:attachment":[{"href":"https:\/\/elregionaldigital.info\/index.php?rest_route=%2Fwp%2Fv2%2Fmedia&parent=952"}],"wp:term":[{"taxonomy":"category","embeddable":true,"href":"https:\/\/elregionaldigital.info\/index.php?rest_route=%2Fwp%2Fv2%2Fcategories&post=952"},{"taxonomy":"post_tag","embeddable":true,"href":"https:\/\/elregionaldigital.info\/index.php?rest_route=%2Fwp%2Fv2%2Ftags&post=952"}],"curies":[{"name":"wp","href":"https:\/\/api.w.org\/{rel}","templated":true}]}}