{"id":943,"date":"2022-12-23T04:47:38","date_gmt":"2022-12-23T04:47:38","guid":{"rendered":"http:\/\/elregionaldigital.info\/?p=943"},"modified":"2023-02-28T04:50:11","modified_gmt":"2023-02-28T04:50:11","slug":"entrega-uat-el-premio-investigador-joven-2022-al-dr-josue-francisco-perez","status":"publish","type":"post","link":"https:\/\/elregionaldigital.info\/?p=943","title":{"rendered":"Entrega UAT el Premio Investigador Joven 2022 al Dr. Josu\u00e9 Francisco P\u00e9rez"},"content":{"rendered":"\n<p><\/p>\n\n\n\n<figure class=\"wp-block-image size-large\"><img loading=\"lazy\" decoding=\"async\" width=\"1024\" height=\"683\" src=\"http:\/\/elregionaldigital.info\/wp-content\/uploads\/2023\/02\/MG_8437-1024x683.jpg\" alt=\"\" class=\"wp-image-944\" srcset=\"https:\/\/elregionaldigital.info\/wp-content\/uploads\/2023\/02\/MG_8437-1024x683.jpg 1024w, https:\/\/elregionaldigital.info\/wp-content\/uploads\/2023\/02\/MG_8437-300x200.jpg 300w, https:\/\/elregionaldigital.info\/wp-content\/uploads\/2023\/02\/MG_8437-768x512.jpg 768w, https:\/\/elregionaldigital.info\/wp-content\/uploads\/2023\/02\/MG_8437-1536x1024.jpg 1536w, https:\/\/elregionaldigital.info\/wp-content\/uploads\/2023\/02\/MG_8437-2048x1365.jpg 2048w\" sizes=\"auto, (max-width: 1024px) 100vw, 1024px\" \/><\/figure>\n\n\n\n<p>Ciudad Victoria, Tam.; 23 de diciembre de 2022.<br>Entrega UAT el Premio Investigador Joven 2022 al Dr. Josu\u00e9 Francisco<\/p>\n\n\n\n<p>P\u00e9rez<\/p>\n\n\n\n<p>La Universidad Aut\u00f3noma de Tamaulipas (UAT) entreg\u00f3 al Dr. Josu\u00e9 Francisco P\u00e9rez<br>S\u00e1nchez el Premio Universitario Investigador Joven 2022 Dr. Norberto Trevi\u00f1o Zapata,<br>otorgado por su destacable producci\u00f3n acad\u00e9mica de calidad interdisciplinaria.<br>El docente e investigador universitario recibi\u00f3 el galard\u00f3n de manos del C. P.<br>Guillermo Mendoza Cavazos, rector de la UAT, durante la Ceremonia de Entrega de<br>Reconocimiento al M\u00e9rito Universitario llevada a cabo en el Aula Magna Herman H.<br>Fleishman del Centro Universitario Sur.<br>Dicho premio es otorgado por la UAT a investigadores menores de cuarenta a\u00f1os que<br>se han destacado por su trayectoria en investigaci\u00f3n, certificaciones, producci\u00f3n cient\u00edfica,<br>cap\u00edtulos de libros o libros, proyectos con financiamiento, impacto, aportaciones y<br>beneficio concretos, adem\u00e1s de contribuir al mejoramiento de procesos, desarrollo<br>cient\u00edfico, tecnol\u00f3gico e innovaci\u00f3n dentro de los sectores productivos y sociales.<br>El Dr. P\u00e9rez S\u00e1nchez es profesor de tiempo completo desde 2020 en la UAT, adscrito<br>a la Facultad de Arquitectura, Dise\u00f1o y Urbanismo, donde participa en las Academias de<br>Estructuras Aplicadas, Licenciatura en Dise\u00f1o Gr\u00e1fico y Animaci\u00f3n Digital, as\u00ed como en la<br>Academia Multidisciplinar y de Reactivos EGEL, de la que es presidente.<br>Su experiencia profesional integra conocimientos de varias disciplinas, pues cuenta<br>con un t\u00edtulo de Ingeniero Qu\u00edmico, un doctorado en Ciencias en Materiales y maestr\u00eda en<br>Rehabilitaci\u00f3n Ecoeficiente de Edificios y Barrios por la Universidad de Sevilla, lo que le<br>permite desarrollar proyectos enfocados en el control de la calidad de procesos industriales<br>y el desarrollo de m\u00e9todos anal\u00edticos, cromatograf\u00eda de l\u00edquidos, reolog\u00eda, volumetr\u00eda,<br>gravimetr\u00eda y desarrollo de procesos de reacci\u00f3n para s\u00edntesis org\u00e1nica.<\/p>\n\n\n\n<p>En 2021 fue reconocido con el nivel 1 del Sistema Nacional de Investigadores y<br>cuenta con la distinci\u00f3n de Perfil Deseable PRODEP. Es integrante del cuerpo acad\u00e9mico<br>Dise\u00f1o y An\u00e1lisis Mec\u00e1nico Estructural y forma parte del N\u00facleo Acad\u00e9mico B\u00e1sico del<br>Doctorado en Arquitectura con \u00c9nfasis en Vivienda, la Maestr\u00eda en Valuaci\u00f3n y la Maestr\u00eda<br>en Arquitectura con \u00c9nfasis en Dise\u00f1o Arquitect\u00f3nico.<br>A lo largo de su trayectoria ha producido 28 art\u00edculos cient\u00edficos en revistas<br>indizadas, tres cap\u00edtulos de libro, un libro, dos patentes de propiedad industrial y tres<br>derechos de autor, adem\u00e1s de haber colaborado en siete proyectos de investigaci\u00f3n y<br>concluido la direcci\u00f3n de dos tesis de licenciatura, cinco de maestr\u00eda y una de doctorado,<br>todas en colaboraci\u00f3n con instituciones del \u00e1mbito nacional.<br>Actualmente atiende a estudiantes con discapacidad auditiva a trav\u00e9s de la expresi\u00f3n<br>en Lengua de Se\u00f1as Mexicana y es coordinador del Centro de Investigaci\u00f3n de la FADU,<br>donde ha logrado gestionar diferentes proyectos de vinculaci\u00f3n y de responsabilidad social<br>universitaria, proyectos de fomento a las vocaciones cient\u00edficas tempranas y colaboraci\u00f3n<br>con empresas e instituciones a nivel nacional e internacional.<br>Es miembro de la Academia Mexicana Multidisciplinaria, A. C. (AMM) y vocal de la<br>Academia Tamaulipeca de Investigaci\u00f3n Cient\u00edfica y Tecnol\u00f3gica, A. C. (ATICTAC), as\u00ed<br>como miembro del Padr\u00f3n Estatal de Investigadores de Tamaulipas.<br>El Dr. Josu\u00e9 Francisco P\u00e9rez S\u00e1nchez agradeci\u00f3 el apoyo otorgado por la Universidad<br>Aut\u00f3noma de Tamaulipas a lo largo de su trayectoria, y destac\u00f3 que este reconocimiento es<br>una motivaci\u00f3n para que el estudiantado universitario mantenga o incremente su buen<br>desempe\u00f1o, adem\u00e1s de fortalecer los valores que persigue la educaci\u00f3n universitaria.<\/p>\n","protected":false},"excerpt":{"rendered":"<p>Ciudad Victoria, Tam.; 23 de diciembre de 2022.Entrega UAT el Premio Investigador Joven 2022 al Dr. Josu\u00e9 Francisco P\u00e9rez La Universidad Aut\u00f3noma de Tamaulipas (UAT) entreg\u00f3 al Dr. Josu\u00e9 Francisco P\u00e9rezS\u00e1nchez el Premio Universitario Investigador Joven 2022 Dr. Norberto Trevi\u00f1o Zapata,otorgado por su destacable producci\u00f3n acad\u00e9mica de calidad interdisciplinaria.El docente e investigador universitario recibi\u00f3 el [&hellip;]<\/p>\n","protected":false},"author":1,"featured_media":944,"comment_status":"open","ping_status":"open","sticky":false,"template":"","format":"standard","meta":{"footnotes":""},"categories":[4],"tags":[],"class_list":["post-943","post","type-post","status-publish","format-standard","has-post-thumbnail","hentry","category-universidades"],"blog_post_layout_featured_media_urls":{"thumbnail":["https:\/\/elregionaldigital.info\/wp-content\/uploads\/2023\/02\/MG_8437-150x150.jpg",150,150,true],"full":["https:\/\/elregionaldigital.info\/wp-content\/uploads\/2023\/02\/MG_8437-scaled.jpg",2560,1707,false]},"categories_names":{"4":{"name":"Universidades","link":"https:\/\/elregionaldigital.info\/?cat=4"}},"tags_names":[],"comments_number":"0","wpmagazine_modules_lite_featured_media_urls":{"thumbnail":["https:\/\/elregionaldigital.info\/wp-content\/uploads\/2023\/02\/MG_8437-150x150.jpg",150,150,true],"cvmm-medium":["https:\/\/elregionaldigital.info\/wp-content\/uploads\/2023\/02\/MG_8437-300x300.jpg",300,300,true],"cvmm-medium-plus":["https:\/\/elregionaldigital.info\/wp-content\/uploads\/2023\/02\/MG_8437-305x207.jpg",305,207,true],"cvmm-portrait":["https:\/\/elregionaldigital.info\/wp-content\/uploads\/2023\/02\/MG_8437-400x600.jpg",400,600,true],"cvmm-medium-square":["https:\/\/elregionaldigital.info\/wp-content\/uploads\/2023\/02\/MG_8437-600x600.jpg",600,600,true],"cvmm-large":["https:\/\/elregionaldigital.info\/wp-content\/uploads\/2023\/02\/MG_8437-1024x1024.jpg",1024,1024,true],"cvmm-small":["https:\/\/elregionaldigital.info\/wp-content\/uploads\/2023\/02\/MG_8437-130x95.jpg",130,95,true],"full":["https:\/\/elregionaldigital.info\/wp-content\/uploads\/2023\/02\/MG_8437-scaled.jpg",2560,1707,false]},"_links":{"self":[{"href":"https:\/\/elregionaldigital.info\/index.php?rest_route=\/wp\/v2\/posts\/943","targetHints":{"allow":["GET"]}}],"collection":[{"href":"https:\/\/elregionaldigital.info\/index.php?rest_route=\/wp\/v2\/posts"}],"about":[{"href":"https:\/\/elregionaldigital.info\/index.php?rest_route=\/wp\/v2\/types\/post"}],"author":[{"embeddable":true,"href":"https:\/\/elregionaldigital.info\/index.php?rest_route=\/wp\/v2\/users\/1"}],"replies":[{"embeddable":true,"href":"https:\/\/elregionaldigital.info\/index.php?rest_route=%2Fwp%2Fv2%2Fcomments&post=943"}],"version-history":[{"count":1,"href":"https:\/\/elregionaldigital.info\/index.php?rest_route=\/wp\/v2\/posts\/943\/revisions"}],"predecessor-version":[{"id":945,"href":"https:\/\/elregionaldigital.info\/index.php?rest_route=\/wp\/v2\/posts\/943\/revisions\/945"}],"wp:featuredmedia":[{"embeddable":true,"href":"https:\/\/elregionaldigital.info\/index.php?rest_route=\/wp\/v2\/media\/944"}],"wp:attachment":[{"href":"https:\/\/elregionaldigital.info\/index.php?rest_route=%2Fwp%2Fv2%2Fmedia&parent=943"}],"wp:term":[{"taxonomy":"category","embeddable":true,"href":"https:\/\/elregionaldigital.info\/index.php?rest_route=%2Fwp%2Fv2%2Fcategories&post=943"},{"taxonomy":"post_tag","embeddable":true,"href":"https:\/\/elregionaldigital.info\/index.php?rest_route=%2Fwp%2Fv2%2Ftags&post=943"}],"curies":[{"name":"wp","href":"https:\/\/api.w.org\/{rel}","templated":true}]}}