{"id":920,"date":"2023-02-23T18:18:42","date_gmt":"2023-02-23T18:18:42","guid":{"rendered":"http:\/\/elregionaldigital.info\/?p=920"},"modified":"2023-02-27T18:31:58","modified_gmt":"2023-02-27T18:31:58","slug":"recibe-dif-tamaulipas-donacion-de-332-sillas-de-ruedas-y-70-aparatos-funcionales","status":"publish","type":"post","link":"https:\/\/elregionaldigital.info\/?p=920","title":{"rendered":"RECIBE DIF TAMAULIPAS DONACI\u00d3N DE 332 SILLAS DE RUEDAS Y 70 APARATOS FUNCIONALES."},"content":{"rendered":"\n<figure class=\"wp-block-image size-full\"><img loading=\"lazy\" decoding=\"async\" width=\"850\" height=\"500\" src=\"http:\/\/elregionaldigital.info\/wp-content\/uploads\/2023\/02\/DIF-003-2023.-Recibe-DIF-Tamaulipas-donacion-de-332-sillas-de-ruedas-y-70-aparatos-funcionales-2-850x500-1.jpg\" alt=\"\" class=\"wp-image-921\" srcset=\"https:\/\/elregionaldigital.info\/wp-content\/uploads\/2023\/02\/DIF-003-2023.-Recibe-DIF-Tamaulipas-donacion-de-332-sillas-de-ruedas-y-70-aparatos-funcionales-2-850x500-1.jpg 850w, https:\/\/elregionaldigital.info\/wp-content\/uploads\/2023\/02\/DIF-003-2023.-Recibe-DIF-Tamaulipas-donacion-de-332-sillas-de-ruedas-y-70-aparatos-funcionales-2-850x500-1-300x176.jpg 300w, https:\/\/elregionaldigital.info\/wp-content\/uploads\/2023\/02\/DIF-003-2023.-Recibe-DIF-Tamaulipas-donacion-de-332-sillas-de-ruedas-y-70-aparatos-funcionales-2-850x500-1-768x452.jpg 768w\" sizes=\"auto, (max-width: 850px) 100vw, 850px\" \/><\/figure>\n\n\n\n<p>Febrero 23 de 2023<\/p>\n\n\n\n<p>Ciudad, Victoria, Tamaulipas.- Como una forma de vinculaci\u00f3n entre sociedad y Gobierno, el Sistema para el Desarrollo Integral de la Familia de Tamaulipas que preside la doctora Mar\u00eda de Villarreal, recibi\u00f3 a finales de enero, un donativo consistente en 332 sillas de ruedas, as\u00ed como 70 aparatos funcionales.<\/p>\n\n\n\n<p>Los apoyos fueron entregados por parte de la organizaci\u00f3n LDS Charities, que tiene presencia en la mayor parte del pa\u00eds.<\/p>\n\n\n\n<p>Tanto las sillas de ruedas como los aparatos funcionales, ser\u00e1n de gran utilidad para apoyar a las personas de escasos recursos que lo lleguen a requerir, as\u00ed lo dijo Geancarlo Bonetta Cavazos, director general del DIF Estatal, quien manifest\u00f3 que ser\u00e1 a trav\u00e9s de la Direcci\u00f3n de Asistencia Social y Atenci\u00f3n M\u00e9dica a cargo de Mariela Benavides Espronceda, como se administrar\u00e1n esos apoyos.<\/p>\n\n\n\n<p>Vale la pena mencionar que cualquier persona que lo llegue a necesitar, puede acudir a las instalaciones del DIF Tamaulipas, ubicadas en la Calzada Luis Caballero, para recibir alg\u00fan aparato funcional o silla de ruedas, previa valoraci\u00f3n.<\/p>\n","protected":false},"excerpt":{"rendered":"<p>Febrero 23 de 2023 Ciudad, Victoria, Tamaulipas.- Como una forma de vinculaci\u00f3n entre sociedad y Gobierno, el Sistema para el Desarrollo Integral de la Familia de Tamaulipas que preside la doctora Mar\u00eda de Villarreal, recibi\u00f3 a finales de enero, un donativo consistente en 332 sillas de ruedas, as\u00ed como 70 aparatos funcionales. Los apoyos fueron [&hellip;]<\/p>\n","protected":false},"author":1,"featured_media":921,"comment_status":"open","ping_status":"open","sticky":false,"template":"","format":"standard","meta":{"footnotes":""},"categories":[2],"tags":[],"class_list":["post-920","post","type-post","status-publish","format-standard","has-post-thumbnail","hentry","category-tamaulipas"],"blog_post_layout_featured_media_urls":{"thumbnail":["https:\/\/elregionaldigital.info\/wp-content\/uploads\/2023\/02\/DIF-003-2023.-Recibe-DIF-Tamaulipas-donacion-de-332-sillas-de-ruedas-y-70-aparatos-funcionales-2-850x500-1-150x150.jpg",150,150,true],"full":["https:\/\/elregionaldigital.info\/wp-content\/uploads\/2023\/02\/DIF-003-2023.-Recibe-DIF-Tamaulipas-donacion-de-332-sillas-de-ruedas-y-70-aparatos-funcionales-2-850x500-1.jpg",850,500,false]},"categories_names":{"2":{"name":"Tamaulipas","link":"https:\/\/elregionaldigital.info\/?cat=2"}},"tags_names":[],"comments_number":"0","wpmagazine_modules_lite_featured_media_urls":{"thumbnail":["https:\/\/elregionaldigital.info\/wp-content\/uploads\/2023\/02\/DIF-003-2023.-Recibe-DIF-Tamaulipas-donacion-de-332-sillas-de-ruedas-y-70-aparatos-funcionales-2-850x500-1-150x150.jpg",150,150,true],"cvmm-medium":["https:\/\/elregionaldigital.info\/wp-content\/uploads\/2023\/02\/DIF-003-2023.-Recibe-DIF-Tamaulipas-donacion-de-332-sillas-de-ruedas-y-70-aparatos-funcionales-2-850x500-1-300x300.jpg",300,300,true],"cvmm-medium-plus":["https:\/\/elregionaldigital.info\/wp-content\/uploads\/2023\/02\/DIF-003-2023.-Recibe-DIF-Tamaulipas-donacion-de-332-sillas-de-ruedas-y-70-aparatos-funcionales-2-850x500-1-305x207.jpg",305,207,true],"cvmm-portrait":["https:\/\/elregionaldigital.info\/wp-content\/uploads\/2023\/02\/DIF-003-2023.-Recibe-DIF-Tamaulipas-donacion-de-332-sillas-de-ruedas-y-70-aparatos-funcionales-2-850x500-1-400x500.jpg",400,500,true],"cvmm-medium-square":["https:\/\/elregionaldigital.info\/wp-content\/uploads\/2023\/02\/DIF-003-2023.-Recibe-DIF-Tamaulipas-donacion-de-332-sillas-de-ruedas-y-70-aparatos-funcionales-2-850x500-1-600x500.jpg",600,500,true],"cvmm-large":["https:\/\/elregionaldigital.info\/wp-content\/uploads\/2023\/02\/DIF-003-2023.-Recibe-DIF-Tamaulipas-donacion-de-332-sillas-de-ruedas-y-70-aparatos-funcionales-2-850x500-1.jpg",850,500,false],"cvmm-small":["https:\/\/elregionaldigital.info\/wp-content\/uploads\/2023\/02\/DIF-003-2023.-Recibe-DIF-Tamaulipas-donacion-de-332-sillas-de-ruedas-y-70-aparatos-funcionales-2-850x500-1-130x95.jpg",130,95,true],"full":["https:\/\/elregionaldigital.info\/wp-content\/uploads\/2023\/02\/DIF-003-2023.-Recibe-DIF-Tamaulipas-donacion-de-332-sillas-de-ruedas-y-70-aparatos-funcionales-2-850x500-1.jpg",850,500,false]},"_links":{"self":[{"href":"https:\/\/elregionaldigital.info\/index.php?rest_route=\/wp\/v2\/posts\/920","targetHints":{"allow":["GET"]}}],"collection":[{"href":"https:\/\/elregionaldigital.info\/index.php?rest_route=\/wp\/v2\/posts"}],"about":[{"href":"https:\/\/elregionaldigital.info\/index.php?rest_route=\/wp\/v2\/types\/post"}],"author":[{"embeddable":true,"href":"https:\/\/elregionaldigital.info\/index.php?rest_route=\/wp\/v2\/users\/1"}],"replies":[{"embeddable":true,"href":"https:\/\/elregionaldigital.info\/index.php?rest_route=%2Fwp%2Fv2%2Fcomments&post=920"}],"version-history":[{"count":1,"href":"https:\/\/elregionaldigital.info\/index.php?rest_route=\/wp\/v2\/posts\/920\/revisions"}],"predecessor-version":[{"id":922,"href":"https:\/\/elregionaldigital.info\/index.php?rest_route=\/wp\/v2\/posts\/920\/revisions\/922"}],"wp:featuredmedia":[{"embeddable":true,"href":"https:\/\/elregionaldigital.info\/index.php?rest_route=\/wp\/v2\/media\/921"}],"wp:attachment":[{"href":"https:\/\/elregionaldigital.info\/index.php?rest_route=%2Fwp%2Fv2%2Fmedia&parent=920"}],"wp:term":[{"taxonomy":"category","embeddable":true,"href":"https:\/\/elregionaldigital.info\/index.php?rest_route=%2Fwp%2Fv2%2Fcategories&post=920"},{"taxonomy":"post_tag","embeddable":true,"href":"https:\/\/elregionaldigital.info\/index.php?rest_route=%2Fwp%2Fv2%2Ftags&post=920"}],"curies":[{"name":"wp","href":"https:\/\/api.w.org\/{rel}","templated":true}]}}