{"id":917,"date":"2023-02-26T17:59:13","date_gmt":"2023-02-26T17:59:13","guid":{"rendered":"http:\/\/elregionaldigital.info\/?p=917"},"modified":"2023-02-28T06:06:15","modified_gmt":"2023-02-28T06:06:15","slug":"presenta-gobernador-plan-de-apoyo-a-la-region-canera-enviara-ambulancias","status":"publish","type":"post","link":"https:\/\/elregionaldigital.info\/?p=917","title":{"rendered":"PRESENTA GOBERNADOR PLAN DE APOYO A LA REGI\u00d3N CA\u00d1ERA; ENVIAR\u00c1 AMBULANCIAS"},"content":{"rendered":"\n<p>Acuerdan trabajar en conjunto integrantes del gabinete estatal y los 7 alcaldes y alcaldesas<\/p>\n\n\n\n<figure class=\"wp-block-image size-full\"><img loading=\"lazy\" decoding=\"async\" width=\"850\" height=\"500\" src=\"http:\/\/elregionaldigital.info\/wp-content\/uploads\/2023\/02\/009-2023.-Presenta-gobernador-Plan-de-Apoyo-a-la-Region-Canera-enviara-ambulancias-3-850x500-1.jpg\" alt=\"\" class=\"wp-image-918\" srcset=\"https:\/\/elregionaldigital.info\/wp-content\/uploads\/2023\/02\/009-2023.-Presenta-gobernador-Plan-de-Apoyo-a-la-Region-Canera-enviara-ambulancias-3-850x500-1.jpg 850w, https:\/\/elregionaldigital.info\/wp-content\/uploads\/2023\/02\/009-2023.-Presenta-gobernador-Plan-de-Apoyo-a-la-Region-Canera-enviara-ambulancias-3-850x500-1-300x176.jpg 300w, https:\/\/elregionaldigital.info\/wp-content\/uploads\/2023\/02\/009-2023.-Presenta-gobernador-Plan-de-Apoyo-a-la-Region-Canera-enviara-ambulancias-3-850x500-1-768x452.jpg 768w\" sizes=\"auto, (max-width: 850px) 100vw, 850px\" \/><\/figure>\n\n\n\n<p>Febrero 26 de 2023<\/p>\n\n\n\n<p>Ciudad Mante, Tamaulipas. \u2013 La regi\u00f3n ca\u00f1era tiene un gran potencial futuro, por lo que ahora depende de todos impulsar nuevos proyectos, tomar las decisiones correctas y lograr un nuevo despegue que traiga calidad de vida, bienestar social y desarrollo econ\u00f3mico, afirm\u00f3 el gobernador Am\u00e9rico Villarreal Anaya quien refrend\u00f3 su vocaci\u00f3n municipalista, sin imposiciones y con absoluto respeto a la autonom\u00eda de las y los alcaldes.<\/p>\n\n\n\n<p>\u201cSer municipalista, implica reconocer que tenemos por ley atribuciones y competencias distintas y, al mismo tiempo, entender que nuestra obligaci\u00f3n como presidentes municipales y la m\u00eda como Gobernador, es ayudar a que el municipio libre tenga los recursos, las capacidades y las herramientas para cumplir con sus responsabilidades. Es decir, ayudar a que hagan un buen gobierno y en ning\u00fan caso poner trabas o condicionar a cambio de nuestra ayuda\u201d, expres\u00f3 durante la presentaci\u00f3n del Plan de Apoyo a la Regi\u00f3n Ca\u00f1era.<\/p>\n\n\n\n<p>En el quinto encuentro regional de un nuevo modelo de gobierno, celebrado este domingo, en Ciudad Mante, el gobernador Am\u00e9rico Villarreal, acompa\u00f1ado por su esposa, la doctora Mar\u00eda de Villarreal, presidenta del DIF Tamaulipas, sostuvo un di\u00e1logo directo y cara a cara, con las y los alcaldes de Antiguo Morelos, Carmelo Tinajero Castro; de Nuevo Morelos, Yaneth N\u00e1jera Cedillo; de Ocampo, Melchor Budarth B\u00e1ez; de G\u00f3mez Far\u00edas, Frank De Le\u00f3n \u00c1vila; de Llera, Mois\u00e9s Borj\u00f3n Olvera; de Xicot\u00e9ncatl, Nohem\u00ed Gonz\u00e1lez M\u00e1rquez y el anfitri\u00f3n Edgar No\u00e9 Ramos Ferretiz.<\/p>\n\n\n\n<p>En su intervenci\u00f3n y luego de cinco horas, tras la participaci\u00f3n de todos los integrantes del gabinete estatal y de los siete alcaldes y alcaldesas, el gobernador del Estado record\u00f3 que desde el inicio de su administraci\u00f3n, ofreci\u00f3 un gobierno que restableciera la concordia y el di\u00e1logo entre los distintos \u00f3rdenes de gobierno y entre los tres Poderes del Estado, independientemente de cualquier diferencia de orden pol\u00edtico.<\/p>\n\n\n\n<p>\u201cLes dec\u00eda tambi\u00e9n, desde que nos reunimos por primera vez en Ciudad Victoria, que la interlocuci\u00f3n entre las y los presidentes municipales y su amigo el Gobernador, ser\u00eda directa, sin intermediarios y as\u00ed se ha hecho. La famosa figura del representante territorial qued\u00f3 sin efecto en Tamaulipas. Ya no hay tel\u00e9fonos descompuestos o emisarios que lleven y traigan consignas impositivas\u201d, mencion\u00f3.<\/p>\n\n\n\n<p>El gobernador expuso que los siete municipios de la regi\u00f3n ca\u00f1era presentaron en conjunto 66 proyectos, de los cuales el 56% se refieren a temas de desarrollo urbano y medio ambiente, 20% a recursos hidr\u00e1ulicos y 9% al \u00e1mbito de la salud, entre los principales.<\/p>\n\n\n\n<p>Adem\u00e1s, ante la petici\u00f3n casi generalizada, Villarreal Anaya anunci\u00f3 que la pr\u00f3xima semana se entregar\u00e1n las ambulancias que solicitaron los municipios.<\/p>\n\n\n\n<p>El mandatario estatal, pidi\u00f3 estar atentos a las oportunidades que traer\u00e1 la construcci\u00f3n de la nueva autopista que cruzar\u00e1 por esta regi\u00f3n; tambi\u00e9n se refiri\u00f3 a la necesidades de reabrir el ingenio de Xicot\u00e9ncatl y pidi\u00f3 aprovechar los apoyos del Gobierno Federal que en esta regi\u00f3n dispersa m\u00e1s de mil 179&nbsp; millones de pesos de los diferentes programas de bienestar.<\/p>\n\n\n\n<p>\u201cDebemos unirnos para multiplicar el aprovechamiento de obras que por su tama\u00f1o o complejidad t\u00e9cnica y administrativa, necesitan la concurrencia de los diferentes \u00f3rdenes de gobierno, por ejemplo, la autopista, la posibilidad de integrar de nuevo la transformaci\u00f3n de la ca\u00f1a con la reapertura del ingenio, que el apoyo al campo se convierta en desarrollo rural y calidad de vida\u201d, indic\u00f3.<\/p>\n\n\n\n<p>\u201cSi queremos una sociedad m\u00e1s colaborativa, m\u00e1s participativa, empecemos siendo colaborativos entre nosotros. Iniciemos este di\u00e1logo del que estoy seguro, podemos esperamos cosas muy buenas para Tamaulipas y para los habitantes de cada uno de nuestros municipios\u201d, apunt\u00f3.<\/p>\n\n\n\n<p>En la presentaci\u00f3n del Plan de Apoyo a la Regi\u00f3n Ca\u00f1era, cuya mesa de trabajo estuvo moderada por el secretario general de Gobierno, H\u00e9ctor Joel Villegas Gonz\u00e1lez, tambi\u00e9n tomaron parte, los titulares de la Oficina de Representaci\u00f3n de Tamaulipas, en la Ciudad de M\u00e9xico y en el Estado de Nuevo Le\u00f3n, Fernando Centeno Sierra y Miguel \u00c1ngel Valdez Garc\u00eda, respectivamente, as\u00ed como el delegado federal, Luis Lauro Reyes Rodr\u00edguez.<\/p>\n","protected":false},"excerpt":{"rendered":"<p>Acuerdan trabajar en conjunto integrantes del gabinete estatal y los 7 alcaldes y alcaldesas Febrero 26 de 2023 Ciudad Mante, Tamaulipas. \u2013 La regi\u00f3n ca\u00f1era tiene un gran potencial futuro, por lo que ahora depende de todos impulsar nuevos proyectos, tomar las decisiones correctas y lograr un nuevo despegue que traiga calidad de vida, bienestar [&hellip;]<\/p>\n","protected":false},"author":1,"featured_media":918,"comment_status":"open","ping_status":"open","sticky":false,"template":"","format":"standard","meta":{"footnotes":""},"categories":[2],"tags":[],"class_list":["post-917","post","type-post","status-publish","format-standard","has-post-thumbnail","hentry","category-tamaulipas"],"blog_post_layout_featured_media_urls":{"thumbnail":["https:\/\/elregionaldigital.info\/wp-content\/uploads\/2023\/02\/009-2023.-Presenta-gobernador-Plan-de-Apoyo-a-la-Region-Canera-enviara-ambulancias-3-850x500-1-150x150.jpg",150,150,true],"full":["https:\/\/elregionaldigital.info\/wp-content\/uploads\/2023\/02\/009-2023.-Presenta-gobernador-Plan-de-Apoyo-a-la-Region-Canera-enviara-ambulancias-3-850x500-1.jpg",850,500,false]},"categories_names":{"2":{"name":"Tamaulipas","link":"https:\/\/elregionaldigital.info\/?cat=2"}},"tags_names":[],"comments_number":"0","wpmagazine_modules_lite_featured_media_urls":{"thumbnail":["https:\/\/elregionaldigital.info\/wp-content\/uploads\/2023\/02\/009-2023.-Presenta-gobernador-Plan-de-Apoyo-a-la-Region-Canera-enviara-ambulancias-3-850x500-1-150x150.jpg",150,150,true],"cvmm-medium":["https:\/\/elregionaldigital.info\/wp-content\/uploads\/2023\/02\/009-2023.-Presenta-gobernador-Plan-de-Apoyo-a-la-Region-Canera-enviara-ambulancias-3-850x500-1-300x300.jpg",300,300,true],"cvmm-medium-plus":["https:\/\/elregionaldigital.info\/wp-content\/uploads\/2023\/02\/009-2023.-Presenta-gobernador-Plan-de-Apoyo-a-la-Region-Canera-enviara-ambulancias-3-850x500-1-305x207.jpg",305,207,true],"cvmm-portrait":["https:\/\/elregionaldigital.info\/wp-content\/uploads\/2023\/02\/009-2023.-Presenta-gobernador-Plan-de-Apoyo-a-la-Region-Canera-enviara-ambulancias-3-850x500-1-400x500.jpg",400,500,true],"cvmm-medium-square":["https:\/\/elregionaldigital.info\/wp-content\/uploads\/2023\/02\/009-2023.-Presenta-gobernador-Plan-de-Apoyo-a-la-Region-Canera-enviara-ambulancias-3-850x500-1-600x500.jpg",600,500,true],"cvmm-large":["https:\/\/elregionaldigital.info\/wp-content\/uploads\/2023\/02\/009-2023.-Presenta-gobernador-Plan-de-Apoyo-a-la-Region-Canera-enviara-ambulancias-3-850x500-1.jpg",850,500,false],"cvmm-small":["https:\/\/elregionaldigital.info\/wp-content\/uploads\/2023\/02\/009-2023.-Presenta-gobernador-Plan-de-Apoyo-a-la-Region-Canera-enviara-ambulancias-3-850x500-1-130x95.jpg",130,95,true],"full":["https:\/\/elregionaldigital.info\/wp-content\/uploads\/2023\/02\/009-2023.-Presenta-gobernador-Plan-de-Apoyo-a-la-Region-Canera-enviara-ambulancias-3-850x500-1.jpg",850,500,false]},"_links":{"self":[{"href":"https:\/\/elregionaldigital.info\/index.php?rest_route=\/wp\/v2\/posts\/917","targetHints":{"allow":["GET"]}}],"collection":[{"href":"https:\/\/elregionaldigital.info\/index.php?rest_route=\/wp\/v2\/posts"}],"about":[{"href":"https:\/\/elregionaldigital.info\/index.php?rest_route=\/wp\/v2\/types\/post"}],"author":[{"embeddable":true,"href":"https:\/\/elregionaldigital.info\/index.php?rest_route=\/wp\/v2\/users\/1"}],"replies":[{"embeddable":true,"href":"https:\/\/elregionaldigital.info\/index.php?rest_route=%2Fwp%2Fv2%2Fcomments&post=917"}],"version-history":[{"count":1,"href":"https:\/\/elregionaldigital.info\/index.php?rest_route=\/wp\/v2\/posts\/917\/revisions"}],"predecessor-version":[{"id":919,"href":"https:\/\/elregionaldigital.info\/index.php?rest_route=\/wp\/v2\/posts\/917\/revisions\/919"}],"wp:featuredmedia":[{"embeddable":true,"href":"https:\/\/elregionaldigital.info\/index.php?rest_route=\/wp\/v2\/media\/918"}],"wp:attachment":[{"href":"https:\/\/elregionaldigital.info\/index.php?rest_route=%2Fwp%2Fv2%2Fmedia&parent=917"}],"wp:term":[{"taxonomy":"category","embeddable":true,"href":"https:\/\/elregionaldigital.info\/index.php?rest_route=%2Fwp%2Fv2%2Fcategories&post=917"},{"taxonomy":"post_tag","embeddable":true,"href":"https:\/\/elregionaldigital.info\/index.php?rest_route=%2Fwp%2Fv2%2Ftags&post=917"}],"curies":[{"name":"wp","href":"https:\/\/api.w.org\/{rel}","templated":true}]}}