{"id":905,"date":"2023-01-15T06:55:00","date_gmt":"2023-01-15T06:55:00","guid":{"rendered":"http:\/\/elregionaldigital.info\/?p=905"},"modified":"2023-02-22T06:58:35","modified_gmt":"2023-02-22T06:58:35","slug":"rector-de-la-uat-da-bienvenida-al-ciclo-escolar-universitario-2023-1","status":"publish","type":"post","link":"https:\/\/elregionaldigital.info\/?p=905","title":{"rendered":"Rector de la UAT da bienvenida al ciclo escolar universitario 2023-1"},"content":{"rendered":"\n<figure class=\"wp-block-image size-large\"><img loading=\"lazy\" decoding=\"async\" width=\"1024\" height=\"683\" src=\"http:\/\/elregionaldigital.info\/wp-content\/uploads\/2023\/02\/15a2-1024x683.jpg\" alt=\"\" class=\"wp-image-906\" srcset=\"https:\/\/elregionaldigital.info\/wp-content\/uploads\/2023\/02\/15a2-1024x683.jpg 1024w, https:\/\/elregionaldigital.info\/wp-content\/uploads\/2023\/02\/15a2-300x200.jpg 300w, https:\/\/elregionaldigital.info\/wp-content\/uploads\/2023\/02\/15a2-768x512.jpg 768w, https:\/\/elregionaldigital.info\/wp-content\/uploads\/2023\/02\/15a2-1536x1024.jpg 1536w, https:\/\/elregionaldigital.info\/wp-content\/uploads\/2023\/02\/15a2-2048x1365.jpg 2048w\" sizes=\"auto, (max-width: 1024px) 100vw, 1024px\" \/><\/figure>\n\n\n\n<p>Ciudad Victoria, Tam.; 15 de enero de 2023.<br>Rector de la UAT da bienvenida al ciclo escolar universitario<\/p>\n\n\n\n<p>2023-1<\/p>\n\n\n\n<p>\u00b7 El C.P. Guillermo Mendoza ofrece mensaje con motivo del inicio de actividades<\/p>\n\n\n\n<p>acad\u00e9micas en la m\u00e1xima casa de estudios de Tamaulipas.<\/p>\n\n\n\n<p>La Universidad Aut\u00f3noma de Tamaulipas (UAT) abre sus puertas este 16 de enero<br>a los m\u00e1s de cuarenta mil estudiantes de nivel medio superior y superior de<br>manera completamente presencial para el arranque del ciclo escolar 2023-1<br>(enero \u2013 junio).<br>Con ese motivo, el rector C.P. Guillermo Mendoza Cavazos dio la bienvenida a<br>quienes se integran y reintegran a las actividades escolares en sus respectivas<br>facultades, unidades acad\u00e9micas y escuelas en todos los campus del estado,<br>luego del receso vacacional decembrino.<br>\u201cEs un gusto saludarles ahora que comenzamos un nuevo periodo escolar. Es una<br>oportunidad para poner en juego todo el entusiasmo, todo el talento, todo el<br>esfuerzo, todas las ganas en cada aspecto de su formaci\u00f3n. Tanto a quienes<br>ingresan como a quienes se reincorporan en cada uno de nuestros niveles, les doy<br>la m\u00e1s c\u00e1lida bienvenida a la UAT, su casa, la universidad m\u00e1s grande y fuerte de<br>nuestro Estado\u201d, expres\u00f3 el rector.<br>Este ciclo que inicia es el segundo semestre en el que de manera consecutiva la<br>comunidad estudiantil se reincorpora a las clases presenciales, luego de m\u00e1s de<br>dos a\u00f1os de permanecer con clases a distancia debido a las condiciones de<br>emergencia sanitaria.<\/p>\n\n\n\n<p>En ese contexto, el C.P. Mendoza Cavazos reiter\u00f3 su invitaci\u00f3n a la comunidad<br>universitaria a seguir todas las medidas preventivas como la aplicaci\u00f3n de gel<br>antibacterial y uso obligatorio de cubrebocas.<br>De igual manera, puso de relieve el compromiso que tiene la planta docente de<br>dar todo su esfuerzo en los objetivos trazados por la Universidad para la<br>preparaci\u00f3n de todos los estudiantes.<br>\u201cEs importante tener sue\u00f1os y metas, pero recuerden que solo se logran con la<br>determinaci\u00f3n de levantarse todos los d\u00edas a luchar por cumplirlos y hacer lo que<br>les toca para ser una mejor versi\u00f3n de ustedes mismos\u201d, acot\u00f3.<br>Por \u00faltimo, dijo que la m\u00e1xima casa de estudios en el estado continuar\u00e1<br>transformando el rol de la universidad p\u00fablica con una propuesta educativa,<br>fomentando el conocimiento, la academia, la investigaci\u00f3n y la vinculaci\u00f3n con el<br>entorno para beneficio de todas y todos los tamaulipecos.<br>\u201cLes deseo mucho \u00e9xito en este semestre y espero que lleven hoy y siempre en<br>sucoraz\u00f3n a la Universidad Aut\u00f3noma de Tamaulipas, la Universidad de todos\u201d,<br>puntualiz\u00f3.<\/p>\n","protected":false},"excerpt":{"rendered":"<p>Ciudad Victoria, Tam.; 15 de enero de 2023.Rector de la UAT da bienvenida al ciclo escolar universitario 2023-1 \u00b7 El C.P. Guillermo Mendoza ofrece mensaje con motivo del inicio de actividades acad\u00e9micas en la m\u00e1xima casa de estudios de Tamaulipas. La Universidad Aut\u00f3noma de Tamaulipas (UAT) abre sus puertas este 16 de eneroa los m\u00e1s [&hellip;]<\/p>\n","protected":false},"author":1,"featured_media":906,"comment_status":"open","ping_status":"open","sticky":false,"template":"","format":"standard","meta":{"footnotes":""},"categories":[4],"tags":[],"class_list":["post-905","post","type-post","status-publish","format-standard","has-post-thumbnail","hentry","category-universidades"],"blog_post_layout_featured_media_urls":{"thumbnail":["https:\/\/elregionaldigital.info\/wp-content\/uploads\/2023\/02\/15a2-150x150.jpg",150,150,true],"full":["https:\/\/elregionaldigital.info\/wp-content\/uploads\/2023\/02\/15a2-scaled.jpg",2560,1707,false]},"categories_names":{"4":{"name":"Universidades","link":"https:\/\/elregionaldigital.info\/?cat=4"}},"tags_names":[],"comments_number":"0","wpmagazine_modules_lite_featured_media_urls":{"thumbnail":["https:\/\/elregionaldigital.info\/wp-content\/uploads\/2023\/02\/15a2-150x150.jpg",150,150,true],"cvmm-medium":["https:\/\/elregionaldigital.info\/wp-content\/uploads\/2023\/02\/15a2-300x300.jpg",300,300,true],"cvmm-medium-plus":["https:\/\/elregionaldigital.info\/wp-content\/uploads\/2023\/02\/15a2-305x207.jpg",305,207,true],"cvmm-portrait":["https:\/\/elregionaldigital.info\/wp-content\/uploads\/2023\/02\/15a2-400x600.jpg",400,600,true],"cvmm-medium-square":["https:\/\/elregionaldigital.info\/wp-content\/uploads\/2023\/02\/15a2-600x600.jpg",600,600,true],"cvmm-large":["https:\/\/elregionaldigital.info\/wp-content\/uploads\/2023\/02\/15a2-1024x1024.jpg",1024,1024,true],"cvmm-small":["https:\/\/elregionaldigital.info\/wp-content\/uploads\/2023\/02\/15a2-130x95.jpg",130,95,true],"full":["https:\/\/elregionaldigital.info\/wp-content\/uploads\/2023\/02\/15a2-scaled.jpg",2560,1707,false]},"_links":{"self":[{"href":"https:\/\/elregionaldigital.info\/index.php?rest_route=\/wp\/v2\/posts\/905","targetHints":{"allow":["GET"]}}],"collection":[{"href":"https:\/\/elregionaldigital.info\/index.php?rest_route=\/wp\/v2\/posts"}],"about":[{"href":"https:\/\/elregionaldigital.info\/index.php?rest_route=\/wp\/v2\/types\/post"}],"author":[{"embeddable":true,"href":"https:\/\/elregionaldigital.info\/index.php?rest_route=\/wp\/v2\/users\/1"}],"replies":[{"embeddable":true,"href":"https:\/\/elregionaldigital.info\/index.php?rest_route=%2Fwp%2Fv2%2Fcomments&post=905"}],"version-history":[{"count":1,"href":"https:\/\/elregionaldigital.info\/index.php?rest_route=\/wp\/v2\/posts\/905\/revisions"}],"predecessor-version":[{"id":907,"href":"https:\/\/elregionaldigital.info\/index.php?rest_route=\/wp\/v2\/posts\/905\/revisions\/907"}],"wp:featuredmedia":[{"embeddable":true,"href":"https:\/\/elregionaldigital.info\/index.php?rest_route=\/wp\/v2\/media\/906"}],"wp:attachment":[{"href":"https:\/\/elregionaldigital.info\/index.php?rest_route=%2Fwp%2Fv2%2Fmedia&parent=905"}],"wp:term":[{"taxonomy":"category","embeddable":true,"href":"https:\/\/elregionaldigital.info\/index.php?rest_route=%2Fwp%2Fv2%2Fcategories&post=905"},{"taxonomy":"post_tag","embeddable":true,"href":"https:\/\/elregionaldigital.info\/index.php?rest_route=%2Fwp%2Fv2%2Ftags&post=905"}],"curies":[{"name":"wp","href":"https:\/\/api.w.org\/{rel}","templated":true}]}}