{"id":890,"date":"2023-02-06T17:17:44","date_gmt":"2023-02-06T17:17:44","guid":{"rendered":"http:\/\/elregionaldigital.info\/?p=890"},"modified":"2023-02-08T17:21:37","modified_gmt":"2023-02-08T17:21:37","slug":"pone-en-marcha-la-uat-el-programa-de-sustentabilidad-con-universitarios","status":"publish","type":"post","link":"https:\/\/elregionaldigital.info\/?p=890","title":{"rendered":"Pone en marcha la UAT el programa de sustentabilidad con Universitarios"},"content":{"rendered":"\n<p><\/p>\n\n\n\n<figure class=\"wp-block-image size-large\"><img loading=\"lazy\" decoding=\"async\" width=\"1024\" height=\"683\" src=\"http:\/\/elregionaldigital.info\/wp-content\/uploads\/2023\/02\/06-1-1024x683.jpg\" alt=\"\" class=\"wp-image-891\" srcset=\"https:\/\/elregionaldigital.info\/wp-content\/uploads\/2023\/02\/06-1-1024x683.jpg 1024w, https:\/\/elregionaldigital.info\/wp-content\/uploads\/2023\/02\/06-1-300x200.jpg 300w, https:\/\/elregionaldigital.info\/wp-content\/uploads\/2023\/02\/06-1-768x512.jpg 768w, https:\/\/elregionaldigital.info\/wp-content\/uploads\/2023\/02\/06-1-1536x1024.jpg 1536w, https:\/\/elregionaldigital.info\/wp-content\/uploads\/2023\/02\/06-1-2048x1365.jpg 2048w\" sizes=\"auto, (max-width: 1024px) 100vw, 1024px\" \/><\/figure>\n\n\n\n<p>Ciudad Victoria, Tam.; 6 de febrero de 2023.<br>Pone en marcha la UAT el programa de sustentabilidad con<\/p>\n\n\n\n<p>universitarios<\/p>\n\n\n\n<p>Con el objetivo de crear conciencia sobre la sustentabilidad, la Agenda 2030 y los<br>Objetivos de Desarrollo Sostenible (ODS) entre la comunidad estudiantil, la Universidad<br>Aut\u00f3noma de Tamaulipas (UAT) puso en marcha el programa \u201cConectadODS con tu<br>facultad\u201d.<br>La campa\u00f1a de difusi\u00f3n se estar\u00e1 realizando mediante una serie de visitas en las<br>diferentes escuelas, facultades y unidades acad\u00e9micas a fin de efectuar diversas din\u00e1micas,<br>hacer entrevistas y entregar algunos obsequios a la comunidad estudiantil para divulgar las<br>acciones de la direcci\u00f3n y animarlos a integrarse de manera activa en dichas actividades.<br>Organizado por la Direcci\u00f3n de Sustentabilidad de la Secretar\u00eda de Investigaci\u00f3n y<br>Posgrado de la UAT, el programa se inici\u00f3 en la Facultad de Derecho y Ciencias Sociales<br>del campus Victoria.<br>Al respecto, la Dra. Yolanda Mendoza Cavazos, directora de Sustentabilidad,<br>destac\u00f3 que este ejercicio forma parte del importante papel que tiene la Universidad para<br>alcanzar el desarrollo sostenible involucrando a toda la comunidad universitaria en esta<br>misi\u00f3n y responsabilidad.<\/p>\n\n\n\n<p>Detall\u00f3 que estas visitas a las facultades y escuelas de la UAT se realizar\u00e1n cada<br>semana. En ellas se desarrollar\u00e1 una serie de acciones que involucren el quehacer de la vida<br>universitaria y de su formaci\u00f3n integral, con la finalidad de integrar cada integrante de la<br>comunidad universitaria que desee aportar ideas, expresar necesidades y tenga inter\u00e9s de<br>participar en los esfuerzos para un futuro mejor y m\u00e1s sostenible.<br>Dentro del plan de actividades se pretende que los estudiantes conozcan m\u00e1s acerca<br>de los Objetivos de Desarrollo Sostenible, la Agenda 2030, las acciones cotidianas que<br>aporten al cumplimiento de esta misi\u00f3n, la importancia de la sostenibilidad en una instituci\u00f3n de educaci\u00f3n superior, la identidad universitaria, la identificaci\u00f3n de<br>necesidades y la generaci\u00f3n de propuestas para aportar a la erradicaci\u00f3n de la pobreza,<br>proteger el planeta y asegurar la prosperidad para todas las personas.<\/p>\n\n\n\n<p><\/p>\n","protected":false},"excerpt":{"rendered":"<p>Ciudad Victoria, Tam.; 6 de febrero de 2023.Pone en marcha la UAT el programa de sustentabilidad con universitarios Con el objetivo de crear conciencia sobre la sustentabilidad, la Agenda 2030 y losObjetivos de Desarrollo Sostenible (ODS) entre la comunidad estudiantil, la UniversidadAut\u00f3noma de Tamaulipas (UAT) puso en marcha el programa \u201cConectadODS con tufacultad\u201d.La campa\u00f1a de [&hellip;]<\/p>\n","protected":false},"author":1,"featured_media":891,"comment_status":"open","ping_status":"open","sticky":false,"template":"","format":"standard","meta":{"footnotes":""},"categories":[4],"tags":[],"class_list":["post-890","post","type-post","status-publish","format-standard","has-post-thumbnail","hentry","category-universidades"],"blog_post_layout_featured_media_urls":{"thumbnail":["https:\/\/elregionaldigital.info\/wp-content\/uploads\/2023\/02\/06-1-150x150.jpg",150,150,true],"full":["https:\/\/elregionaldigital.info\/wp-content\/uploads\/2023\/02\/06-1-scaled.jpg",2560,1707,false]},"categories_names":{"4":{"name":"Universidades","link":"https:\/\/elregionaldigital.info\/?cat=4"}},"tags_names":[],"comments_number":"0","wpmagazine_modules_lite_featured_media_urls":{"thumbnail":["https:\/\/elregionaldigital.info\/wp-content\/uploads\/2023\/02\/06-1-150x150.jpg",150,150,true],"cvmm-medium":["https:\/\/elregionaldigital.info\/wp-content\/uploads\/2023\/02\/06-1-300x300.jpg",300,300,true],"cvmm-medium-plus":["https:\/\/elregionaldigital.info\/wp-content\/uploads\/2023\/02\/06-1-305x207.jpg",305,207,true],"cvmm-portrait":["https:\/\/elregionaldigital.info\/wp-content\/uploads\/2023\/02\/06-1-400x600.jpg",400,600,true],"cvmm-medium-square":["https:\/\/elregionaldigital.info\/wp-content\/uploads\/2023\/02\/06-1-600x600.jpg",600,600,true],"cvmm-large":["https:\/\/elregionaldigital.info\/wp-content\/uploads\/2023\/02\/06-1-1024x1024.jpg",1024,1024,true],"cvmm-small":["https:\/\/elregionaldigital.info\/wp-content\/uploads\/2023\/02\/06-1-130x95.jpg",130,95,true],"full":["https:\/\/elregionaldigital.info\/wp-content\/uploads\/2023\/02\/06-1-scaled.jpg",2560,1707,false]},"_links":{"self":[{"href":"https:\/\/elregionaldigital.info\/index.php?rest_route=\/wp\/v2\/posts\/890","targetHints":{"allow":["GET"]}}],"collection":[{"href":"https:\/\/elregionaldigital.info\/index.php?rest_route=\/wp\/v2\/posts"}],"about":[{"href":"https:\/\/elregionaldigital.info\/index.php?rest_route=\/wp\/v2\/types\/post"}],"author":[{"embeddable":true,"href":"https:\/\/elregionaldigital.info\/index.php?rest_route=\/wp\/v2\/users\/1"}],"replies":[{"embeddable":true,"href":"https:\/\/elregionaldigital.info\/index.php?rest_route=%2Fwp%2Fv2%2Fcomments&post=890"}],"version-history":[{"count":1,"href":"https:\/\/elregionaldigital.info\/index.php?rest_route=\/wp\/v2\/posts\/890\/revisions"}],"predecessor-version":[{"id":892,"href":"https:\/\/elregionaldigital.info\/index.php?rest_route=\/wp\/v2\/posts\/890\/revisions\/892"}],"wp:featuredmedia":[{"embeddable":true,"href":"https:\/\/elregionaldigital.info\/index.php?rest_route=\/wp\/v2\/media\/891"}],"wp:attachment":[{"href":"https:\/\/elregionaldigital.info\/index.php?rest_route=%2Fwp%2Fv2%2Fmedia&parent=890"}],"wp:term":[{"taxonomy":"category","embeddable":true,"href":"https:\/\/elregionaldigital.info\/index.php?rest_route=%2Fwp%2Fv2%2Fcategories&post=890"},{"taxonomy":"post_tag","embeddable":true,"href":"https:\/\/elregionaldigital.info\/index.php?rest_route=%2Fwp%2Fv2%2Ftags&post=890"}],"curies":[{"name":"wp","href":"https:\/\/api.w.org\/{rel}","templated":true}]}}