{"id":887,"date":"2023-01-26T16:25:39","date_gmt":"2023-01-26T16:25:39","guid":{"rendered":"http:\/\/elregionaldigital.info\/?p=887"},"modified":"2023-01-31T16:32:36","modified_gmt":"2023-01-31T16:32:36","slug":"reconoce-uat-a-sus-estudiantes-de-excelencia-academica-del-ceina","status":"publish","type":"post","link":"https:\/\/elregionaldigital.info\/?p=887","title":{"rendered":"Reconoce UAT a sus estudiantes de excelencia acad\u00e9mica del CEINA"},"content":{"rendered":"\n<p><\/p>\n\n\n\n<figure class=\"wp-block-image size-large\"><img loading=\"lazy\" decoding=\"async\" width=\"1024\" height=\"683\" src=\"http:\/\/elregionaldigital.info\/wp-content\/uploads\/2023\/01\/6-15-1024x683.jpg\" alt=\"\" class=\"wp-image-888\" srcset=\"https:\/\/elregionaldigital.info\/wp-content\/uploads\/2023\/01\/6-15-1024x683.jpg 1024w, https:\/\/elregionaldigital.info\/wp-content\/uploads\/2023\/01\/6-15-300x200.jpg 300w, https:\/\/elregionaldigital.info\/wp-content\/uploads\/2023\/01\/6-15-768x512.jpg 768w, https:\/\/elregionaldigital.info\/wp-content\/uploads\/2023\/01\/6-15-1536x1024.jpg 1536w, https:\/\/elregionaldigital.info\/wp-content\/uploads\/2023\/01\/6-15-2048x1365.jpg 2048w\" sizes=\"auto, (max-width: 1024px) 100vw, 1024px\" \/><\/figure>\n\n\n\n<p>Ciudad Victoria, Tam., 26 de enero de 2023.<br>Reconoce UAT a sus estudiantes de excelencia acad\u00e9mica del<\/p>\n\n\n\n<p>CEINA<\/p>\n\n\n\n<p>El Centro Especializado de Idiomas para Ni\u00f1os y Adolescentes (CEINA) de la<br>Universidad Aut\u00f3noma de Tamaulipas (UAT) entreg\u00f3 reconocimientos y medallas<br>a los estudiantes que alcanzaron los m\u00e1s altos promedios en el ciclo escolar<br>pasado.<br>En la ceremonia, que se desarroll\u00f3 en el Teatro Ju\u00e1rez de la Universidad,<br>se reconoci\u00f3 a los ciento veinticinco alumnos que se destacaron por su<br>rendimiento en el aprendizaje de las lenguas inglesa y francesa.<br>El evento fue presidido por la C. P. Imelda Sustaita de Mendoza, miembro<br>honorario del grupo UAT U-NIDO, acompa\u00f1ada de la Mtra. Mar\u00eda Dolores<br>Mart\u00ednez Hern\u00e1ndez, directora del CEINA.<br>Se destac\u00f3 que uno de los objetivos principales de ese plantel de la UAT es<br>contribuir a la formaci\u00f3n integral de ni\u00f1os y adolescentes mediante una alta<br>calidad en la ense\u00f1anza de lenguas extranjeras.<br>En ese proceso se desarrollan competencias ling\u00fc\u00edsticas para el dominio de<br>idiomas de alta demanda global y se contribuye, adem\u00e1s, al desarrollo social por<br>medio de estrategias y programas educativos de calidad.<br>En la ceremonia se entregaron reconocimientos de excelencia a quienes<br>obtuvieron el promedio de 100 al concluir su ciclo y medallas a quienes lograron<br>los primeros lugares en sus respectivos niveles.<br>Se subray\u00f3 que los ni\u00f1os y adolescentes reconocidos por su excelencia<br>fortalecieron su aprendizaje de manera integral y lograron un elevado desempe\u00f1o<br>de sus habilidades educativas y comunicativas.<br>Tambi\u00e9n se resalt\u00f3 la importancia de que los estudiantes aprendan un<br>segundo idioma durante su educaci\u00f3n b\u00e1sica, ya que esto proporciona un amplio panorama que contribuye al desarrollo de conocimientos que facilitar\u00e1n su futura<br>labor como estudiantes universitarios y profesionistas.<br>En la ceremonia tambi\u00e9n estuvieron presentes la coordinadora acad\u00e9mica<br>del CEINA, Mtra. Nelda Lizbeth Cant\u00fa Garc\u00eda, y la coordinadora de Formaci\u00f3n<br>Integral del plantel, Mtra. Mar\u00eda del Pilar Rodr\u00edguez Lerma.<\/p>\n\n\n\n<p><\/p>\n\n\n\n<p><\/p>\n","protected":false},"excerpt":{"rendered":"<p>Ciudad Victoria, Tam., 26 de enero de 2023.Reconoce UAT a sus estudiantes de excelencia acad\u00e9mica del CEINA El Centro Especializado de Idiomas para Ni\u00f1os y Adolescentes (CEINA) de laUniversidad Aut\u00f3noma de Tamaulipas (UAT) entreg\u00f3 reconocimientos y medallasa los estudiantes que alcanzaron los m\u00e1s altos promedios en el ciclo escolarpasado.En la ceremonia, que se desarroll\u00f3 en [&hellip;]<\/p>\n","protected":false},"author":1,"featured_media":888,"comment_status":"open","ping_status":"open","sticky":false,"template":"","format":"standard","meta":{"footnotes":""},"categories":[4],"tags":[],"class_list":["post-887","post","type-post","status-publish","format-standard","has-post-thumbnail","hentry","category-universidades"],"blog_post_layout_featured_media_urls":{"thumbnail":["https:\/\/elregionaldigital.info\/wp-content\/uploads\/2023\/01\/6-15-150x150.jpg",150,150,true],"full":["https:\/\/elregionaldigital.info\/wp-content\/uploads\/2023\/01\/6-15-scaled.jpg",2560,1707,false]},"categories_names":{"4":{"name":"Universidades","link":"https:\/\/elregionaldigital.info\/?cat=4"}},"tags_names":[],"comments_number":"0","wpmagazine_modules_lite_featured_media_urls":{"thumbnail":["https:\/\/elregionaldigital.info\/wp-content\/uploads\/2023\/01\/6-15-150x150.jpg",150,150,true],"cvmm-medium":["https:\/\/elregionaldigital.info\/wp-content\/uploads\/2023\/01\/6-15-300x300.jpg",300,300,true],"cvmm-medium-plus":["https:\/\/elregionaldigital.info\/wp-content\/uploads\/2023\/01\/6-15-305x207.jpg",305,207,true],"cvmm-portrait":["https:\/\/elregionaldigital.info\/wp-content\/uploads\/2023\/01\/6-15-400x600.jpg",400,600,true],"cvmm-medium-square":["https:\/\/elregionaldigital.info\/wp-content\/uploads\/2023\/01\/6-15-600x600.jpg",600,600,true],"cvmm-large":["https:\/\/elregionaldigital.info\/wp-content\/uploads\/2023\/01\/6-15-1024x1024.jpg",1024,1024,true],"cvmm-small":["https:\/\/elregionaldigital.info\/wp-content\/uploads\/2023\/01\/6-15-130x95.jpg",130,95,true],"full":["https:\/\/elregionaldigital.info\/wp-content\/uploads\/2023\/01\/6-15-scaled.jpg",2560,1707,false]},"_links":{"self":[{"href":"https:\/\/elregionaldigital.info\/index.php?rest_route=\/wp\/v2\/posts\/887","targetHints":{"allow":["GET"]}}],"collection":[{"href":"https:\/\/elregionaldigital.info\/index.php?rest_route=\/wp\/v2\/posts"}],"about":[{"href":"https:\/\/elregionaldigital.info\/index.php?rest_route=\/wp\/v2\/types\/post"}],"author":[{"embeddable":true,"href":"https:\/\/elregionaldigital.info\/index.php?rest_route=\/wp\/v2\/users\/1"}],"replies":[{"embeddable":true,"href":"https:\/\/elregionaldigital.info\/index.php?rest_route=%2Fwp%2Fv2%2Fcomments&post=887"}],"version-history":[{"count":1,"href":"https:\/\/elregionaldigital.info\/index.php?rest_route=\/wp\/v2\/posts\/887\/revisions"}],"predecessor-version":[{"id":889,"href":"https:\/\/elregionaldigital.info\/index.php?rest_route=\/wp\/v2\/posts\/887\/revisions\/889"}],"wp:featuredmedia":[{"embeddable":true,"href":"https:\/\/elregionaldigital.info\/index.php?rest_route=\/wp\/v2\/media\/888"}],"wp:attachment":[{"href":"https:\/\/elregionaldigital.info\/index.php?rest_route=%2Fwp%2Fv2%2Fmedia&parent=887"}],"wp:term":[{"taxonomy":"category","embeddable":true,"href":"https:\/\/elregionaldigital.info\/index.php?rest_route=%2Fwp%2Fv2%2Fcategories&post=887"},{"taxonomy":"post_tag","embeddable":true,"href":"https:\/\/elregionaldigital.info\/index.php?rest_route=%2Fwp%2Fv2%2Ftags&post=887"}],"curies":[{"name":"wp","href":"https:\/\/api.w.org\/{rel}","templated":true}]}}