{"id":866,"date":"2023-01-07T17:40:00","date_gmt":"2023-01-07T17:40:00","guid":{"rendered":"http:\/\/elregionaldigital.info\/?p=866"},"modified":"2023-01-08T18:04:23","modified_gmt":"2023-01-08T18:04:23","slug":"luca-martinez-dupuy-quiere-jugar-con-mexico-y-no-con-argentina","status":"publish","type":"post","link":"https:\/\/elregionaldigital.info\/?p=866","title":{"rendered":"Luca Mart\u00ednez Dupuy quiere jugar con M\u00e9xico y no con Argentina"},"content":{"rendered":"\n<figure class=\"wp-block-image size-full\"><img loading=\"lazy\" decoding=\"async\" width=\"958\" height=\"596\" src=\"http:\/\/elregionaldigital.info\/wp-content\/uploads\/2023\/01\/luca-martinez-dupuy-jovenesfutmx.webp\" alt=\"\" class=\"wp-image-867\" srcset=\"https:\/\/elregionaldigital.info\/wp-content\/uploads\/2023\/01\/luca-martinez-dupuy-jovenesfutmx.webp 958w, https:\/\/elregionaldigital.info\/wp-content\/uploads\/2023\/01\/luca-martinez-dupuy-jovenesfutmx-300x187.webp 300w, https:\/\/elregionaldigital.info\/wp-content\/uploads\/2023\/01\/luca-martinez-dupuy-jovenesfutmx-768x478.webp 768w\" sizes=\"auto, (max-width: 958px) 100vw, 958px\" \/><\/figure>\n\n\n\n<p>El delantero de Rosario Central dijo que sue\u00f1a ganar el Mundial con el Tri; se ve m\u00e1s como Chicharito que como R\u00e1ul.<\/p>\n\n\n\n<p><strong>Luca Mart\u00ednez Dupuy<\/strong>&nbsp;espera el llamado de la selecci\u00f3n mayor de&nbsp;<strong>M\u00e9xico<\/strong>&nbsp;y no el de&nbsp;<strong>Argentina<\/strong>&nbsp;pese a militar en el&nbsp;<strong>Rosario Central<\/strong>. El delantero de 21 a\u00f1os quiere ser campe\u00f3n mundial con el Tri.<\/p>\n\n\n\n<p>Hace unos a\u00f1os, en una entrevista para&nbsp;<strong>\u00c1lvaro Cruz<\/strong>, reportero de&nbsp;<strong>TUDN<\/strong>,&nbsp;<a href=\"https:\/\/www.tudn.com\/futbol\/mexico\/luca-martinez-se-ve-en-america-o-tigres-y-campeon-con-mexico\" target=\"_blank\" rel=\"noreferrer noopener\">Mart\u00ednez Dupuy habl\u00f3 de su sue\u00f1o de jugar para M\u00e9xico<\/a>&nbsp;despu\u00e9s de&nbsp;<a href=\"https:\/\/www.tudn.com\/futbol\/mexico\/la-seleccion-mexicana-sub-20-convoca-a-luca-martinez-dupuy\" target=\"_blank\" rel=\"noreferrer noopener\">recibir su primera convocatoria a la Sub-20<\/a>.<\/p>\n\n\n\n<p>\u201cHoy en d\u00eda sue\u00f1o con poder ganar un Mundial, despu\u00e9s subir a Sub-23, ganar otro Mundial y despu\u00e9s seguir con la mayor y ganar el Mundial. Yo voy por todo, quiero ganar todo, ganarle al mejor. Esos son mis objetivos\u201d, coment\u00f3 en una entrevista del 2020.<\/p>\n\n\n\n<p>Ahora, comenzando el 2023 Mart\u00ednez Dupuy reiter\u00f3 su deseo de jugar en el Tri. \u201c&nbsp;<strong>Estoy comprometido al 100 por ciento con M\u00e9xico<\/strong>&nbsp;porque a tantos kil\u00f3metros de distancia fueron los primeros que se fijaron en m\u00ed y me dieron la oportunidad\u201d, dijo en entrevista para&nbsp;<em>Bolavip<\/em>.<\/p>\n\n\n\n<p>El atacante naci\u00f3 en San Luis el 5 de junio del 2001 mientras su padre, el exdefensa\u00a0<strong>Nahuel Mart\u00ednez<\/strong>, militaba en el futbol mexicano con el Real San Luis. Sus primeros tres a\u00f1os de vida los hizo en M\u00e9xico antes de que su pap\u00e1 regresara a Argentina al fichar con Sportivo Belgrano.<\/p>\n\n\n\n<p>En la entrevista con \u00c1lvaro Cruz, Mart\u00ednez Dupuy dijo que so\u00f1aba jugar a lado de&nbsp;<strong>Ra\u00fal Jim\u00e9nez<\/strong>, pero considera que futbol\u00edsticamente se parece m\u00e1s a&nbsp;<strong>Javier \u2018Chicharito\u2019 Hern\u00e1ndez<\/strong>, uno de sus referentes.<\/p>\n\n\n\n<p>\u201cYo creo que Chicharito, un poco m\u00e1s de piso, m\u00e1s potente, que va al frente. Yo creo que un poco m\u00e1s a Chicharito (se parece), Ra\u00fal es m\u00e1s l\u00edrico, m\u00e1s t\u00e9cnico, yo creo que hoy en d\u00eda me identifico un poco m\u00e1s a Chicharito\u201d, detall\u00f3.<\/p>\n\n\n\n<p>El juvenil mexicano se form\u00f3 en las fuerzas b\u00e1sicas de Rosario Central y en 2021 dio el salto al primer equipo donde ha disputado 47 partidos con un saldo de siete goles y dos asistencias.<\/p>\n\n\n\n<p>Mart\u00ednez quiere seguir los pasos de&nbsp;<strong>Santiago Gim\u00e9nez<\/strong>, quien tambi\u00e9n pudo jugar para la Albiceleste, pero opt\u00f3 por M\u00e9xico por el amor que le tiene al pa\u00eds.<\/p>\n\n\n\n<p>El Bebote brill\u00f3 en la Liga MX con Cruz Azul para partir a Europa con el Feyenoord. Desafortunadamente no pudo llenarle los ojos a Gerardo Martino para ir al Mundial Qatar 2022, pero se vislumbra que sea uno de los jugadores importantes del Tri en el 2026.<\/p>\n\n\n\n<p>Mart\u00ednez Dupuy tendr\u00e1 que esperar a que la selecci\u00f3n mexicana anuncie a su nuevo entrenador tras la salida del \u2018Tata\u2019 Martino para tener una oportunidad en la mayor.<\/p>\n","protected":false},"excerpt":{"rendered":"<p>El delantero de Rosario Central dijo que sue\u00f1a ganar el Mundial con el Tri; se ve m\u00e1s como Chicharito que como R\u00e1ul. Luca Mart\u00ednez Dupuy&nbsp;espera el llamado de la selecci\u00f3n mayor de&nbsp;M\u00e9xico&nbsp;y no el de&nbsp;Argentina&nbsp;pese a militar en el&nbsp;Rosario Central. El delantero de 21 a\u00f1os quiere ser campe\u00f3n mundial con el Tri. Hace unos a\u00f1os, [&hellip;]<\/p>\n","protected":false},"author":1,"featured_media":867,"comment_status":"open","ping_status":"open","sticky":false,"template":"","format":"standard","meta":{"footnotes":""},"categories":[6],"tags":[],"class_list":["post-866","post","type-post","status-publish","format-standard","has-post-thumbnail","hentry","category-deportes"],"blog_post_layout_featured_media_urls":{"thumbnail":["https:\/\/elregionaldigital.info\/wp-content\/uploads\/2023\/01\/luca-martinez-dupuy-jovenesfutmx-150x150.webp",150,150,true],"full":["https:\/\/elregionaldigital.info\/wp-content\/uploads\/2023\/01\/luca-martinez-dupuy-jovenesfutmx.webp",958,596,false]},"categories_names":{"6":{"name":"Deportes","link":"https:\/\/elregionaldigital.info\/?cat=6"}},"tags_names":[],"comments_number":"0","wpmagazine_modules_lite_featured_media_urls":{"thumbnail":["https:\/\/elregionaldigital.info\/wp-content\/uploads\/2023\/01\/luca-martinez-dupuy-jovenesfutmx-150x150.webp",150,150,true],"cvmm-medium":["https:\/\/elregionaldigital.info\/wp-content\/uploads\/2023\/01\/luca-martinez-dupuy-jovenesfutmx-300x300.webp",300,300,true],"cvmm-medium-plus":["https:\/\/elregionaldigital.info\/wp-content\/uploads\/2023\/01\/luca-martinez-dupuy-jovenesfutmx-305x207.webp",305,207,true],"cvmm-portrait":["https:\/\/elregionaldigital.info\/wp-content\/uploads\/2023\/01\/luca-martinez-dupuy-jovenesfutmx-400x596.webp",400,596,true],"cvmm-medium-square":["https:\/\/elregionaldigital.info\/wp-content\/uploads\/2023\/01\/luca-martinez-dupuy-jovenesfutmx-600x596.webp",600,596,true],"cvmm-large":["https:\/\/elregionaldigital.info\/wp-content\/uploads\/2023\/01\/luca-martinez-dupuy-jovenesfutmx.webp",958,596,false],"cvmm-small":["https:\/\/elregionaldigital.info\/wp-content\/uploads\/2023\/01\/luca-martinez-dupuy-jovenesfutmx-130x95.webp",130,95,true],"full":["https:\/\/elregionaldigital.info\/wp-content\/uploads\/2023\/01\/luca-martinez-dupuy-jovenesfutmx.webp",958,596,false]},"_links":{"self":[{"href":"https:\/\/elregionaldigital.info\/index.php?rest_route=\/wp\/v2\/posts\/866","targetHints":{"allow":["GET"]}}],"collection":[{"href":"https:\/\/elregionaldigital.info\/index.php?rest_route=\/wp\/v2\/posts"}],"about":[{"href":"https:\/\/elregionaldigital.info\/index.php?rest_route=\/wp\/v2\/types\/post"}],"author":[{"embeddable":true,"href":"https:\/\/elregionaldigital.info\/index.php?rest_route=\/wp\/v2\/users\/1"}],"replies":[{"embeddable":true,"href":"https:\/\/elregionaldigital.info\/index.php?rest_route=%2Fwp%2Fv2%2Fcomments&post=866"}],"version-history":[{"count":1,"href":"https:\/\/elregionaldigital.info\/index.php?rest_route=\/wp\/v2\/posts\/866\/revisions"}],"predecessor-version":[{"id":868,"href":"https:\/\/elregionaldigital.info\/index.php?rest_route=\/wp\/v2\/posts\/866\/revisions\/868"}],"wp:featuredmedia":[{"embeddable":true,"href":"https:\/\/elregionaldigital.info\/index.php?rest_route=\/wp\/v2\/media\/867"}],"wp:attachment":[{"href":"https:\/\/elregionaldigital.info\/index.php?rest_route=%2Fwp%2Fv2%2Fmedia&parent=866"}],"wp:term":[{"taxonomy":"category","embeddable":true,"href":"https:\/\/elregionaldigital.info\/index.php?rest_route=%2Fwp%2Fv2%2Fcategories&post=866"},{"taxonomy":"post_tag","embeddable":true,"href":"https:\/\/elregionaldigital.info\/index.php?rest_route=%2Fwp%2Fv2%2Ftags&post=866"}],"curies":[{"name":"wp","href":"https:\/\/api.w.org\/{rel}","templated":true}]}}