{"id":855,"date":"2023-01-06T16:57:39","date_gmt":"2023-01-06T16:57:39","guid":{"rendered":"http:\/\/elregionaldigital.info\/?p=855"},"modified":"2023-02-22T07:13:13","modified_gmt":"2023-02-22T07:13:13","slug":"855","status":"publish","type":"post","link":"https:\/\/elregionaldigital.info\/?p=855","title":{"rendered":"<strong>\u201cEn la UAT somos m\u00e1s fuertes y seguimos avanzando con firmeza\u201d: Rector<\/strong>"},"content":{"rendered":"\n<figure class=\"wp-block-image size-large\"><img loading=\"lazy\" decoding=\"async\" width=\"1024\" height=\"683\" src=\"http:\/\/elregionaldigital.info\/wp-content\/uploads\/2023\/01\/6-18-1024x683.jpg\" alt=\"\" class=\"wp-image-915\" srcset=\"https:\/\/elregionaldigital.info\/wp-content\/uploads\/2023\/01\/6-18-1024x683.jpg 1024w, https:\/\/elregionaldigital.info\/wp-content\/uploads\/2023\/01\/6-18-300x200.jpg 300w, https:\/\/elregionaldigital.info\/wp-content\/uploads\/2023\/01\/6-18-768x512.jpg 768w, https:\/\/elregionaldigital.info\/wp-content\/uploads\/2023\/01\/6-18-1536x1024.jpg 1536w, https:\/\/elregionaldigital.info\/wp-content\/uploads\/2023\/01\/6-18-2048x1365.jpg 2048w\" sizes=\"auto, (max-width: 1024px) 100vw, 1024px\" \/><\/figure>\n\n\n\n<p>Ciudad Victoria, Tam.; 6 de enero de 2023.<\/p>\n\n\n\n<p><strong>\u201cEn la UAT somos m\u00e1s fuertes y seguimos avanzando con firmeza\u201d: Rector<\/strong><\/p>\n\n\n\n<p>El rector Guillermo Mendoza Cavazos encabez\u00f3 el tradicional evento de salutaci\u00f3n 2023, donde convivi\u00f3 con personal docente, trabajadores y funcionarios de la Universidad Aut\u00f3noma de Tamaulipas (UAT), y en este marco enfatiz\u00f3 que las metas para este nuevo a\u00f1o son seguir creciendo como instituci\u00f3n y concretar los proyectos iniciados en 2022.<\/p>\n\n\n\n<p>Durante el evento desarrollado en el Gimnasio Multidisciplinario del Campus Victoria, el C. P. Guillermo Mendoza Cavazos estuvo acompa\u00f1ado de funcionarios de la administraci\u00f3n central, as\u00ed como de directores de las escuelas, facultades y unidades acad\u00e9micas de la UAT.<\/p>\n\n\n\n<p>\u201cDurante este a\u00f1o, toda nuestra comunidad enfocar\u00e1 su energ\u00eda y su esfuerzo para consolidar la visi\u00f3n de la nueva universidad a trav\u00e9s de nuestras fortalezas: la ense\u00f1anza, el aprendizaje, la investigaci\u00f3n y el liderazgo social\u201d, expres\u00f3.<\/p>\n\n\n\n<p>Reiter\u00f3 su prop\u00f3sito de transformar el rol de la UAT como universidad p\u00fablica en el noreste del pa\u00eds, donde la formaci\u00f3n acad\u00e9mica sea fundamental para ese proceso.<\/p>\n\n\n\n<p>\u201cVamos por una propuesta educativa que fomenta el conocimiento, la academia, la investigaci\u00f3n y la vinculaci\u00f3n con nuestro entorno para beneficio de todos los tamaulipecos; vamos por una forma de hacer vida universitaria\u201d, subray\u00f3 el rector.<\/p>\n\n\n\n<p>Explic\u00f3 que en el primer a\u00f1o de su administraci\u00f3n se plante\u00f3 consolidar la integraci\u00f3n de la comunidad universitaria bajo una visi\u00f3n moderna de trabajo y acorde a las necesidades que la sociedad requiera.<\/p>\n","protected":false},"excerpt":{"rendered":"<p>Ciudad Victoria, Tam.; 6 de enero de 2023. \u201cEn la UAT somos m\u00e1s fuertes y seguimos avanzando con firmeza\u201d: Rector El rector Guillermo Mendoza Cavazos encabez\u00f3 el tradicional evento de salutaci\u00f3n 2023, donde convivi\u00f3 con personal docente, trabajadores y funcionarios de la Universidad Aut\u00f3noma de Tamaulipas (UAT), y en este marco enfatiz\u00f3 que las metas [&hellip;]<\/p>\n","protected":false},"author":1,"featured_media":856,"comment_status":"open","ping_status":"open","sticky":false,"template":"","format":"standard","meta":{"footnotes":""},"categories":[4],"tags":[],"class_list":["post-855","post","type-post","status-publish","format-standard","has-post-thumbnail","hentry","category-universidades"],"blog_post_layout_featured_media_urls":{"thumbnail":["https:\/\/elregionaldigital.info\/wp-content\/uploads\/2023\/01\/6-14-150x150.jpg",150,150,true],"full":["https:\/\/elregionaldigital.info\/wp-content\/uploads\/2023\/01\/6-14-scaled.jpg",2560,1707,false]},"categories_names":{"4":{"name":"Universidades","link":"https:\/\/elregionaldigital.info\/?cat=4"}},"tags_names":[],"comments_number":"0","wpmagazine_modules_lite_featured_media_urls":{"thumbnail":["https:\/\/elregionaldigital.info\/wp-content\/uploads\/2023\/01\/6-14-150x150.jpg",150,150,true],"cvmm-medium":["https:\/\/elregionaldigital.info\/wp-content\/uploads\/2023\/01\/6-14-300x300.jpg",300,300,true],"cvmm-medium-plus":["https:\/\/elregionaldigital.info\/wp-content\/uploads\/2023\/01\/6-14-305x207.jpg",305,207,true],"cvmm-portrait":["https:\/\/elregionaldigital.info\/wp-content\/uploads\/2023\/01\/6-14-400x600.jpg",400,600,true],"cvmm-medium-square":["https:\/\/elregionaldigital.info\/wp-content\/uploads\/2023\/01\/6-14-600x600.jpg",600,600,true],"cvmm-large":["https:\/\/elregionaldigital.info\/wp-content\/uploads\/2023\/01\/6-14-1024x1024.jpg",1024,1024,true],"cvmm-small":["https:\/\/elregionaldigital.info\/wp-content\/uploads\/2023\/01\/6-14-130x95.jpg",130,95,true],"full":["https:\/\/elregionaldigital.info\/wp-content\/uploads\/2023\/01\/6-14-scaled.jpg",2560,1707,false]},"_links":{"self":[{"href":"https:\/\/elregionaldigital.info\/index.php?rest_route=\/wp\/v2\/posts\/855","targetHints":{"allow":["GET"]}}],"collection":[{"href":"https:\/\/elregionaldigital.info\/index.php?rest_route=\/wp\/v2\/posts"}],"about":[{"href":"https:\/\/elregionaldigital.info\/index.php?rest_route=\/wp\/v2\/types\/post"}],"author":[{"embeddable":true,"href":"https:\/\/elregionaldigital.info\/index.php?rest_route=\/wp\/v2\/users\/1"}],"replies":[{"embeddable":true,"href":"https:\/\/elregionaldigital.info\/index.php?rest_route=%2Fwp%2Fv2%2Fcomments&post=855"}],"version-history":[{"count":2,"href":"https:\/\/elregionaldigital.info\/index.php?rest_route=\/wp\/v2\/posts\/855\/revisions"}],"predecessor-version":[{"id":916,"href":"https:\/\/elregionaldigital.info\/index.php?rest_route=\/wp\/v2\/posts\/855\/revisions\/916"}],"wp:featuredmedia":[{"embeddable":true,"href":"https:\/\/elregionaldigital.info\/index.php?rest_route=\/wp\/v2\/media\/856"}],"wp:attachment":[{"href":"https:\/\/elregionaldigital.info\/index.php?rest_route=%2Fwp%2Fv2%2Fmedia&parent=855"}],"wp:term":[{"taxonomy":"category","embeddable":true,"href":"https:\/\/elregionaldigital.info\/index.php?rest_route=%2Fwp%2Fv2%2Fcategories&post=855"},{"taxonomy":"post_tag","embeddable":true,"href":"https:\/\/elregionaldigital.info\/index.php?rest_route=%2Fwp%2Fv2%2Ftags&post=855"}],"curies":[{"name":"wp","href":"https:\/\/api.w.org\/{rel}","templated":true}]}}