{"id":843,"date":"2023-01-02T20:10:06","date_gmt":"2023-01-02T20:10:06","guid":{"rendered":"http:\/\/elregionaldigital.info\/?p=843"},"modified":"2023-01-03T20:16:44","modified_gmt":"2023-01-03T20:16:44","slug":"sube-a-27-la-cifra-de-reos-fugados-en-el-cereso-de-ciudad-juarez","status":"publish","type":"post","link":"https:\/\/elregionaldigital.info\/?p=843","title":{"rendered":"Sube a 27 la cifra de reos fugados en el Cereso de Ciudad Ju\u00e1rez"},"content":{"rendered":"\n<figure class=\"wp-block-image size-large\"><img loading=\"lazy\" decoding=\"async\" width=\"1024\" height=\"768\" src=\"http:\/\/elregionaldigital.info\/wp-content\/uploads\/2023\/01\/09bf23e0-421f-4f3b-9fcf-488e41afd0ab-1024x768.jpg\" alt=\"\" class=\"wp-image-844\" srcset=\"https:\/\/elregionaldigital.info\/wp-content\/uploads\/2023\/01\/09bf23e0-421f-4f3b-9fcf-488e41afd0ab-1024x768.jpg 1024w, https:\/\/elregionaldigital.info\/wp-content\/uploads\/2023\/01\/09bf23e0-421f-4f3b-9fcf-488e41afd0ab-300x225.jpg 300w, https:\/\/elregionaldigital.info\/wp-content\/uploads\/2023\/01\/09bf23e0-421f-4f3b-9fcf-488e41afd0ab-768x576.jpg 768w, https:\/\/elregionaldigital.info\/wp-content\/uploads\/2023\/01\/09bf23e0-421f-4f3b-9fcf-488e41afd0ab-136x102.jpg 136w, https:\/\/elregionaldigital.info\/wp-content\/uploads\/2023\/01\/09bf23e0-421f-4f3b-9fcf-488e41afd0ab.jpg 1280w\" sizes=\"auto, (max-width: 1024px) 100vw, 1024px\" \/><\/figure>\n\n\n\n<p>En cuanto a las identidades de los 27 reos que escaparon, no se han dado a conocer.<\/p>\n\n\n\n<p>Ciudad Ju\u00e1rez.- La Fiscal\u00eda General del Estado (FGE) actualiz\u00f3 la noche del domingo la cifra de<strong>&nbsp;reos que escaparon del Cereso No. 3<\/strong>&nbsp;de Ciudad Ju\u00e1rez.<\/p>\n\n\n\n<p>De acuerdo con la informaci\u00f3n proporcionada, son 27 personas privadas de la libertad las que se fugaron del penal, as\u00ed como 10 oficiales fallecidos, 3 oficiales heridos, 7 reos muertos y 10 heridos.<\/p>\n\n\n\n<p>Adem\u00e1s, dieron a conocer las identidades de personas privadas de la libertad que fallecieron en el enfrentamiento dentro del penal: C\u00e9sar V. M.; Edgar E. R.; Juan Carlos N. G.; Jorge C\u00e9sar L. N.; Jose Luis O. G., y Christi\u00e1n R. N.<\/p>\n\n\n\n<p>En cuanto a las identidades de los 27 reos que escaparon, no se han dado a conocer hasta esta noche.&nbsp;<\/p>\n\n\n\n<p>Al momento, se siguen realizando todas las diligencias e investigaciones para el total esclarecimiento de lo sucedido, seg\u00fan inform\u00f3 la FGE.<\/p>\n\n\n\n<p>Fuente: EL UNIVERSAL<\/p>\n\n\n\n<figure class=\"wp-block-image size-full\"><img loading=\"lazy\" decoding=\"async\" width=\"1024\" height=\"768\" src=\"http:\/\/elregionaldigital.info\/wp-content\/uploads\/2023\/01\/6e513c5e-d7fa-4006-8982-5ce703ddf625-1024x768-1.jpg\" alt=\"\" class=\"wp-image-845\" srcset=\"https:\/\/elregionaldigital.info\/wp-content\/uploads\/2023\/01\/6e513c5e-d7fa-4006-8982-5ce703ddf625-1024x768-1.jpg 1024w, https:\/\/elregionaldigital.info\/wp-content\/uploads\/2023\/01\/6e513c5e-d7fa-4006-8982-5ce703ddf625-1024x768-1-300x225.jpg 300w, https:\/\/elregionaldigital.info\/wp-content\/uploads\/2023\/01\/6e513c5e-d7fa-4006-8982-5ce703ddf625-1024x768-1-768x576.jpg 768w, https:\/\/elregionaldigital.info\/wp-content\/uploads\/2023\/01\/6e513c5e-d7fa-4006-8982-5ce703ddf625-1024x768-1-136x102.jpg 136w\" sizes=\"auto, (max-width: 1024px) 100vw, 1024px\" \/><\/figure>\n","protected":false},"excerpt":{"rendered":"<p>En cuanto a las identidades de los 27 reos que escaparon, no se han dado a conocer. Ciudad Ju\u00e1rez.- La Fiscal\u00eda General del Estado (FGE) actualiz\u00f3 la noche del domingo la cifra de&nbsp;reos que escaparon del Cereso No. 3&nbsp;de Ciudad Ju\u00e1rez. De acuerdo con la informaci\u00f3n proporcionada, son 27 personas privadas de la libertad las [&hellip;]<\/p>\n","protected":false},"author":1,"featured_media":844,"comment_status":"open","ping_status":"open","sticky":false,"template":"","format":"standard","meta":{"footnotes":""},"categories":[5],"tags":[],"class_list":["post-843","post","type-post","status-publish","format-standard","has-post-thumbnail","hentry","category-nacional"],"blog_post_layout_featured_media_urls":{"thumbnail":["https:\/\/elregionaldigital.info\/wp-content\/uploads\/2023\/01\/09bf23e0-421f-4f3b-9fcf-488e41afd0ab-150x150.jpg",150,150,true],"full":["https:\/\/elregionaldigital.info\/wp-content\/uploads\/2023\/01\/09bf23e0-421f-4f3b-9fcf-488e41afd0ab.jpg",1280,960,false]},"categories_names":{"5":{"name":"Nacional","link":"https:\/\/elregionaldigital.info\/?cat=5"}},"tags_names":[],"comments_number":"0","wpmagazine_modules_lite_featured_media_urls":{"thumbnail":["https:\/\/elregionaldigital.info\/wp-content\/uploads\/2023\/01\/09bf23e0-421f-4f3b-9fcf-488e41afd0ab-150x150.jpg",150,150,true],"cvmm-medium":["https:\/\/elregionaldigital.info\/wp-content\/uploads\/2023\/01\/09bf23e0-421f-4f3b-9fcf-488e41afd0ab-300x300.jpg",300,300,true],"cvmm-medium-plus":["https:\/\/elregionaldigital.info\/wp-content\/uploads\/2023\/01\/09bf23e0-421f-4f3b-9fcf-488e41afd0ab-305x207.jpg",305,207,true],"cvmm-portrait":["https:\/\/elregionaldigital.info\/wp-content\/uploads\/2023\/01\/09bf23e0-421f-4f3b-9fcf-488e41afd0ab-400x600.jpg",400,600,true],"cvmm-medium-square":["https:\/\/elregionaldigital.info\/wp-content\/uploads\/2023\/01\/09bf23e0-421f-4f3b-9fcf-488e41afd0ab-600x600.jpg",600,600,true],"cvmm-large":["https:\/\/elregionaldigital.info\/wp-content\/uploads\/2023\/01\/09bf23e0-421f-4f3b-9fcf-488e41afd0ab-1024x960.jpg",1024,960,true],"cvmm-small":["https:\/\/elregionaldigital.info\/wp-content\/uploads\/2023\/01\/09bf23e0-421f-4f3b-9fcf-488e41afd0ab-130x95.jpg",130,95,true],"full":["https:\/\/elregionaldigital.info\/wp-content\/uploads\/2023\/01\/09bf23e0-421f-4f3b-9fcf-488e41afd0ab.jpg",1280,960,false]},"_links":{"self":[{"href":"https:\/\/elregionaldigital.info\/index.php?rest_route=\/wp\/v2\/posts\/843","targetHints":{"allow":["GET"]}}],"collection":[{"href":"https:\/\/elregionaldigital.info\/index.php?rest_route=\/wp\/v2\/posts"}],"about":[{"href":"https:\/\/elregionaldigital.info\/index.php?rest_route=\/wp\/v2\/types\/post"}],"author":[{"embeddable":true,"href":"https:\/\/elregionaldigital.info\/index.php?rest_route=\/wp\/v2\/users\/1"}],"replies":[{"embeddable":true,"href":"https:\/\/elregionaldigital.info\/index.php?rest_route=%2Fwp%2Fv2%2Fcomments&post=843"}],"version-history":[{"count":1,"href":"https:\/\/elregionaldigital.info\/index.php?rest_route=\/wp\/v2\/posts\/843\/revisions"}],"predecessor-version":[{"id":846,"href":"https:\/\/elregionaldigital.info\/index.php?rest_route=\/wp\/v2\/posts\/843\/revisions\/846"}],"wp:featuredmedia":[{"embeddable":true,"href":"https:\/\/elregionaldigital.info\/index.php?rest_route=\/wp\/v2\/media\/844"}],"wp:attachment":[{"href":"https:\/\/elregionaldigital.info\/index.php?rest_route=%2Fwp%2Fv2%2Fmedia&parent=843"}],"wp:term":[{"taxonomy":"category","embeddable":true,"href":"https:\/\/elregionaldigital.info\/index.php?rest_route=%2Fwp%2Fv2%2Fcategories&post=843"},{"taxonomy":"post_tag","embeddable":true,"href":"https:\/\/elregionaldigital.info\/index.php?rest_route=%2Fwp%2Fv2%2Ftags&post=843"}],"curies":[{"name":"wp","href":"https:\/\/api.w.org\/{rel}","templated":true}]}}