{"id":839,"date":"2022-12-29T19:49:03","date_gmt":"2022-12-29T19:49:03","guid":{"rendered":"http:\/\/elregionaldigital.info\/?p=839"},"modified":"2023-01-03T20:07:40","modified_gmt":"2023-01-03T20:07:40","slug":"designan-al-dr-flaviano-benavides-primer-vocal-de-la-amefmvz","status":"publish","type":"post","link":"https:\/\/elregionaldigital.info\/?p=839","title":{"rendered":"<strong>Designan al Dr. Flaviano Benavides primer vocal de la AMEFMVZ<\/strong>"},"content":{"rendered":"\n<p>Ciudad Victoria, Tam., 29 de diciembre de 2022.<\/p>\n\n\n\n<p><strong>Designan al Dr. Flaviano Benavides primer vocal de la AMEFMVZ<\/strong><\/p>\n\n\n\n<ul class=\"wp-block-list\">\n<li><strong>El Director de la FMVZ UAT se incorpora a la nueva directiva de la Asociaci\u00f3n Mexicana de Escuelas y Facultades de Medicina Veterinaria y Zootecnia, A.C. (AMEFMVZ).<\/strong><\/li>\n<\/ul>\n\n\n\n<p>El Dr. Flaviano Benavides Gonz\u00e1lez, director de la Facultad de Medicina Veterinaria y Zootecnia de la Universidad Aut\u00f3noma de Tamaulipas (FMVZ-UAT), fue designado como primer vocal del nuevo consejo directivo de la Asociaci\u00f3n Mexicana de Escuelas y Facultades de Medicina Veterinaria y Zootecnia, A.C. (AMEFMVZ).<\/p>\n\n\n\n<p>&nbsp;&nbsp;&nbsp;&nbsp;&nbsp;&nbsp;&nbsp;&nbsp;&nbsp;&nbsp;&nbsp; En su oportunidad, el C.P. Guillermo Mendoza Cavazos, rector de la UAT, le extendi\u00f3 su felicitaci\u00f3n al Dr. Flaviano Benavides por su incorporaci\u00f3n a dicha asociaci\u00f3n, lo que permitir\u00e1 a la casa de estudios fortalecer la vinculaci\u00f3n y los esfuerzos nacionales para mejorar la calidad de la ense\u00f1anza e investigaci\u00f3n de la medicina veterinaria y zootecnia.<\/p>\n\n\n\n<p>&nbsp;&nbsp;&nbsp;&nbsp;&nbsp;&nbsp;&nbsp;&nbsp;&nbsp;&nbsp;&nbsp; El nuevo consejo directivo fue conformado para el per\u00edodo 2022-2024, durante la reciente asamblea de la AMEFMVZ llevada a cabo en el Antiguo Colegio de San Jacinto en la Ciudad de M\u00e9xico, sede de la primera escuela de Medicina Veterinaria en el continente Americano.<\/p>\n\n\n\n<p>En este marco tomaron protesta, la Dra. Ileana Zorhaya Mart\u00ednez Ramos de la UPAEP, como presidenta del consejo; el Dr. Ram\u00f3n Rivera Barreno de la UACJ, vicepresidente;&nbsp; la Dra. Maribel Guerrero Cervantes de la UJED, como secretaria; el Dr. Gustavo Hern\u00e1ndez Vidal de la UANL, tesorero; el Dr. Flaviano Benavides Gonz\u00e1lez de la UAT, primer vocal; el Dr. C\u00e9sar Andr\u00e9s \u00c1ngel Sahag\u00fan de la UGTO, segundo vocal; y la Dra. Esther Elizabeth Rizo Bustos de la CUSUR, como tercer vocal.<\/p>\n\n\n\n<p>Este consejo directivo tiene como prop\u00f3sito llevar a cabo reuniones peri\u00f3dicas para mejorar la calidad de la ense\u00f1anza de la medicina veterinaria y zootecnia en nuestro pa\u00eds, trabajando de manera coordinada con el Consejo Nacional de Educaci\u00f3n de la Medicina Veterinaria y Zootecnia A.C. (CONEVET) y el Consejo Nacional de Certificaci\u00f3n en Medicina Veterinaria y Zootecnia (CONCERVET).<\/p>\n\n\n\n<p>La Asociaci\u00f3n est\u00e1 conformada por directores y\/o coordinadores de escuelas o facultades de Medicina Veterinaria y Zootecnia del pa\u00eds, y dentro de sus funciones, busca elevar la calidad de la educaci\u00f3n en medicina veterinaria y vincular la educaci\u00f3n, la investigaci\u00f3n cient\u00edfica y el desarrollo experimental con los requerimientos del pa\u00eds.<\/p>\n\n\n\n<p>Une sus esfuerzos tambi\u00e9n al objetivo de mantener y elevar la calidad del personal m\u00e9dico y de salud, adem\u00e1s de propiciar investigaci\u00f3n en la materia a trav\u00e9s de la Comisi\u00f3n Interinstitucional para la Formaci\u00f3n de Recursos Humanos para la Salud (CIFRHS), organismo interinstitucional de consulta, asesor\u00eda y apoyo t\u00e9cnico de la Secretar\u00eda de Educaci\u00f3n P\u00fablica y la Secretar\u00eda de Salud, y otras dependencias.<\/p>\n\n\n\n<figure class=\"wp-block-image size-large\"><img loading=\"lazy\" decoding=\"async\" width=\"1024\" height=\"683\" src=\"http:\/\/elregionaldigital.info\/wp-content\/uploads\/2023\/01\/IMG_0059-1024x683.jpg\" alt=\"\" class=\"wp-image-841\" srcset=\"https:\/\/elregionaldigital.info\/wp-content\/uploads\/2023\/01\/IMG_0059-1024x683.jpg 1024w, https:\/\/elregionaldigital.info\/wp-content\/uploads\/2023\/01\/IMG_0059-300x200.jpg 300w, https:\/\/elregionaldigital.info\/wp-content\/uploads\/2023\/01\/IMG_0059-768x512.jpg 768w, https:\/\/elregionaldigital.info\/wp-content\/uploads\/2023\/01\/IMG_0059-1536x1024.jpg 1536w, https:\/\/elregionaldigital.info\/wp-content\/uploads\/2023\/01\/IMG_0059-2048x1365.jpg 2048w\" sizes=\"auto, (max-width: 1024px) 100vw, 1024px\" \/><\/figure>\n","protected":false},"excerpt":{"rendered":"<p>Ciudad Victoria, Tam., 29 de diciembre de 2022. Designan al Dr. Flaviano Benavides primer vocal de la AMEFMVZ El Dr. Flaviano Benavides Gonz\u00e1lez, director de la Facultad de Medicina Veterinaria y Zootecnia de la Universidad Aut\u00f3noma de Tamaulipas (FMVZ-UAT), fue designado como primer vocal del nuevo consejo directivo de la Asociaci\u00f3n Mexicana de Escuelas y [&hellip;]<\/p>\n","protected":false},"author":1,"featured_media":841,"comment_status":"open","ping_status":"open","sticky":false,"template":"","format":"standard","meta":{"footnotes":""},"categories":[4],"tags":[],"class_list":["post-839","post","type-post","status-publish","format-standard","has-post-thumbnail","hentry","category-universidades"],"blog_post_layout_featured_media_urls":{"thumbnail":["https:\/\/elregionaldigital.info\/wp-content\/uploads\/2023\/01\/IMG_0059-150x150.jpg",150,150,true],"full":["https:\/\/elregionaldigital.info\/wp-content\/uploads\/2023\/01\/IMG_0059-scaled.jpg",2560,1707,false]},"categories_names":{"4":{"name":"Universidades","link":"https:\/\/elregionaldigital.info\/?cat=4"}},"tags_names":[],"comments_number":"0","wpmagazine_modules_lite_featured_media_urls":{"thumbnail":["https:\/\/elregionaldigital.info\/wp-content\/uploads\/2023\/01\/IMG_0059-150x150.jpg",150,150,true],"cvmm-medium":["https:\/\/elregionaldigital.info\/wp-content\/uploads\/2023\/01\/IMG_0059-300x300.jpg",300,300,true],"cvmm-medium-plus":["https:\/\/elregionaldigital.info\/wp-content\/uploads\/2023\/01\/IMG_0059-305x207.jpg",305,207,true],"cvmm-portrait":["https:\/\/elregionaldigital.info\/wp-content\/uploads\/2023\/01\/IMG_0059-400x600.jpg",400,600,true],"cvmm-medium-square":["https:\/\/elregionaldigital.info\/wp-content\/uploads\/2023\/01\/IMG_0059-600x600.jpg",600,600,true],"cvmm-large":["https:\/\/elregionaldigital.info\/wp-content\/uploads\/2023\/01\/IMG_0059-1024x1024.jpg",1024,1024,true],"cvmm-small":["https:\/\/elregionaldigital.info\/wp-content\/uploads\/2023\/01\/IMG_0059-130x95.jpg",130,95,true],"full":["https:\/\/elregionaldigital.info\/wp-content\/uploads\/2023\/01\/IMG_0059-scaled.jpg",2560,1707,false]},"_links":{"self":[{"href":"https:\/\/elregionaldigital.info\/index.php?rest_route=\/wp\/v2\/posts\/839","targetHints":{"allow":["GET"]}}],"collection":[{"href":"https:\/\/elregionaldigital.info\/index.php?rest_route=\/wp\/v2\/posts"}],"about":[{"href":"https:\/\/elregionaldigital.info\/index.php?rest_route=\/wp\/v2\/types\/post"}],"author":[{"embeddable":true,"href":"https:\/\/elregionaldigital.info\/index.php?rest_route=\/wp\/v2\/users\/1"}],"replies":[{"embeddable":true,"href":"https:\/\/elregionaldigital.info\/index.php?rest_route=%2Fwp%2Fv2%2Fcomments&post=839"}],"version-history":[{"count":1,"href":"https:\/\/elregionaldigital.info\/index.php?rest_route=\/wp\/v2\/posts\/839\/revisions"}],"predecessor-version":[{"id":842,"href":"https:\/\/elregionaldigital.info\/index.php?rest_route=\/wp\/v2\/posts\/839\/revisions\/842"}],"wp:featuredmedia":[{"embeddable":true,"href":"https:\/\/elregionaldigital.info\/index.php?rest_route=\/wp\/v2\/media\/841"}],"wp:attachment":[{"href":"https:\/\/elregionaldigital.info\/index.php?rest_route=%2Fwp%2Fv2%2Fmedia&parent=839"}],"wp:term":[{"taxonomy":"category","embeddable":true,"href":"https:\/\/elregionaldigital.info\/index.php?rest_route=%2Fwp%2Fv2%2Fcategories&post=839"},{"taxonomy":"post_tag","embeddable":true,"href":"https:\/\/elregionaldigital.info\/index.php?rest_route=%2Fwp%2Fv2%2Ftags&post=839"}],"curies":[{"name":"wp","href":"https:\/\/api.w.org\/{rel}","templated":true}]}}