{"id":835,"date":"2023-01-03T07:37:00","date_gmt":"2023-01-03T07:37:00","guid":{"rendered":"http:\/\/elregionaldigital.info\/?p=835"},"modified":"2023-01-03T19:45:31","modified_gmt":"2023-01-03T19:45:31","slug":"valle-hermoso-reportan-saldo-blanco-por-fiestas-decembrinas-pc","status":"publish","type":"post","link":"https:\/\/elregionaldigital.info\/?p=835","title":{"rendered":"VALLE HERMOSO- Reportan Saldo blanco por fiestas decembrinas: PC"},"content":{"rendered":"\n<p>La coordinaci\u00f3n de las diversas corporaciones municipales y estatales, permitieron que se tuviera un saldo blanco durante las pasadas fiestas decembrinas. Asi lo dijo el director de protecci\u00f3n civil en Jorge Ivan Mancha Esquivel, por su parte el funcionario se\u00f1alo que solo se tuvieron reportes de animales asustados debido al estruendo de la pirotecnia.<\/p>\n\n\n\n<p>Destac\u00f3 que el problema principal es la presencia de indigentes, quienes se encuentran en avenidas principales de la ciudad y los cuales se convierten en algo fuera de control. \u201cen el rond\u00edn que se hizo se encontraron a los pedig\u00fce\u00f1os fueron 10 personas, algunas asociaciones incluyendo protecci\u00f3n civil les regalaron juguetes y cenas\u201d. Se\u00f1al\u00f3 que su mayor\u00eda son personas que padecen de sus facultades mentales, los cuales vienen sin ropa o sin calzado, por lo que se les brinda ayuda por parte de algunas asociaciones civiles. Por ultimo dijo&nbsp; que hay registrados 8 pedig\u00fce\u00f1os, quienes duermen en la calle, por ultimo Mancha Esquivel se\u00f1alo que seguir\u00e1n al pendiente de las personas que viven en condici\u00f3n de calle ya que se\u00f1alo que la temporada invernal apenas est\u00e1 comenzando, se\u00f1alo que seguir\u00e1n habilitando albergues en caso de que estos sean necesarios esto con el \u00fanico fin de proteger de las inclemencias del tiempo a quienes lo requieran dijo que es preocupaci\u00f3n del alcalde proporcionar la ayuda necesaria a nuestra poblaci\u00f3n mas vulnerable concluyo diciendo el funcionario municipal.<\/p>\n\n\n\n<figure class=\"wp-block-image size-full\"><img loading=\"lazy\" decoding=\"async\" width=\"780\" height=\"470\" src=\"http:\/\/elregionaldigital.info\/wp-content\/uploads\/2023\/01\/0-mancha2-780x470-1.webp\" alt=\"\" class=\"wp-image-837\" srcset=\"https:\/\/elregionaldigital.info\/wp-content\/uploads\/2023\/01\/0-mancha2-780x470-1.webp 780w, https:\/\/elregionaldigital.info\/wp-content\/uploads\/2023\/01\/0-mancha2-780x470-1-300x181.webp 300w, https:\/\/elregionaldigital.info\/wp-content\/uploads\/2023\/01\/0-mancha2-780x470-1-768x463.webp 768w\" sizes=\"auto, (max-width: 780px) 100vw, 780px\" \/><\/figure>\n","protected":false},"excerpt":{"rendered":"<p>La coordinaci\u00f3n de las diversas corporaciones municipales y estatales, permitieron que se tuviera un saldo blanco durante las pasadas fiestas decembrinas. Asi lo dijo el director de protecci\u00f3n civil en Jorge Ivan Mancha Esquivel, por su parte el funcionario se\u00f1alo que solo se tuvieron reportes de animales asustados debido al estruendo de la pirotecnia. Destac\u00f3 [&hellip;]<\/p>\n","protected":false},"author":1,"featured_media":837,"comment_status":"open","ping_status":"open","sticky":false,"template":"","format":"standard","meta":{"footnotes":""},"categories":[2],"tags":[],"class_list":["post-835","post","type-post","status-publish","format-standard","has-post-thumbnail","hentry","category-tamaulipas"],"blog_post_layout_featured_media_urls":{"thumbnail":["https:\/\/elregionaldigital.info\/wp-content\/uploads\/2023\/01\/0-mancha2-780x470-1-150x150.webp",150,150,true],"full":["https:\/\/elregionaldigital.info\/wp-content\/uploads\/2023\/01\/0-mancha2-780x470-1.webp",780,470,false]},"categories_names":{"2":{"name":"Tamaulipas","link":"https:\/\/elregionaldigital.info\/?cat=2"}},"tags_names":[],"comments_number":"0","wpmagazine_modules_lite_featured_media_urls":{"thumbnail":["https:\/\/elregionaldigital.info\/wp-content\/uploads\/2023\/01\/0-mancha2-780x470-1-150x150.webp",150,150,true],"cvmm-medium":["https:\/\/elregionaldigital.info\/wp-content\/uploads\/2023\/01\/0-mancha2-780x470-1-300x300.webp",300,300,true],"cvmm-medium-plus":["https:\/\/elregionaldigital.info\/wp-content\/uploads\/2023\/01\/0-mancha2-780x470-1-305x207.webp",305,207,true],"cvmm-portrait":["https:\/\/elregionaldigital.info\/wp-content\/uploads\/2023\/01\/0-mancha2-780x470-1-400x470.webp",400,470,true],"cvmm-medium-square":["https:\/\/elregionaldigital.info\/wp-content\/uploads\/2023\/01\/0-mancha2-780x470-1-600x470.webp",600,470,true],"cvmm-large":["https:\/\/elregionaldigital.info\/wp-content\/uploads\/2023\/01\/0-mancha2-780x470-1.webp",780,470,false],"cvmm-small":["https:\/\/elregionaldigital.info\/wp-content\/uploads\/2023\/01\/0-mancha2-780x470-1-130x95.webp",130,95,true],"full":["https:\/\/elregionaldigital.info\/wp-content\/uploads\/2023\/01\/0-mancha2-780x470-1.webp",780,470,false]},"_links":{"self":[{"href":"https:\/\/elregionaldigital.info\/index.php?rest_route=\/wp\/v2\/posts\/835","targetHints":{"allow":["GET"]}}],"collection":[{"href":"https:\/\/elregionaldigital.info\/index.php?rest_route=\/wp\/v2\/posts"}],"about":[{"href":"https:\/\/elregionaldigital.info\/index.php?rest_route=\/wp\/v2\/types\/post"}],"author":[{"embeddable":true,"href":"https:\/\/elregionaldigital.info\/index.php?rest_route=\/wp\/v2\/users\/1"}],"replies":[{"embeddable":true,"href":"https:\/\/elregionaldigital.info\/index.php?rest_route=%2Fwp%2Fv2%2Fcomments&post=835"}],"version-history":[{"count":1,"href":"https:\/\/elregionaldigital.info\/index.php?rest_route=\/wp\/v2\/posts\/835\/revisions"}],"predecessor-version":[{"id":838,"href":"https:\/\/elregionaldigital.info\/index.php?rest_route=\/wp\/v2\/posts\/835\/revisions\/838"}],"wp:featuredmedia":[{"embeddable":true,"href":"https:\/\/elregionaldigital.info\/index.php?rest_route=\/wp\/v2\/media\/837"}],"wp:attachment":[{"href":"https:\/\/elregionaldigital.info\/index.php?rest_route=%2Fwp%2Fv2%2Fmedia&parent=835"}],"wp:term":[{"taxonomy":"category","embeddable":true,"href":"https:\/\/elregionaldigital.info\/index.php?rest_route=%2Fwp%2Fv2%2Fcategories&post=835"},{"taxonomy":"post_tag","embeddable":true,"href":"https:\/\/elregionaldigital.info\/index.php?rest_route=%2Fwp%2Fv2%2Ftags&post=835"}],"curies":[{"name":"wp","href":"https:\/\/api.w.org\/{rel}","templated":true}]}}