{"id":832,"date":"2022-12-29T19:34:42","date_gmt":"2022-12-29T19:34:42","guid":{"rendered":"http:\/\/elregionaldigital.info\/?p=832"},"modified":"2023-01-03T19:36:03","modified_gmt":"2023-01-03T19:36:03","slug":"empiezan-campanas-para-suplir-a-senador-por-tamaulipas","status":"publish","type":"post","link":"https:\/\/elregionaldigital.info\/?p=832","title":{"rendered":"Empiezan campa\u00f1as para suplir a senador por Tamaulipas"},"content":{"rendered":"\n<figure class=\"wp-block-image size-large\"><img loading=\"lazy\" decoding=\"async\" width=\"1024\" height=\"538\" src=\"http:\/\/elregionaldigital.info\/wp-content\/uploads\/2023\/01\/AA15KmKQ-1024x538.jpg\" alt=\"\" class=\"wp-image-833\" srcset=\"https:\/\/elregionaldigital.info\/wp-content\/uploads\/2023\/01\/AA15KmKQ-1024x538.jpg 1024w, https:\/\/elregionaldigital.info\/wp-content\/uploads\/2023\/01\/AA15KmKQ-300x158.jpg 300w, https:\/\/elregionaldigital.info\/wp-content\/uploads\/2023\/01\/AA15KmKQ-768x403.jpg 768w, https:\/\/elregionaldigital.info\/wp-content\/uploads\/2023\/01\/AA15KmKQ.jpg 1200w\" sizes=\"auto, (max-width: 1024px) 100vw, 1024px\" \/><\/figure>\n\n\n\n<p>Ciudad Victoria, Tamps., Los candidatos de las alianzas Va Por M\u00e9xico \u2013que forman los partidos Acci\u00f3n Nacional (PAN), Revolucionario Institucional y de la Revoluci\u00f3n Democr\u00e1tica\u2013 y Todos Hacemos Historia (de los partidos Morena y del Trabajo), as\u00ed como del Partido Verde Ecologista de M\u00e9xico (PVEM), iniciaron sus campa\u00f1as para sustituir al senador morenista Faustino L\u00f3pez Vargas, quien falleci\u00f3 en un accidente automovil\u00edstico en Zacatecas en octubre pasado. El proceso electoral incluye los comicios constitucionales del pr\u00f3ximo 19 de febrero.<\/p>\n\n\n\n<p>Jos\u00e9 Ram\u00f3n G\u00f3mez Leal, de Morena, y Manuel Mu\u00f1oz Cano, del PVEM, comenzaron sus actividades proselitistas en Ciudad Victoria. La panista Imelda Sanmiguel S\u00e1nchez hizo lo propio en la ciudad fronteriza de Nuevo Laredo.<\/p>\n\n\n\n<p>G\u00f3mez Leal, ex delegado de programas federales de Bienestar en Tamaulipas, dio a conocer que har\u00e1 campa\u00f1a acompa\u00f1ado de Paola L\u00f3pez, hija del difunto L\u00f3pez Vargas, a quien llam\u00f3 \u201cguerrero incansable de Morena\u201d.<\/p>\n\n\n\n<p>En un acto con militantes morenistas y simpatizantes de los partidos coligados, expuso que los cinco ejes de su campa\u00f1a ser\u00e1n: migraci\u00f3n, comercio exterior, seguridad, energ\u00eda y bienestar social. Pidi\u00f3 a su p\u00fablico \u201csolicitar el voto a la poblaci\u00f3n y de esa manera continuar transformando juntos con ya saben qui\u00e9n y con el doctor\u201d, en referencia al presidente Andr\u00e9s Manuel L\u00f3pez Obrador y al gobernador Am\u00e9rico Villarreal Anaya, respectivamente.<\/p>\n\n\n\n<h3 class=\"wp-block-heading\">Promete investigar al gobierno anterior<\/h3>\n\n\n\n<p>Mu\u00f1oz Cano ofreci\u00f3 que de ganar la votaci\u00f3n exigir\u00e1 desde el Senado que se forme una comisi\u00f3n investigadora a fin de que el pasado gobierno estatal panista devuelva lo que \u201crob\u00f3\u201d a los tamaulipecos. \u201cBuscar\u00e9 las instancias para abrir un proceso de investigaci\u00f3n, para que lo robado a esta entidad le sea regresado\u201d, afirm\u00f3.<\/p>\n\n\n\n<p>En tanto Sanmiguel S\u00e1nchez, abanderada de Va por M\u00e9xico, quien ha sido diputada local en dos ocasiones y tiene licencia en el Congreso estatal, ofreci\u00f3 ayer una conferencia de prensa en la cabecera municipal de Nuevo Laredo. Destac\u00f3 que es una mujer \u201caguerrida y de mano firme\u201d, con capacidad para el debate y 20 a\u00f1os de militancia en el PAN.<\/p>\n\n\n\n<p>Fuente: LA JORNADA.COM<\/p>\n","protected":false},"excerpt":{"rendered":"<p>Ciudad Victoria, Tamps., Los candidatos de las alianzas Va Por M\u00e9xico \u2013que forman los partidos Acci\u00f3n Nacional (PAN), Revolucionario Institucional y de la Revoluci\u00f3n Democr\u00e1tica\u2013 y Todos Hacemos Historia (de los partidos Morena y del Trabajo), as\u00ed como del Partido Verde Ecologista de M\u00e9xico (PVEM), iniciaron sus campa\u00f1as para sustituir al senador morenista Faustino L\u00f3pez [&hellip;]<\/p>\n","protected":false},"author":1,"featured_media":833,"comment_status":"open","ping_status":"open","sticky":false,"template":"","format":"standard","meta":{"footnotes":""},"categories":[2],"tags":[],"class_list":["post-832","post","type-post","status-publish","format-standard","has-post-thumbnail","hentry","category-tamaulipas"],"blog_post_layout_featured_media_urls":{"thumbnail":["https:\/\/elregionaldigital.info\/wp-content\/uploads\/2023\/01\/AA15KmKQ-150x150.jpg",150,150,true],"full":["https:\/\/elregionaldigital.info\/wp-content\/uploads\/2023\/01\/AA15KmKQ.jpg",1200,630,false]},"categories_names":{"2":{"name":"Tamaulipas","link":"https:\/\/elregionaldigital.info\/?cat=2"}},"tags_names":[],"comments_number":"0","wpmagazine_modules_lite_featured_media_urls":{"thumbnail":["https:\/\/elregionaldigital.info\/wp-content\/uploads\/2023\/01\/AA15KmKQ-150x150.jpg",150,150,true],"cvmm-medium":["https:\/\/elregionaldigital.info\/wp-content\/uploads\/2023\/01\/AA15KmKQ-300x300.jpg",300,300,true],"cvmm-medium-plus":["https:\/\/elregionaldigital.info\/wp-content\/uploads\/2023\/01\/AA15KmKQ-305x207.jpg",305,207,true],"cvmm-portrait":["https:\/\/elregionaldigital.info\/wp-content\/uploads\/2023\/01\/AA15KmKQ-400x600.jpg",400,600,true],"cvmm-medium-square":["https:\/\/elregionaldigital.info\/wp-content\/uploads\/2023\/01\/AA15KmKQ-600x600.jpg",600,600,true],"cvmm-large":["https:\/\/elregionaldigital.info\/wp-content\/uploads\/2023\/01\/AA15KmKQ-1024x630.jpg",1024,630,true],"cvmm-small":["https:\/\/elregionaldigital.info\/wp-content\/uploads\/2023\/01\/AA15KmKQ-130x95.jpg",130,95,true],"full":["https:\/\/elregionaldigital.info\/wp-content\/uploads\/2023\/01\/AA15KmKQ.jpg",1200,630,false]},"_links":{"self":[{"href":"https:\/\/elregionaldigital.info\/index.php?rest_route=\/wp\/v2\/posts\/832","targetHints":{"allow":["GET"]}}],"collection":[{"href":"https:\/\/elregionaldigital.info\/index.php?rest_route=\/wp\/v2\/posts"}],"about":[{"href":"https:\/\/elregionaldigital.info\/index.php?rest_route=\/wp\/v2\/types\/post"}],"author":[{"embeddable":true,"href":"https:\/\/elregionaldigital.info\/index.php?rest_route=\/wp\/v2\/users\/1"}],"replies":[{"embeddable":true,"href":"https:\/\/elregionaldigital.info\/index.php?rest_route=%2Fwp%2Fv2%2Fcomments&post=832"}],"version-history":[{"count":1,"href":"https:\/\/elregionaldigital.info\/index.php?rest_route=\/wp\/v2\/posts\/832\/revisions"}],"predecessor-version":[{"id":834,"href":"https:\/\/elregionaldigital.info\/index.php?rest_route=\/wp\/v2\/posts\/832\/revisions\/834"}],"wp:featuredmedia":[{"embeddable":true,"href":"https:\/\/elregionaldigital.info\/index.php?rest_route=\/wp\/v2\/media\/833"}],"wp:attachment":[{"href":"https:\/\/elregionaldigital.info\/index.php?rest_route=%2Fwp%2Fv2%2Fmedia&parent=832"}],"wp:term":[{"taxonomy":"category","embeddable":true,"href":"https:\/\/elregionaldigital.info\/index.php?rest_route=%2Fwp%2Fv2%2Fcategories&post=832"},{"taxonomy":"post_tag","embeddable":true,"href":"https:\/\/elregionaldigital.info\/index.php?rest_route=%2Fwp%2Fv2%2Ftags&post=832"}],"curies":[{"name":"wp","href":"https:\/\/api.w.org\/{rel}","templated":true}]}}