{"id":825,"date":"2023-01-02T19:23:33","date_gmt":"2023-01-02T19:23:33","guid":{"rendered":"http:\/\/elregionaldigital.info\/?p=825"},"modified":"2023-01-03T19:30:25","modified_gmt":"2023-01-03T19:30:25","slug":"dan-el-ultimo-adios-a-pele","status":"publish","type":"post","link":"https:\/\/elregionaldigital.info\/?p=825","title":{"rendered":"Dan el \u00faltimo adi\u00f3s a Pel\u00e9"},"content":{"rendered":"\n<figure class=\"wp-block-image size-large\"><img loading=\"lazy\" decoding=\"async\" width=\"1024\" height=\"682\" src=\"http:\/\/elregionaldigital.info\/wp-content\/uploads\/2023\/01\/ed3c4d29-491b-42d3-a521-33c9b3cc8181-1024x682.jpg\" alt=\"\" class=\"wp-image-826\" srcset=\"https:\/\/elregionaldigital.info\/wp-content\/uploads\/2023\/01\/ed3c4d29-491b-42d3-a521-33c9b3cc8181-1024x682.jpg 1024w, https:\/\/elregionaldigital.info\/wp-content\/uploads\/2023\/01\/ed3c4d29-491b-42d3-a521-33c9b3cc8181-300x200.jpg 300w, https:\/\/elregionaldigital.info\/wp-content\/uploads\/2023\/01\/ed3c4d29-491b-42d3-a521-33c9b3cc8181-768x512.jpg 768w, https:\/\/elregionaldigital.info\/wp-content\/uploads\/2023\/01\/ed3c4d29-491b-42d3-a521-33c9b3cc8181.jpg 1280w\" sizes=\"auto, (max-width: 1024px) 100vw, 1024px\" \/><\/figure>\n\n\n\n<p>La ciudad de Santos, donde inici\u00f3 la leyenda de Edson Arantes Do Nascimento \u00abPel\u00e9\u00bb, es el escenario principal para despedir al O Rey, con la asistencia de fan\u00e1ticos, amigos, exjugadores, su familia, Gianni Infantino, presidente de la FIFA e incluso el mismo presidente de Brasil, Luiz In\u00e1cio Lula Da Silva<\/p>\n\n\n\n<p>El ata\u00fad con el cuerpo de Pel\u00e9 se encuentra abierto, y fue puesto en el c\u00edrculo central del campo, para que la gente pueda observarlo al hacer un paseo a su alrededor<\/p>\n\n\n\n<p>Fuente: EL UNIVERSAL.<\/p>\n\n\n\n<figure class=\"wp-block-image size-large\"><img loading=\"lazy\" decoding=\"async\" width=\"1024\" height=\"682\" src=\"http:\/\/elregionaldigital.info\/wp-content\/uploads\/2023\/01\/eee60566-97ec-43e6-93c3-36f913627d43-1024x682.jpg\" alt=\"\" class=\"wp-image-827\" srcset=\"https:\/\/elregionaldigital.info\/wp-content\/uploads\/2023\/01\/eee60566-97ec-43e6-93c3-36f913627d43-1024x682.jpg 1024w, https:\/\/elregionaldigital.info\/wp-content\/uploads\/2023\/01\/eee60566-97ec-43e6-93c3-36f913627d43-300x200.jpg 300w, https:\/\/elregionaldigital.info\/wp-content\/uploads\/2023\/01\/eee60566-97ec-43e6-93c3-36f913627d43-768x512.jpg 768w, https:\/\/elregionaldigital.info\/wp-content\/uploads\/2023\/01\/eee60566-97ec-43e6-93c3-36f913627d43.jpg 1280w\" sizes=\"auto, (max-width: 1024px) 100vw, 1024px\" \/><\/figure>\n","protected":false},"excerpt":{"rendered":"<p>La ciudad de Santos, donde inici\u00f3 la leyenda de Edson Arantes Do Nascimento \u00abPel\u00e9\u00bb, es el escenario principal para despedir al O Rey, con la asistencia de fan\u00e1ticos, amigos, exjugadores, su familia, Gianni Infantino, presidente de la FIFA e incluso el mismo presidente de Brasil, Luiz In\u00e1cio Lula Da Silva El ata\u00fad con el cuerpo [&hellip;]<\/p>\n","protected":false},"author":1,"featured_media":826,"comment_status":"open","ping_status":"open","sticky":false,"template":"","format":"standard","meta":{"footnotes":""},"categories":[6,11],"tags":[],"class_list":["post-825","post","type-post","status-publish","format-standard","has-post-thumbnail","hentry","category-deportes","category-mundo"],"blog_post_layout_featured_media_urls":{"thumbnail":["https:\/\/elregionaldigital.info\/wp-content\/uploads\/2023\/01\/ed3c4d29-491b-42d3-a521-33c9b3cc8181-150x150.jpg",150,150,true],"full":["https:\/\/elregionaldigital.info\/wp-content\/uploads\/2023\/01\/ed3c4d29-491b-42d3-a521-33c9b3cc8181.jpg",1280,853,false]},"categories_names":{"6":{"name":"Deportes","link":"https:\/\/elregionaldigital.info\/?cat=6"},"11":{"name":"Mundo","link":"https:\/\/elregionaldigital.info\/?cat=11"}},"tags_names":[],"comments_number":"0","wpmagazine_modules_lite_featured_media_urls":{"thumbnail":["https:\/\/elregionaldigital.info\/wp-content\/uploads\/2023\/01\/ed3c4d29-491b-42d3-a521-33c9b3cc8181-150x150.jpg",150,150,true],"cvmm-medium":["https:\/\/elregionaldigital.info\/wp-content\/uploads\/2023\/01\/ed3c4d29-491b-42d3-a521-33c9b3cc8181-300x300.jpg",300,300,true],"cvmm-medium-plus":["https:\/\/elregionaldigital.info\/wp-content\/uploads\/2023\/01\/ed3c4d29-491b-42d3-a521-33c9b3cc8181-305x207.jpg",305,207,true],"cvmm-portrait":["https:\/\/elregionaldigital.info\/wp-content\/uploads\/2023\/01\/ed3c4d29-491b-42d3-a521-33c9b3cc8181-400x600.jpg",400,600,true],"cvmm-medium-square":["https:\/\/elregionaldigital.info\/wp-content\/uploads\/2023\/01\/ed3c4d29-491b-42d3-a521-33c9b3cc8181-600x600.jpg",600,600,true],"cvmm-large":["https:\/\/elregionaldigital.info\/wp-content\/uploads\/2023\/01\/ed3c4d29-491b-42d3-a521-33c9b3cc8181-1024x853.jpg",1024,853,true],"cvmm-small":["https:\/\/elregionaldigital.info\/wp-content\/uploads\/2023\/01\/ed3c4d29-491b-42d3-a521-33c9b3cc8181-130x95.jpg",130,95,true],"full":["https:\/\/elregionaldigital.info\/wp-content\/uploads\/2023\/01\/ed3c4d29-491b-42d3-a521-33c9b3cc8181.jpg",1280,853,false]},"_links":{"self":[{"href":"https:\/\/elregionaldigital.info\/index.php?rest_route=\/wp\/v2\/posts\/825","targetHints":{"allow":["GET"]}}],"collection":[{"href":"https:\/\/elregionaldigital.info\/index.php?rest_route=\/wp\/v2\/posts"}],"about":[{"href":"https:\/\/elregionaldigital.info\/index.php?rest_route=\/wp\/v2\/types\/post"}],"author":[{"embeddable":true,"href":"https:\/\/elregionaldigital.info\/index.php?rest_route=\/wp\/v2\/users\/1"}],"replies":[{"embeddable":true,"href":"https:\/\/elregionaldigital.info\/index.php?rest_route=%2Fwp%2Fv2%2Fcomments&post=825"}],"version-history":[{"count":1,"href":"https:\/\/elregionaldigital.info\/index.php?rest_route=\/wp\/v2\/posts\/825\/revisions"}],"predecessor-version":[{"id":828,"href":"https:\/\/elregionaldigital.info\/index.php?rest_route=\/wp\/v2\/posts\/825\/revisions\/828"}],"wp:featuredmedia":[{"embeddable":true,"href":"https:\/\/elregionaldigital.info\/index.php?rest_route=\/wp\/v2\/media\/826"}],"wp:attachment":[{"href":"https:\/\/elregionaldigital.info\/index.php?rest_route=%2Fwp%2Fv2%2Fmedia&parent=825"}],"wp:term":[{"taxonomy":"category","embeddable":true,"href":"https:\/\/elregionaldigital.info\/index.php?rest_route=%2Fwp%2Fv2%2Fcategories&post=825"},{"taxonomy":"post_tag","embeddable":true,"href":"https:\/\/elregionaldigital.info\/index.php?rest_route=%2Fwp%2Fv2%2Ftags&post=825"}],"curies":[{"name":"wp","href":"https:\/\/api.w.org\/{rel}","templated":true}]}}