{"id":817,"date":"2022-12-19T17:57:56","date_gmt":"2022-12-19T17:57:56","guid":{"rendered":"http:\/\/elregionaldigital.info\/?p=817"},"modified":"2022-12-20T18:03:15","modified_gmt":"2022-12-20T18:03:15","slug":"valle-hermoso-trabajara-registro-civil-con-guardias-en-vacaciones","status":"publish","type":"post","link":"https:\/\/elregionaldigital.info\/?p=817","title":{"rendered":"VALLE HERMOSO. Trabajar\u00e1 Registro Civil con guardias en vacaciones"},"content":{"rendered":"\n<figure class=\"wp-block-image size-full\"><img loading=\"lazy\" decoding=\"async\" width=\"780\" height=\"470\" src=\"http:\/\/elregionaldigital.info\/wp-content\/uploads\/2022\/12\/1-registro3-780x470-1.webp\" alt=\"\" class=\"wp-image-818\" srcset=\"https:\/\/elregionaldigital.info\/wp-content\/uploads\/2022\/12\/1-registro3-780x470-1.webp 780w, https:\/\/elregionaldigital.info\/wp-content\/uploads\/2022\/12\/1-registro3-780x470-1-300x181.webp 300w, https:\/\/elregionaldigital.info\/wp-content\/uploads\/2022\/12\/1-registro3-780x470-1-768x463.webp 768w\" sizes=\"auto, (max-width: 780px) 100vw, 780px\" \/><\/figure>\n\n\n\n<p>Durante estas vacaciones decembrinas se continuara brindado el servicio a la ciudadan\u00eda,<\/p>\n\n\n\n<p>la licenciada San Juana Lerma Villafranca titular del registro civil en esta ciudad inform\u00f3 a la ciudadan\u00eda&nbsp; que durante las vacaciones decembrinas contar\u00e1 con guardias que estar\u00e1n trabajando de las 8:00 a las 16.00 horas, de lunes a viernes.<\/p>\n\n\n\n<p>&nbsp;Del mismo modo Lerma Villafranca se\u00f1alo que la medida tiene como finalidad seguir brindando el servicio a las personas en esta primera oficial\u00eda del registro civil ubicada en Calle Hidalgo y Segunda, dijo que, de esta forma, las y los Vallehermosenses podr\u00e1n aprovechar las vacaciones para regularizar sus documentos, acudir a solicitar actas o regularizar la clave unica de registro poblacional (CURP). Detall\u00f3 que el periodo vacacional inicia el 19 de diciembre y terminar\u00e1 el lunes 2 de Enero del 2023, que ser\u00e1 cuando se normalizar\u00e1n las labores para seguir trabajando en favor de los Vallehermosenses, por ultimo manifesto que es muy posible que durante los primeros meses del 2023 lleguen los programas con mas beneficios que otorga mencionada dependencia entre los que destacan los matrimonios colectivos y el programa de registro de menores.<\/p>\n","protected":false},"excerpt":{"rendered":"<p>Durante estas vacaciones decembrinas se continuara brindado el servicio a la ciudadan\u00eda, la licenciada San Juana Lerma Villafranca titular del registro civil en esta ciudad inform\u00f3 a la ciudadan\u00eda&nbsp; que durante las vacaciones decembrinas contar\u00e1 con guardias que estar\u00e1n trabajando de las 8:00 a las 16.00 horas, de lunes a viernes. &nbsp;Del mismo modo Lerma [&hellip;]<\/p>\n","protected":false},"author":1,"featured_media":818,"comment_status":"open","ping_status":"open","sticky":false,"template":"","format":"standard","meta":{"footnotes":""},"categories":[2],"tags":[],"class_list":["post-817","post","type-post","status-publish","format-standard","has-post-thumbnail","hentry","category-tamaulipas"],"blog_post_layout_featured_media_urls":{"thumbnail":["https:\/\/elregionaldigital.info\/wp-content\/uploads\/2022\/12\/1-registro3-780x470-1-150x150.webp",150,150,true],"full":["https:\/\/elregionaldigital.info\/wp-content\/uploads\/2022\/12\/1-registro3-780x470-1.webp",780,470,false]},"categories_names":{"2":{"name":"Tamaulipas","link":"https:\/\/elregionaldigital.info\/?cat=2"}},"tags_names":[],"comments_number":"0","wpmagazine_modules_lite_featured_media_urls":{"thumbnail":["https:\/\/elregionaldigital.info\/wp-content\/uploads\/2022\/12\/1-registro3-780x470-1-150x150.webp",150,150,true],"cvmm-medium":["https:\/\/elregionaldigital.info\/wp-content\/uploads\/2022\/12\/1-registro3-780x470-1-300x300.webp",300,300,true],"cvmm-medium-plus":["https:\/\/elregionaldigital.info\/wp-content\/uploads\/2022\/12\/1-registro3-780x470-1-305x207.webp",305,207,true],"cvmm-portrait":["https:\/\/elregionaldigital.info\/wp-content\/uploads\/2022\/12\/1-registro3-780x470-1-400x470.webp",400,470,true],"cvmm-medium-square":["https:\/\/elregionaldigital.info\/wp-content\/uploads\/2022\/12\/1-registro3-780x470-1-600x470.webp",600,470,true],"cvmm-large":["https:\/\/elregionaldigital.info\/wp-content\/uploads\/2022\/12\/1-registro3-780x470-1.webp",780,470,false],"cvmm-small":["https:\/\/elregionaldigital.info\/wp-content\/uploads\/2022\/12\/1-registro3-780x470-1-130x95.webp",130,95,true],"full":["https:\/\/elregionaldigital.info\/wp-content\/uploads\/2022\/12\/1-registro3-780x470-1.webp",780,470,false]},"_links":{"self":[{"href":"https:\/\/elregionaldigital.info\/index.php?rest_route=\/wp\/v2\/posts\/817","targetHints":{"allow":["GET"]}}],"collection":[{"href":"https:\/\/elregionaldigital.info\/index.php?rest_route=\/wp\/v2\/posts"}],"about":[{"href":"https:\/\/elregionaldigital.info\/index.php?rest_route=\/wp\/v2\/types\/post"}],"author":[{"embeddable":true,"href":"https:\/\/elregionaldigital.info\/index.php?rest_route=\/wp\/v2\/users\/1"}],"replies":[{"embeddable":true,"href":"https:\/\/elregionaldigital.info\/index.php?rest_route=%2Fwp%2Fv2%2Fcomments&post=817"}],"version-history":[{"count":1,"href":"https:\/\/elregionaldigital.info\/index.php?rest_route=\/wp\/v2\/posts\/817\/revisions"}],"predecessor-version":[{"id":819,"href":"https:\/\/elregionaldigital.info\/index.php?rest_route=\/wp\/v2\/posts\/817\/revisions\/819"}],"wp:featuredmedia":[{"embeddable":true,"href":"https:\/\/elregionaldigital.info\/index.php?rest_route=\/wp\/v2\/media\/818"}],"wp:attachment":[{"href":"https:\/\/elregionaldigital.info\/index.php?rest_route=%2Fwp%2Fv2%2Fmedia&parent=817"}],"wp:term":[{"taxonomy":"category","embeddable":true,"href":"https:\/\/elregionaldigital.info\/index.php?rest_route=%2Fwp%2Fv2%2Fcategories&post=817"},{"taxonomy":"post_tag","embeddable":true,"href":"https:\/\/elregionaldigital.info\/index.php?rest_route=%2Fwp%2Fv2%2Ftags&post=817"}],"curies":[{"name":"wp","href":"https:\/\/api.w.org\/{rel}","templated":true}]}}