{"id":811,"date":"2022-12-20T17:15:07","date_gmt":"2022-12-20T17:15:07","guid":{"rendered":"http:\/\/elregionaldigital.info\/?p=811"},"modified":"2022-12-20T17:15:08","modified_gmt":"2022-12-20T17:15:08","slug":"ebrard-confirma-que-familia-de-pedro-castillo-esta-en-la-embajada-de-mexico-tienen-asilo-politico","status":"publish","type":"post","link":"https:\/\/elregionaldigital.info\/?p=811","title":{"rendered":"Ebrard confirma que familia de Pedro Castillo est\u00e1 en la embajada de M\u00e9xico; tienen asilo pol\u00edtico"},"content":{"rendered":"\n<figure class=\"wp-block-image size-large\"><img loading=\"lazy\" decoding=\"async\" width=\"1024\" height=\"576\" src=\"http:\/\/elregionaldigital.info\/wp-content\/uploads\/2022\/12\/pedro-castillo-peru-084727-1024x576.jpg\" alt=\"\" class=\"wp-image-812\" srcset=\"https:\/\/elregionaldigital.info\/wp-content\/uploads\/2022\/12\/pedro-castillo-peru-084727-1024x576.jpg 1024w, https:\/\/elregionaldigital.info\/wp-content\/uploads\/2022\/12\/pedro-castillo-peru-084727-300x169.jpg 300w, https:\/\/elregionaldigital.info\/wp-content\/uploads\/2022\/12\/pedro-castillo-peru-084727-768x432.jpg 768w, https:\/\/elregionaldigital.info\/wp-content\/uploads\/2022\/12\/pedro-castillo-peru-084727.jpg 1200w\" sizes=\"auto, (max-width: 1024px) 100vw, 1024px\" \/><\/figure>\n\n\n\n<p><a rel=\"noreferrer noopener\" href=\"https:\/\/www.unotv.com\/nacional\/la-mananera-de-amlo-20-de-diciembre-de-2022-en-vivo-sigue-los-temas-minuto-a-minuto\/\" target=\"_blank\">Andr\u00e9s Manuel L\u00f3pez Obrador (<strong>AMLO<\/strong>)<\/a>\u00a0dijo en d\u00edas pasados que se brindar\u00eda asilo pol\u00edtico a la\u00a0<strong>familia del expresidente de Per\u00fa, Pedro Castillo<\/strong>, y este martes 20 de diciembre el canciller<strong>\u00a0Marcelo Ebrard<\/strong>\u00a0lo confirm\u00f3.<\/p>\n\n\n\n<p>El titular de la<strong>&nbsp;Secretar\u00eda de Relaciones Exteriores<\/strong>&nbsp;(SRE) agreg\u00f3 que ya le&nbsp;<a href=\"https:\/\/www.unotv.com\/internacional\/pedro-castillo-ratifica-peticion-de-asilo-a-mexico-persecucion-politica\/\" target=\"_blank\" rel=\"noreferrer noopener\">fue concedido el asilo pol\u00edtico<\/a>, por lo que se encuentra refugiada en la embajada mexicana. Apunt\u00f3 que se negocia que, si lo desean, los familiares puedan venir a M\u00e9xico.<\/p>\n\n\n\n<blockquote class=\"wp-block-quote is-layout-flow wp-block-quote-is-layout-flow\">\n<p><em>\u201cEl asilo se les concedi\u00f3 porque est\u00e1n en territorio mexicano porque est\u00e1n en la embajada (\u2026) es una decisi\u00f3n de M\u00e9xico, negociando salvoconducto para que si quieren salir puedan hacerlo, est\u00e1n en territorio mexicano en la embajada\u201d.<\/em>Marcelo Ebrard<\/p>\n<\/blockquote>\n","protected":false},"excerpt":{"rendered":"<p>Andr\u00e9s Manuel L\u00f3pez Obrador (AMLO)\u00a0dijo en d\u00edas pasados que se brindar\u00eda asilo pol\u00edtico a la\u00a0familia del expresidente de Per\u00fa, Pedro Castillo, y este martes 20 de diciembre el canciller\u00a0Marcelo Ebrard\u00a0lo confirm\u00f3. El titular de la&nbsp;Secretar\u00eda de Relaciones Exteriores&nbsp;(SRE) agreg\u00f3 que ya le&nbsp;fue concedido el asilo pol\u00edtico, por lo que se encuentra refugiada en la embajada [&hellip;]<\/p>\n","protected":false},"author":1,"featured_media":812,"comment_status":"open","ping_status":"open","sticky":false,"template":"","format":"standard","meta":{"footnotes":""},"categories":[5],"tags":[],"class_list":["post-811","post","type-post","status-publish","format-standard","has-post-thumbnail","hentry","category-nacional"],"blog_post_layout_featured_media_urls":{"thumbnail":["https:\/\/elregionaldigital.info\/wp-content\/uploads\/2022\/12\/pedro-castillo-peru-084727-150x150.jpg",150,150,true],"full":["https:\/\/elregionaldigital.info\/wp-content\/uploads\/2022\/12\/pedro-castillo-peru-084727.jpg",1200,675,false]},"categories_names":{"5":{"name":"Nacional","link":"https:\/\/elregionaldigital.info\/?cat=5"}},"tags_names":[],"comments_number":"0","wpmagazine_modules_lite_featured_media_urls":{"thumbnail":["https:\/\/elregionaldigital.info\/wp-content\/uploads\/2022\/12\/pedro-castillo-peru-084727-150x150.jpg",150,150,true],"cvmm-medium":["https:\/\/elregionaldigital.info\/wp-content\/uploads\/2022\/12\/pedro-castillo-peru-084727-300x300.jpg",300,300,true],"cvmm-medium-plus":["https:\/\/elregionaldigital.info\/wp-content\/uploads\/2022\/12\/pedro-castillo-peru-084727-305x207.jpg",305,207,true],"cvmm-portrait":["https:\/\/elregionaldigital.info\/wp-content\/uploads\/2022\/12\/pedro-castillo-peru-084727-400x600.jpg",400,600,true],"cvmm-medium-square":["https:\/\/elregionaldigital.info\/wp-content\/uploads\/2022\/12\/pedro-castillo-peru-084727-600x600.jpg",600,600,true],"cvmm-large":["https:\/\/elregionaldigital.info\/wp-content\/uploads\/2022\/12\/pedro-castillo-peru-084727-1024x675.jpg",1024,675,true],"cvmm-small":["https:\/\/elregionaldigital.info\/wp-content\/uploads\/2022\/12\/pedro-castillo-peru-084727-130x95.jpg",130,95,true],"full":["https:\/\/elregionaldigital.info\/wp-content\/uploads\/2022\/12\/pedro-castillo-peru-084727.jpg",1200,675,false]},"_links":{"self":[{"href":"https:\/\/elregionaldigital.info\/index.php?rest_route=\/wp\/v2\/posts\/811","targetHints":{"allow":["GET"]}}],"collection":[{"href":"https:\/\/elregionaldigital.info\/index.php?rest_route=\/wp\/v2\/posts"}],"about":[{"href":"https:\/\/elregionaldigital.info\/index.php?rest_route=\/wp\/v2\/types\/post"}],"author":[{"embeddable":true,"href":"https:\/\/elregionaldigital.info\/index.php?rest_route=\/wp\/v2\/users\/1"}],"replies":[{"embeddable":true,"href":"https:\/\/elregionaldigital.info\/index.php?rest_route=%2Fwp%2Fv2%2Fcomments&post=811"}],"version-history":[{"count":1,"href":"https:\/\/elregionaldigital.info\/index.php?rest_route=\/wp\/v2\/posts\/811\/revisions"}],"predecessor-version":[{"id":813,"href":"https:\/\/elregionaldigital.info\/index.php?rest_route=\/wp\/v2\/posts\/811\/revisions\/813"}],"wp:featuredmedia":[{"embeddable":true,"href":"https:\/\/elregionaldigital.info\/index.php?rest_route=\/wp\/v2\/media\/812"}],"wp:attachment":[{"href":"https:\/\/elregionaldigital.info\/index.php?rest_route=%2Fwp%2Fv2%2Fmedia&parent=811"}],"wp:term":[{"taxonomy":"category","embeddable":true,"href":"https:\/\/elregionaldigital.info\/index.php?rest_route=%2Fwp%2Fv2%2Fcategories&post=811"},{"taxonomy":"post_tag","embeddable":true,"href":"https:\/\/elregionaldigital.info\/index.php?rest_route=%2Fwp%2Fv2%2Ftags&post=811"}],"curies":[{"name":"wp","href":"https:\/\/api.w.org\/{rel}","templated":true}]}}