{"id":790,"date":"2022-12-16T14:09:25","date_gmt":"2022-12-16T14:09:25","guid":{"rendered":"http:\/\/elregionaldigital.info\/?p=790"},"modified":"2022-12-17T14:13:12","modified_gmt":"2022-12-17T14:13:12","slug":"preside-el-rector-la-entrega-de-reconocimientos-al-merito-universitario-2022","status":"publish","type":"post","link":"https:\/\/elregionaldigital.info\/?p=790","title":{"rendered":"<strong>Preside el Rector la entrega de reconocimientos al M\u00e9rito Universitario 2022<\/strong>"},"content":{"rendered":"\n<figure class=\"wp-block-image size-large\"><img loading=\"lazy\" decoding=\"async\" width=\"1024\" height=\"683\" src=\"http:\/\/elregionaldigital.info\/wp-content\/uploads\/2022\/12\/16-1024x683.jpg\" alt=\"\" class=\"wp-image-791\" srcset=\"https:\/\/elregionaldigital.info\/wp-content\/uploads\/2022\/12\/16-1024x683.jpg 1024w, https:\/\/elregionaldigital.info\/wp-content\/uploads\/2022\/12\/16-300x200.jpg 300w, https:\/\/elregionaldigital.info\/wp-content\/uploads\/2022\/12\/16-768x512.jpg 768w, https:\/\/elregionaldigital.info\/wp-content\/uploads\/2022\/12\/16-1536x1024.jpg 1536w, https:\/\/elregionaldigital.info\/wp-content\/uploads\/2022\/12\/16-2048x1365.jpg 2048w\" sizes=\"auto, (max-width: 1024px) 100vw, 1024px\" \/><\/figure>\n\n\n\n<p>Ciudad Victoria, Tam.; 16 de diciembre de 2022.<\/p>\n\n\n\n<p><strong>Preside el Rector la entrega de reconocimientos al M\u00e9rito Universitario 2022<\/strong><\/p>\n\n\n\n<p>El C. P. Guillermo Mendoza Cavazos, rector de la Universidad Aut\u00f3noma de Tamaulipas (UAT), presidi\u00f3 la Asamblea Solemne de entrega de Reconocimiento al M\u00e9rito Universitario 2022 a profesores, estudiantes, investigadores y trabajadores quienes con su dedicaci\u00f3n han contribuido al engrandecimiento de la m\u00e1xima casa de estudios del estado.<\/p>\n\n\n\n<p>En sendas ceremonias, el rector Mendoza Cavazos hizo entrega de los galardones a universitarios de Tampico y Mante en el Aula Magna Herman Harris Fleishman del Campus Sur y en el Teatro Ju\u00e1rez de esta capital a los homenajeados de las zonas norte y centro del estado.<\/p>\n\n\n\n<p>En su mensaje, dijo que esta tradici\u00f3n tiene como prop\u00f3sito estimular a los integrantes de la comunidad universitaria por sus destacadas trayectorias. \u201cEs importante decirlo: el valor de su entrega acad\u00e9mica y la calidad de su trabajo abonan al fortalecimiento de esta gran universidad\u201d.<\/p>\n\n\n\n<p>\u201cLa UAT es una instituci\u00f3n din\u00e1mica y en constante crecimiento \u2014prosigui\u00f3 el rector\u2014, no solo por la calidad y el alcance de sus instalaciones f\u00edsicas, sino por el nivel de nuestros docentes, estudiantes y trabajadores universitarios; menci\u00f3n especial tienen los logros de nuestros investigadores, catedr\u00e1ticos y egresados con cuyas tesis de calidad se construye y complementa el perfil ideal del universitario de la Aut\u00f3noma de Tamaulipas\u201d.<\/p>\n\n\n\n<p>Se\u00f1al\u00f3 que la funci\u00f3n sustantiva de la UAT es la formaci\u00f3n acad\u00e9mica, pero el mundo requiere de universitarios integrales que contribuyan a la generaci\u00f3n de nuevo conocimiento y tecnolog\u00eda en todas las disciplinas.<\/p>\n\n\n\n<p>Por ello, subray\u00f3 que el prop\u00f3sito de esta casa de estudios es transformarse, conscientes de que es la clave para lograr el desarrollo y el bienestar. \u201cTrabajemos todos por esta meta\u201d, exhort\u00f3 el m\u00e1ximo dirigente de la UAT.<\/p>\n\n\n\n<p>Se\u00f1al\u00f3 que, al concluir el primer a\u00f1o de su gesti\u00f3n, existe confianza en el futuro al comprobar la calidad del recurso humano con que cuenta la Universidad: \u201cMi mayor satisfacci\u00f3n es comprobar que contamos con las mejores personas para cumplir nuestra misi\u00f3n. Son ustedes la mayor virtud dentro de nuestra instituci\u00f3n\u201d.<\/p>\n\n\n\n<p>Afirm\u00f3 que la identidad universitaria se desarrolla y fortifica cuando se trabaja unidos para un bien com\u00fan:<\/p>\n\n\n\n<p>\u201cTrascendemos a trav\u00e9s de la formaci\u00f3n acad\u00e9mica, y como universidad p\u00fablica nuestro reto es forjar egresados con conciencia humanista, esfuerzo solidario, sentido de pertenencia e identidad nacional. Consolid\u00e9monos como el lugar com\u00fan para el trabajo, para el dialogo de todos; empe\u00f1emos voluntad, trabajo y fuerza para ser parte del desarrollo social de nuestro estado\u201d.<\/p>\n\n\n\n<p>En ambas ceremonias, los premios que se entregaron fueron, entre otros, el Reconocimiento de Profesor Em\u00e9rito y Medalla Miguel Asomoza Arronte, Profesor Extraordinario y Diploma al M\u00e9rito Universitario.<\/p>\n\n\n\n<p>Se otorg\u00f3 Diploma de Aprovechamiento a estudiantes con el m\u00e1s alto promedio del ciclo escolar; Diploma y Medalla Francisco T. Villarreal de licenciatura o posgrado y Diploma al Desempe\u00f1o Acad\u00e9mico a alumnos sobresalientes en el examen EGEL del CENEVAL.<\/p>\n\n\n\n<p>A los trabajadores administrativos se les entreg\u00f3 la Medalla Alfredo E. Gochicoa por su trayectoria de servicio ininterrumpido en la Universidad.<\/p>\n\n\n\n<p>Se entreg\u00f3 tambi\u00e9n el Premio Universitario en las categor\u00edas de tesis de calidad de licenciatura y posgrado Lic. Natividad Garza Leal. Entre los galardonados con el premio a la Investigaci\u00f3n de Excelencia Gral. y Lic. Bernardo L\u00f3pez Garc\u00eda est\u00e1n la Dra. Rosa Issel Acosta Gonz\u00e1lez, el Dr. Edgardo Jonathan Su\u00e1rez Dom\u00ednguez, el Dr. Ram\u00f3n Ventura Roque Hern\u00e1ndez, la Dra. Karla<\/p>\n\n\n\n<p>Lorena Andrade Rubio, la Dra. Edilia de la Rosa Manzano, el Dr. \u00c9dgar Tello Leal y el Dr. Santiago Ni\u00f1o Maldonado.<\/p>\n\n\n\n<p>Finalmente, el Premio Investigador Joven 2022 Dr. Norberto Trevi\u00f1o Zapata lo recibi\u00f3 el Dr. Josu\u00e9 Francisco P\u00e9rez S\u00e1nchez, investigador de la Facultad de Arquitectura, Dise\u00f1o y Urbanismo.<\/p>\n","protected":false},"excerpt":{"rendered":"<p>Ciudad Victoria, Tam.; 16 de diciembre de 2022. Preside el Rector la entrega de reconocimientos al M\u00e9rito Universitario 2022 El C. P. Guillermo Mendoza Cavazos, rector de la Universidad Aut\u00f3noma de Tamaulipas (UAT), presidi\u00f3 la Asamblea Solemne de entrega de Reconocimiento al M\u00e9rito Universitario 2022 a profesores, estudiantes, investigadores y trabajadores quienes con su dedicaci\u00f3n [&hellip;]<\/p>\n","protected":false},"author":1,"featured_media":791,"comment_status":"open","ping_status":"open","sticky":false,"template":"","format":"standard","meta":{"footnotes":""},"categories":[4],"tags":[],"class_list":["post-790","post","type-post","status-publish","format-standard","has-post-thumbnail","hentry","category-universidades"],"blog_post_layout_featured_media_urls":{"thumbnail":["https:\/\/elregionaldigital.info\/wp-content\/uploads\/2022\/12\/16-150x150.jpg",150,150,true],"full":["https:\/\/elregionaldigital.info\/wp-content\/uploads\/2022\/12\/16-scaled.jpg",2560,1707,false]},"categories_names":{"4":{"name":"Universidades","link":"https:\/\/elregionaldigital.info\/?cat=4"}},"tags_names":[],"comments_number":"0","wpmagazine_modules_lite_featured_media_urls":{"thumbnail":["https:\/\/elregionaldigital.info\/wp-content\/uploads\/2022\/12\/16-150x150.jpg",150,150,true],"cvmm-medium":["https:\/\/elregionaldigital.info\/wp-content\/uploads\/2022\/12\/16-300x300.jpg",300,300,true],"cvmm-medium-plus":["https:\/\/elregionaldigital.info\/wp-content\/uploads\/2022\/12\/16-305x207.jpg",305,207,true],"cvmm-portrait":["https:\/\/elregionaldigital.info\/wp-content\/uploads\/2022\/12\/16-400x600.jpg",400,600,true],"cvmm-medium-square":["https:\/\/elregionaldigital.info\/wp-content\/uploads\/2022\/12\/16-600x600.jpg",600,600,true],"cvmm-large":["https:\/\/elregionaldigital.info\/wp-content\/uploads\/2022\/12\/16-1024x1024.jpg",1024,1024,true],"cvmm-small":["https:\/\/elregionaldigital.info\/wp-content\/uploads\/2022\/12\/16-130x95.jpg",130,95,true],"full":["https:\/\/elregionaldigital.info\/wp-content\/uploads\/2022\/12\/16-scaled.jpg",2560,1707,false]},"_links":{"self":[{"href":"https:\/\/elregionaldigital.info\/index.php?rest_route=\/wp\/v2\/posts\/790","targetHints":{"allow":["GET"]}}],"collection":[{"href":"https:\/\/elregionaldigital.info\/index.php?rest_route=\/wp\/v2\/posts"}],"about":[{"href":"https:\/\/elregionaldigital.info\/index.php?rest_route=\/wp\/v2\/types\/post"}],"author":[{"embeddable":true,"href":"https:\/\/elregionaldigital.info\/index.php?rest_route=\/wp\/v2\/users\/1"}],"replies":[{"embeddable":true,"href":"https:\/\/elregionaldigital.info\/index.php?rest_route=%2Fwp%2Fv2%2Fcomments&post=790"}],"version-history":[{"count":1,"href":"https:\/\/elregionaldigital.info\/index.php?rest_route=\/wp\/v2\/posts\/790\/revisions"}],"predecessor-version":[{"id":792,"href":"https:\/\/elregionaldigital.info\/index.php?rest_route=\/wp\/v2\/posts\/790\/revisions\/792"}],"wp:featuredmedia":[{"embeddable":true,"href":"https:\/\/elregionaldigital.info\/index.php?rest_route=\/wp\/v2\/media\/791"}],"wp:attachment":[{"href":"https:\/\/elregionaldigital.info\/index.php?rest_route=%2Fwp%2Fv2%2Fmedia&parent=790"}],"wp:term":[{"taxonomy":"category","embeddable":true,"href":"https:\/\/elregionaldigital.info\/index.php?rest_route=%2Fwp%2Fv2%2Fcategories&post=790"},{"taxonomy":"post_tag","embeddable":true,"href":"https:\/\/elregionaldigital.info\/index.php?rest_route=%2Fwp%2Fv2%2Ftags&post=790"}],"curies":[{"name":"wp","href":"https:\/\/api.w.org\/{rel}","templated":true}]}}