{"id":785,"date":"2022-12-16T13:57:44","date_gmt":"2022-12-16T13:57:44","guid":{"rendered":"http:\/\/elregionaldigital.info\/?p=785"},"modified":"2022-12-17T14:03:50","modified_gmt":"2022-12-17T14:03:50","slug":"el-presidente-municipal-dr-alberto-alanis-villarreal-realizo-una-supervision-de-obra","status":"publish","type":"post","link":"https:\/\/elregionaldigital.info\/?p=785","title":{"rendered":"El Presidente Municipal, Dr. Alberto Alan\u00eds Villarreal, realiz\u00f3 una Supervisi\u00f3n de Obra"},"content":{"rendered":"\n<figure class=\"wp-block-image size-full\"><img loading=\"lazy\" decoding=\"async\" width=\"960\" height=\"640\" src=\"http:\/\/elregionaldigital.info\/wp-content\/uploads\/2022\/12\/320610351_846250779977132_6195817791671246739_n.jpg\" alt=\"\" class=\"wp-image-786\" srcset=\"https:\/\/elregionaldigital.info\/wp-content\/uploads\/2022\/12\/320610351_846250779977132_6195817791671246739_n.jpg 960w, https:\/\/elregionaldigital.info\/wp-content\/uploads\/2022\/12\/320610351_846250779977132_6195817791671246739_n-300x200.jpg 300w, https:\/\/elregionaldigital.info\/wp-content\/uploads\/2022\/12\/320610351_846250779977132_6195817791671246739_n-768x512.jpg 768w\" sizes=\"auto, (max-width: 960px) 100vw, 960px\" \/><\/figure>\n\n\n\n<p>El Presidente Municipal, Dr. Alberto Alan\u00eds Villarreal, realiz\u00f3 una Supervisi\u00f3n de Obra, en la Repavimentaci\u00f3n de la calle Tamaulipas, en el tramo que abarca desde la calle 7\u00aa, hasta la calle 11, corroborando que se haga un trabajo de calidad en esta importante vialidad, para que sea un beneficio permanente para los ciudadanos vallehermosenses.<\/p>\n\n\n\n<p>Que se diga fuerte, que en <a href=\"https:\/\/www.facebook.com\/hashtag\/vallehermoso?__eep__=6&amp;__cft__[0]=AZVebjA5IKYWcZusnMq_e494Zv51gfpJxScrTZ8lNdEfZaRHAwu7Lcj7n60t9lreQo1rnPRCdq2hSvKUTvMPFIMZ64dnDnS7qzrimyvuDGI-xVRfmth_HmVbqv_UbqvITCW3EX5SdZWqbuVyuFRHsCdOOuwFyC7jBCilt-CVCF7lD4nIViKqQdJj6ME4DnPbFBYNZg_4rUwzyLX0w2wbLzGZr4Gy7920yjX0Ap0DOzjV5SuQ-3JedFMXabhwD-xu15U&amp;__tn__=*NK-y-R\" target=\"_blank\" rel=\"noreferrer noopener\">#ValleHermoso<\/a> el Progreso es Evidente<\/p>\n\n\n\n<figure class=\"wp-block-image size-large\"><img loading=\"lazy\" decoding=\"async\" width=\"1024\" height=\"682\" src=\"http:\/\/elregionaldigital.info\/wp-content\/uploads\/2022\/12\/320630852_3361364240774514_1596984549882586075_n-1024x682.jpg\" alt=\"\" class=\"wp-image-787\" srcset=\"https:\/\/elregionaldigital.info\/wp-content\/uploads\/2022\/12\/320630852_3361364240774514_1596984549882586075_n-1024x682.jpg 1024w, https:\/\/elregionaldigital.info\/wp-content\/uploads\/2022\/12\/320630852_3361364240774514_1596984549882586075_n-300x200.jpg 300w, https:\/\/elregionaldigital.info\/wp-content\/uploads\/2022\/12\/320630852_3361364240774514_1596984549882586075_n-768x512.jpg 768w, https:\/\/elregionaldigital.info\/wp-content\/uploads\/2022\/12\/320630852_3361364240774514_1596984549882586075_n.jpg 1280w\" sizes=\"auto, (max-width: 1024px) 100vw, 1024px\" \/><\/figure>\n\n\n\n<p><\/p>\n\n\n\n<figure class=\"wp-block-image size-large\"><img loading=\"lazy\" decoding=\"async\" width=\"1024\" height=\"576\" src=\"http:\/\/elregionaldigital.info\/wp-content\/uploads\/2022\/12\/320334799_595837685682439_7042741476141990433_n-1024x576.jpg\" alt=\"\" class=\"wp-image-788\" srcset=\"https:\/\/elregionaldigital.info\/wp-content\/uploads\/2022\/12\/320334799_595837685682439_7042741476141990433_n-1024x576.jpg 1024w, https:\/\/elregionaldigital.info\/wp-content\/uploads\/2022\/12\/320334799_595837685682439_7042741476141990433_n-300x169.jpg 300w, https:\/\/elregionaldigital.info\/wp-content\/uploads\/2022\/12\/320334799_595837685682439_7042741476141990433_n-768x432.jpg 768w, https:\/\/elregionaldigital.info\/wp-content\/uploads\/2022\/12\/320334799_595837685682439_7042741476141990433_n.jpg 1280w\" sizes=\"auto, (max-width: 1024px) 100vw, 1024px\" \/><\/figure>\n","protected":false},"excerpt":{"rendered":"<p>El Presidente Municipal, Dr. Alberto Alan\u00eds Villarreal, realiz\u00f3 una Supervisi\u00f3n de Obra, en la Repavimentaci\u00f3n de la calle Tamaulipas, en el tramo que abarca desde la calle 7\u00aa, hasta la calle 11, corroborando que se haga un trabajo de calidad en esta importante vialidad, para que sea un beneficio permanente para los ciudadanos vallehermosenses. Que [&hellip;]<\/p>\n","protected":false},"author":1,"featured_media":786,"comment_status":"open","ping_status":"open","sticky":false,"template":"","format":"standard","meta":{"footnotes":""},"categories":[2],"tags":[],"class_list":["post-785","post","type-post","status-publish","format-standard","has-post-thumbnail","hentry","category-tamaulipas"],"blog_post_layout_featured_media_urls":{"thumbnail":["https:\/\/elregionaldigital.info\/wp-content\/uploads\/2022\/12\/320610351_846250779977132_6195817791671246739_n-150x150.jpg",150,150,true],"full":["https:\/\/elregionaldigital.info\/wp-content\/uploads\/2022\/12\/320610351_846250779977132_6195817791671246739_n.jpg",960,640,false]},"categories_names":{"2":{"name":"Tamaulipas","link":"https:\/\/elregionaldigital.info\/?cat=2"}},"tags_names":[],"comments_number":"0","wpmagazine_modules_lite_featured_media_urls":{"thumbnail":["https:\/\/elregionaldigital.info\/wp-content\/uploads\/2022\/12\/320610351_846250779977132_6195817791671246739_n-150x150.jpg",150,150,true],"cvmm-medium":["https:\/\/elregionaldigital.info\/wp-content\/uploads\/2022\/12\/320610351_846250779977132_6195817791671246739_n-300x300.jpg",300,300,true],"cvmm-medium-plus":["https:\/\/elregionaldigital.info\/wp-content\/uploads\/2022\/12\/320610351_846250779977132_6195817791671246739_n-305x207.jpg",305,207,true],"cvmm-portrait":["https:\/\/elregionaldigital.info\/wp-content\/uploads\/2022\/12\/320610351_846250779977132_6195817791671246739_n-400x600.jpg",400,600,true],"cvmm-medium-square":["https:\/\/elregionaldigital.info\/wp-content\/uploads\/2022\/12\/320610351_846250779977132_6195817791671246739_n-600x600.jpg",600,600,true],"cvmm-large":["https:\/\/elregionaldigital.info\/wp-content\/uploads\/2022\/12\/320610351_846250779977132_6195817791671246739_n.jpg",960,640,false],"cvmm-small":["https:\/\/elregionaldigital.info\/wp-content\/uploads\/2022\/12\/320610351_846250779977132_6195817791671246739_n-130x95.jpg",130,95,true],"full":["https:\/\/elregionaldigital.info\/wp-content\/uploads\/2022\/12\/320610351_846250779977132_6195817791671246739_n.jpg",960,640,false]},"_links":{"self":[{"href":"https:\/\/elregionaldigital.info\/index.php?rest_route=\/wp\/v2\/posts\/785","targetHints":{"allow":["GET"]}}],"collection":[{"href":"https:\/\/elregionaldigital.info\/index.php?rest_route=\/wp\/v2\/posts"}],"about":[{"href":"https:\/\/elregionaldigital.info\/index.php?rest_route=\/wp\/v2\/types\/post"}],"author":[{"embeddable":true,"href":"https:\/\/elregionaldigital.info\/index.php?rest_route=\/wp\/v2\/users\/1"}],"replies":[{"embeddable":true,"href":"https:\/\/elregionaldigital.info\/index.php?rest_route=%2Fwp%2Fv2%2Fcomments&post=785"}],"version-history":[{"count":1,"href":"https:\/\/elregionaldigital.info\/index.php?rest_route=\/wp\/v2\/posts\/785\/revisions"}],"predecessor-version":[{"id":789,"href":"https:\/\/elregionaldigital.info\/index.php?rest_route=\/wp\/v2\/posts\/785\/revisions\/789"}],"wp:featuredmedia":[{"embeddable":true,"href":"https:\/\/elregionaldigital.info\/index.php?rest_route=\/wp\/v2\/media\/786"}],"wp:attachment":[{"href":"https:\/\/elregionaldigital.info\/index.php?rest_route=%2Fwp%2Fv2%2Fmedia&parent=785"}],"wp:term":[{"taxonomy":"category","embeddable":true,"href":"https:\/\/elregionaldigital.info\/index.php?rest_route=%2Fwp%2Fv2%2Fcategories&post=785"},{"taxonomy":"post_tag","embeddable":true,"href":"https:\/\/elregionaldigital.info\/index.php?rest_route=%2Fwp%2Fv2%2Ftags&post=785"}],"curies":[{"name":"wp","href":"https:\/\/api.w.org\/{rel}","templated":true}]}}