{"id":728,"date":"2022-11-24T17:56:00","date_gmt":"2022-11-24T17:56:00","guid":{"rendered":"http:\/\/elregionaldigital.info\/?p=728"},"modified":"2022-11-25T05:58:52","modified_gmt":"2022-11-25T05:58:52","slug":"presupuesto-para-apoyo-de-adultos-mayores-se-multiplicara-9-54-veces-ariadna-montiel","status":"publish","type":"post","link":"https:\/\/elregionaldigital.info\/?p=728","title":{"rendered":"Presupuesto para apoyo de adultos mayores se multiplicar\u00e1 9.54 veces: Ariadna Montiel"},"content":{"rendered":"\n<figure class=\"wp-block-image size-full\"><img loading=\"lazy\" decoding=\"async\" width=\"770\" height=\"485\" src=\"http:\/\/elregionaldigital.info\/wp-content\/uploads\/2022\/11\/1_5_crop1669342453283.jpg_1970638775.webp\" alt=\"\" class=\"wp-image-729\" srcset=\"https:\/\/elregionaldigital.info\/wp-content\/uploads\/2022\/11\/1_5_crop1669342453283.jpg_1970638775.webp 770w, https:\/\/elregionaldigital.info\/wp-content\/uploads\/2022\/11\/1_5_crop1669342453283.jpg_1970638775-300x189.webp 300w, https:\/\/elregionaldigital.info\/wp-content\/uploads\/2022\/11\/1_5_crop1669342453283.jpg_1970638775-768x484.webp 768w\" sizes=\"auto, (max-width: 770px) 100vw, 770px\" \/><\/figure>\n\n\n\n<p>El presupuesto para entregar la pensi\u00f3n de personas adultas mayores&nbsp;<strong>se multiplicar\u00e1 por 9.5 veces en comparaci\u00f3n al gobierno anterior, al pasar de 35 mil a 339 mil 300 millones de pesos en 2023<\/strong>, se\u00f1al\u00f3 la secretaria de Bienestar, Ariadna Montiel Reyes, durante su comparecencia ante el pleno de la C\u00e1mara de Diputados.<\/p>\n\n\n\n<p>Abund\u00f3 en que el padr\u00f3n activo de dicho programa es de 10.5 millones de adultos mayores, que este a\u00f1o entrega tres mil 850 pesos bimestrales a cada adulto mayor inscrito; y para el pr\u00f3ximo a\u00f1o ser\u00e1n cuatro mil 820 pesos, ya que en enero se incrementar\u00e1 en 25 por ciento. Detall\u00f3 que el presupuesto para 2023 equivale al 1% del PIB, y que en cuatro a\u00f1os de gobierno se ha invertido lo que se destin\u00f3 en los dos \u00faltimos sexenios juntos.<\/p>\n\n\n\n<p>En cuanto a la Pensi\u00f3n para el Bienestar de las Personas con Discapacidad, dijo que un mill\u00f3n 318 mil personas con discapacidad son derechohabientes a dos mil 800 pesos bimestrales, y que<strong>&nbsp;este a\u00f1o fueron incorporados 318 mil personas con discapacidad a trav\u00e9s de la universalidad en 17 estados.<\/strong><\/p>\n\n\n\n<p>Explic\u00f3 que\u00a0<strong>la inversi\u00f3n social para 2022 es de 22 mil millones de pesos, &#8220;la m\u00e1s grande en la historia&#8221;<\/strong>; y que el Gobierno de M\u00e9xico invierte 20 mil millones de pesos y los estados dos mil millones de pesos.<\/p>\n\n\n\n<p>Sobre el programa Sembrando Vida, refiri\u00f3 que&nbsp;<strong>est\u00e1 en marcha en 21 entidades del pa\u00eds, con un padr\u00f3n de 452 mil 500 personas<\/strong>&nbsp;que reciben cuatro mil 500 pesos mensuales, de una inversi\u00f3n en 2022, de 30 mil millones de pesos, y en los cuatro a\u00f1os del programa suma m\u00e1s de 88 mil millones de pesos.<\/p>\n\n\n\n<p>En la ronda de posicionamientos, la diputada Martha Rosa Morales Romero, de Morena, dijo que de septiembre de 2021 a junio de 2022, se han dado recursos a 10 millones 298 mil 808 adultos mayores, y 994 mil 469 personas con discapacidad.<\/p>\n","protected":false},"excerpt":{"rendered":"<p>El presupuesto para entregar la pensi\u00f3n de personas adultas mayores&nbsp;se multiplicar\u00e1 por 9.5 veces en comparaci\u00f3n al gobierno anterior, al pasar de 35 mil a 339 mil 300 millones de pesos en 2023, se\u00f1al\u00f3 la secretaria de Bienestar, Ariadna Montiel Reyes, durante su comparecencia ante el pleno de la C\u00e1mara de Diputados. Abund\u00f3 en que [&hellip;]<\/p>\n","protected":false},"author":1,"featured_media":729,"comment_status":"open","ping_status":"open","sticky":false,"template":"","format":"standard","meta":{"footnotes":""},"categories":[5],"tags":[],"class_list":["post-728","post","type-post","status-publish","format-standard","has-post-thumbnail","hentry","category-nacional"],"blog_post_layout_featured_media_urls":{"thumbnail":["https:\/\/elregionaldigital.info\/wp-content\/uploads\/2022\/11\/1_5_crop1669342453283.jpg_1970638775-150x150.webp",150,150,true],"full":["https:\/\/elregionaldigital.info\/wp-content\/uploads\/2022\/11\/1_5_crop1669342453283.jpg_1970638775.webp",770,485,false]},"categories_names":{"5":{"name":"Nacional","link":"https:\/\/elregionaldigital.info\/?cat=5"}},"tags_names":[],"comments_number":"0","wpmagazine_modules_lite_featured_media_urls":{"thumbnail":["https:\/\/elregionaldigital.info\/wp-content\/uploads\/2022\/11\/1_5_crop1669342453283.jpg_1970638775-150x150.webp",150,150,true],"cvmm-medium":["https:\/\/elregionaldigital.info\/wp-content\/uploads\/2022\/11\/1_5_crop1669342453283.jpg_1970638775-300x300.webp",300,300,true],"cvmm-medium-plus":["https:\/\/elregionaldigital.info\/wp-content\/uploads\/2022\/11\/1_5_crop1669342453283.jpg_1970638775-305x207.webp",305,207,true],"cvmm-portrait":["https:\/\/elregionaldigital.info\/wp-content\/uploads\/2022\/11\/1_5_crop1669342453283.jpg_1970638775-400x485.webp",400,485,true],"cvmm-medium-square":["https:\/\/elregionaldigital.info\/wp-content\/uploads\/2022\/11\/1_5_crop1669342453283.jpg_1970638775-600x485.webp",600,485,true],"cvmm-large":["https:\/\/elregionaldigital.info\/wp-content\/uploads\/2022\/11\/1_5_crop1669342453283.jpg_1970638775.webp",770,485,false],"cvmm-small":["https:\/\/elregionaldigital.info\/wp-content\/uploads\/2022\/11\/1_5_crop1669342453283.jpg_1970638775-130x95.webp",130,95,true],"full":["https:\/\/elregionaldigital.info\/wp-content\/uploads\/2022\/11\/1_5_crop1669342453283.jpg_1970638775.webp",770,485,false]},"_links":{"self":[{"href":"https:\/\/elregionaldigital.info\/index.php?rest_route=\/wp\/v2\/posts\/728","targetHints":{"allow":["GET"]}}],"collection":[{"href":"https:\/\/elregionaldigital.info\/index.php?rest_route=\/wp\/v2\/posts"}],"about":[{"href":"https:\/\/elregionaldigital.info\/index.php?rest_route=\/wp\/v2\/types\/post"}],"author":[{"embeddable":true,"href":"https:\/\/elregionaldigital.info\/index.php?rest_route=\/wp\/v2\/users\/1"}],"replies":[{"embeddable":true,"href":"https:\/\/elregionaldigital.info\/index.php?rest_route=%2Fwp%2Fv2%2Fcomments&post=728"}],"version-history":[{"count":1,"href":"https:\/\/elregionaldigital.info\/index.php?rest_route=\/wp\/v2\/posts\/728\/revisions"}],"predecessor-version":[{"id":730,"href":"https:\/\/elregionaldigital.info\/index.php?rest_route=\/wp\/v2\/posts\/728\/revisions\/730"}],"wp:featuredmedia":[{"embeddable":true,"href":"https:\/\/elregionaldigital.info\/index.php?rest_route=\/wp\/v2\/media\/729"}],"wp:attachment":[{"href":"https:\/\/elregionaldigital.info\/index.php?rest_route=%2Fwp%2Fv2%2Fmedia&parent=728"}],"wp:term":[{"taxonomy":"category","embeddable":true,"href":"https:\/\/elregionaldigital.info\/index.php?rest_route=%2Fwp%2Fv2%2Fcategories&post=728"},{"taxonomy":"post_tag","embeddable":true,"href":"https:\/\/elregionaldigital.info\/index.php?rest_route=%2Fwp%2Fv2%2Ftags&post=728"}],"curies":[{"name":"wp","href":"https:\/\/api.w.org\/{rel}","templated":true}]}}