{"id":722,"date":"2022-11-20T17:43:00","date_gmt":"2022-11-20T17:43:00","guid":{"rendered":"http:\/\/elregionaldigital.info\/?p=722"},"modified":"2022-11-25T05:50:00","modified_gmt":"2022-11-25T05:50:00","slug":"promueve-la-uat-colecta-de-cobijas-con-causa-2022","status":"publish","type":"post","link":"https:\/\/elregionaldigital.info\/?p=722","title":{"rendered":"<strong>Promueve la UAT Colecta de Cobijas Con Causa 2022<\/strong>"},"content":{"rendered":"\n<figure class=\"wp-block-image size-large\"><img loading=\"lazy\" decoding=\"async\" width=\"1024\" height=\"683\" src=\"http:\/\/elregionaldigital.info\/wp-content\/uploads\/2022\/11\/collage-cobijas-1024x683.jpg\" alt=\"\" class=\"wp-image-723\" srcset=\"https:\/\/elregionaldigital.info\/wp-content\/uploads\/2022\/11\/collage-cobijas-1024x683.jpg 1024w, https:\/\/elregionaldigital.info\/wp-content\/uploads\/2022\/11\/collage-cobijas-300x200.jpg 300w, https:\/\/elregionaldigital.info\/wp-content\/uploads\/2022\/11\/collage-cobijas-768x512.jpg 768w, https:\/\/elregionaldigital.info\/wp-content\/uploads\/2022\/11\/collage-cobijas-1536x1024.jpg 1536w, https:\/\/elregionaldigital.info\/wp-content\/uploads\/2022\/11\/collage-cobijas-2048x1365.jpg 2048w\" sizes=\"auto, (max-width: 1024px) 100vw, 1024px\" \/><\/figure>\n\n\n\n<p>Ciudad Victoria, Tam.; 20 de noviembre de 2022.<\/p>\n\n\n\n<p><strong>Promueve la UAT Colecta de Cobijas Con Causa 2022<\/strong><\/p>\n\n\n\n<p>Personal de la Universidad Aut\u00f3noma de Tamaulipas (UAT), perteneciente a las diversas secretar\u00edas, direcciones y dependencias de la casa de estudios, llev\u00f3 a cabo la entrega de donativos recaudados dentro de la Colecta de Cobijas 2022 \u201cLo que se brinda de coraz\u00f3n se multiplica\u201d, organizada en beneficio de las familias y comunidades m\u00e1s vulnerables de la entidad.<\/p>\n\n\n\n<p>El centro de acopio fue ubicado en el vest\u00edbulo del Teatro Ju\u00e1rez, en Ciudad Victoria, donde la comunidad universitaria de esta instituci\u00f3n hizo entrega de lo recabado por las distintas dependencias, como parte del programa Manos Universitarias, a cargo de la Direcci\u00f3n de Participaci\u00f3n Estudiantil de la UAT.<\/p>\n\n\n\n<p>Durante la entrega se cont\u00f3 con la presencia de la C. P. Imelda Sustaita de Mendoza, miembro honorario de UAT U-NIDO; la Dra. Rosa Issel Acosta Gonz\u00e1lez, secretaria acad\u00e9mica; la Dra. Mariana Zer\u00f3n F\u00e9lix, secretaria de Investigaci\u00f3n y Posgrado; la Dra. Cynthia Patricia Ibarra Gonz\u00e1lez, secretaria de Gesti\u00f3n Escolar; as\u00ed como de titulares, representantes y personal de las secretar\u00edas de Administraci\u00f3n, Finanzas y otras dependencias universitarias.<\/p>\n\n\n\n<p>En ese contexto, el Arq. Alberto \u00c1ngel Trejo Franco, director de Participaci\u00f3n Estudiantil, agradeci\u00f3 a los universitarios por sumarse a esa colecta, la cual, dentro de las pol\u00edticas instrumentadas por el rector de la UAT, C. P. Guillermo Mendoza Cavazos, tiene como prop\u00f3sito fomentar una cultura solidaria en la comunidad universitaria para contribuir con las causas m\u00e1s sensibles de la sociedad. As\u00ed mismo, hizo extensiva la invitaci\u00f3n para que estudiantes, docentes y personal acad\u00e9mico de la UAT, as\u00ed como la sociedad en general, se unan a la campa\u00f1a que continuar\u00e1 recabando donativos hasta el pr\u00f3ximo 23 de noviembre, en los centros de acopio instalados en la Direcci\u00f3n de Participaci\u00f3n Estudiantil, ubicada en el 13 Boulevard Adolfo L\u00f3pez Mateos, en Ciudad Victoria, y en las diferentes escuelas, unidades acad\u00e9micas y facultades de la UAT de todo el estado.    <\/p>\n\n\n\n<p><\/p>\n\n\n\n<p>De igual manera, detall\u00f3 que los donativos ser\u00e1n entregados durante la temporada invernal, por la comunidad universitaria, directamente en las manos de las personas que lo necesiten y que se encuentren en albergues, hospicios y comunidades m\u00e1s necesitadas.<\/p>\n\n\n\n<p><\/p>\n\n\n\n<p><\/p>\n","protected":false},"excerpt":{"rendered":"<p>Ciudad Victoria, Tam.; 20 de noviembre de 2022. Promueve la UAT Colecta de Cobijas Con Causa 2022 Personal de la Universidad Aut\u00f3noma de Tamaulipas (UAT), perteneciente a las diversas secretar\u00edas, direcciones y dependencias de la casa de estudios, llev\u00f3 a cabo la entrega de donativos recaudados dentro de la Colecta de Cobijas 2022 \u201cLo que [&hellip;]<\/p>\n","protected":false},"author":1,"featured_media":723,"comment_status":"open","ping_status":"open","sticky":false,"template":"","format":"standard","meta":{"footnotes":""},"categories":[4],"tags":[],"class_list":["post-722","post","type-post","status-publish","format-standard","has-post-thumbnail","hentry","category-universidades"],"blog_post_layout_featured_media_urls":{"thumbnail":["https:\/\/elregionaldigital.info\/wp-content\/uploads\/2022\/11\/collage-cobijas-150x150.jpg",150,150,true],"full":["https:\/\/elregionaldigital.info\/wp-content\/uploads\/2022\/11\/collage-cobijas-scaled.jpg",2560,1707,false]},"categories_names":{"4":{"name":"Universidades","link":"https:\/\/elregionaldigital.info\/?cat=4"}},"tags_names":[],"comments_number":"0","wpmagazine_modules_lite_featured_media_urls":{"thumbnail":["https:\/\/elregionaldigital.info\/wp-content\/uploads\/2022\/11\/collage-cobijas-150x150.jpg",150,150,true],"cvmm-medium":["https:\/\/elregionaldigital.info\/wp-content\/uploads\/2022\/11\/collage-cobijas-300x300.jpg",300,300,true],"cvmm-medium-plus":["https:\/\/elregionaldigital.info\/wp-content\/uploads\/2022\/11\/collage-cobijas-305x207.jpg",305,207,true],"cvmm-portrait":["https:\/\/elregionaldigital.info\/wp-content\/uploads\/2022\/11\/collage-cobijas-400x600.jpg",400,600,true],"cvmm-medium-square":["https:\/\/elregionaldigital.info\/wp-content\/uploads\/2022\/11\/collage-cobijas-600x600.jpg",600,600,true],"cvmm-large":["https:\/\/elregionaldigital.info\/wp-content\/uploads\/2022\/11\/collage-cobijas-1024x1024.jpg",1024,1024,true],"cvmm-small":["https:\/\/elregionaldigital.info\/wp-content\/uploads\/2022\/11\/collage-cobijas-130x95.jpg",130,95,true],"full":["https:\/\/elregionaldigital.info\/wp-content\/uploads\/2022\/11\/collage-cobijas-scaled.jpg",2560,1707,false]},"_links":{"self":[{"href":"https:\/\/elregionaldigital.info\/index.php?rest_route=\/wp\/v2\/posts\/722","targetHints":{"allow":["GET"]}}],"collection":[{"href":"https:\/\/elregionaldigital.info\/index.php?rest_route=\/wp\/v2\/posts"}],"about":[{"href":"https:\/\/elregionaldigital.info\/index.php?rest_route=\/wp\/v2\/types\/post"}],"author":[{"embeddable":true,"href":"https:\/\/elregionaldigital.info\/index.php?rest_route=\/wp\/v2\/users\/1"}],"replies":[{"embeddable":true,"href":"https:\/\/elregionaldigital.info\/index.php?rest_route=%2Fwp%2Fv2%2Fcomments&post=722"}],"version-history":[{"count":1,"href":"https:\/\/elregionaldigital.info\/index.php?rest_route=\/wp\/v2\/posts\/722\/revisions"}],"predecessor-version":[{"id":724,"href":"https:\/\/elregionaldigital.info\/index.php?rest_route=\/wp\/v2\/posts\/722\/revisions\/724"}],"wp:featuredmedia":[{"embeddable":true,"href":"https:\/\/elregionaldigital.info\/index.php?rest_route=\/wp\/v2\/media\/723"}],"wp:attachment":[{"href":"https:\/\/elregionaldigital.info\/index.php?rest_route=%2Fwp%2Fv2%2Fmedia&parent=722"}],"wp:term":[{"taxonomy":"category","embeddable":true,"href":"https:\/\/elregionaldigital.info\/index.php?rest_route=%2Fwp%2Fv2%2Fcategories&post=722"},{"taxonomy":"post_tag","embeddable":true,"href":"https:\/\/elregionaldigital.info\/index.php?rest_route=%2Fwp%2Fv2%2Ftags&post=722"}],"curies":[{"name":"wp","href":"https:\/\/api.w.org\/{rel}","templated":true}]}}