{"id":715,"date":"2022-11-17T19:42:00","date_gmt":"2022-11-17T19:42:00","guid":{"rendered":"http:\/\/elregionaldigital.info\/?p=715"},"modified":"2022-11-18T04:45:39","modified_gmt":"2022-11-18T04:45:39","slug":"retrasan-alta-de-murillo-karam-esperan-le-den-arresto-domiciliario","status":"publish","type":"post","link":"https:\/\/elregionaldigital.info\/?p=715","title":{"rendered":"Retrasan Alta de Murillo Karam; Esperan le Den Arresto Domiciliario"},"content":{"rendered":"\n<figure class=\"wp-block-image size-large\"><img loading=\"lazy\" decoding=\"async\" width=\"1024\" height=\"576\" src=\"http:\/\/elregionaldigital.info\/wp-content\/uploads\/2022\/11\/jesus-murillo-karam-hospital-arresto-domiciliario-1024x576.jpg\" alt=\"\" class=\"wp-image-716\" srcset=\"https:\/\/elregionaldigital.info\/wp-content\/uploads\/2022\/11\/jesus-murillo-karam-hospital-arresto-domiciliario-1024x576.jpg 1024w, https:\/\/elregionaldigital.info\/wp-content\/uploads\/2022\/11\/jesus-murillo-karam-hospital-arresto-domiciliario-300x169.jpg 300w, https:\/\/elregionaldigital.info\/wp-content\/uploads\/2022\/11\/jesus-murillo-karam-hospital-arresto-domiciliario-768x432.jpg 768w, https:\/\/elregionaldigital.info\/wp-content\/uploads\/2022\/11\/jesus-murillo-karam-hospital-arresto-domiciliario-1536x864.jpg 1536w, https:\/\/elregionaldigital.info\/wp-content\/uploads\/2022\/11\/jesus-murillo-karam-hospital-arresto-domiciliario.jpg 1919w\" sizes=\"auto, (max-width: 1024px) 100vw, 1024px\" \/><\/figure>\n\n\n\n<h2 class=\"wp-block-heading\">Fuentes del hospital Belisario Dom\u00ednguez se\u00f1alan que el exprocurador ha mejorado y que su alta debi\u00f3 haber sido el 9 de noviembre. Tambi\u00e9n denuncian un trato VIP<\/h2>\n\n\n\n<p>El estado de salud del exprocurador,&nbsp;<strong>Jes\u00fas Murillo Karam<\/strong>, presenta una importante mejor\u00eda, al grado que su alta ya ten\u00eda que haber sucedido, seg\u00fan testimonios de empleados del Hospital Belisario Dom\u00ednguez, en el que se encuentra desde el 3 de noviembre.&nbsp;<\/p>\n\n\n\n<p>&#8220;El pasado mi\u00e9rcoles, 9 de noviembre, regresaba al reclusorio, pero\u00a0<strong>difirieron el alta del se\u00f1or<\/strong>\u00a0porque est\u00e1n esperando que le den su\u00a0<strong>arresto domiciliario<\/strong>\u00a0por su patolog\u00eda. Ya ten\u00eda el alta de los m\u00e9dicos, pero por \u00f3rdenes administrativas se difiri\u00f3 el alta. A nosotros nos tienen s\u00faper vigilados. El se\u00f1or es recluso y est\u00e1 con pantalla plana, con cortes y salm\u00f3n, con familiares, visitas y con \u00f3rdenes de nuestros jefes de atenderlo VIP. Ahorita todos estamos jodidamente enojados&#8221;, revel\u00f3 personal m\u00e9dico del hospital Belisario Dom\u00ednguez<\/p>\n\n\n\n<p>Incluso, el pasado 16 de noviembre, empleados de este hospital emitieron&nbsp;<strong>dos oficios.<\/strong><\/p>\n\n\n\n<p>El primero, dirigido al director del mismo nosocomio, el doctor Juan Carlos de la Cerda \u00c1ngeles, para informar que Murillo Karam, quien se encuentra bajo custodia en la cama 239, deambula hasta el pasillo de emergencia del segundo piso&nbsp;<strong>sin vigilancia de los custodios<\/strong>; recibe doble visita, a pesar de que solo se permite a una persona por paciente; que&nbsp;<strong>no consume la dieta del hospital<\/strong>&nbsp;e ingresa comida sin previa autorizaci\u00f3n y pero que se encuentra conforme con la atenci\u00f3n del personal de enfermer\u00eda.<\/p>\n\n\n\n<p>El segundo oficio, va dirigido al licenciado Guillermo Romero P\u00e9rez, Subdirector de Enlace Administrativo, para solicitar que se informen los lineamientos de los&nbsp;<strong>custodios&nbsp;<\/strong>dentro de la instituci\u00f3n, pues seg\u00fan el personal m\u00e9dico,&nbsp;<strong>no se concentran en vigilarlo<\/strong>&nbsp;\u201cpor estar apegados a sus dispositivos m\u00f3viles\u201d; adem\u00e1s, de que hacen uso inadecuado de las instalaciones de la sala 231 a la 236, bajando los colchones de las camas para dormirse, desechando basura y solicitando al personal de enfermer\u00eda datos personales.<\/p>\n\n\n\n<figure class=\"wp-block-image\"><img decoding=\"async\" src=\"https:\/\/static.nmas.com.mx\/nmas-news\/styles\/large\/cloud-storage\/2022-11\/WhatsApp%20Image%202022-11-17%20at%207.51.38%20PM.jpeg?itok=Bf5_igDx\" alt=\"Oficios dirigidos al Director y Subdirector de Enlace Administrativo del Hospital\"\/><\/figure>\n\n\n\n<p>Seg\u00fan Alberto Javier S\u00e1nchez Rojas, Abogado Penalista, las autoridades relacionadas en el retraso del alta hospitalaria de Murillo Karam,&nbsp;<strong>estar\u00edan incurriendo en un delito.&nbsp;<\/strong>Se\u00f1ala que de acuerdo al C\u00f3digo Penal Federal, &#8220;cualquier acto u omisi\u00f3n por parte de un particular o de un servidor p\u00fablico que tenga como prop\u00f3sito obstaculizar o impedir el cumplimiento de un mandamiento judicial, desde luego que puede entra\u00f1ar la comisi\u00f3n de un posible delito, adem\u00e1s de implicar responsabilidades civiles y administrativas&#8221;.<\/p>\n\n\n\n<p>El abogado penalista agrega: &#8220;Para llegar a esto, es necesario que la informaci\u00f3n sobre el hecho, llegue al Ministerio P\u00fablico y se inicie una carpeta de investigaci\u00f3n, en la que se determine si la persona o personas investigadas han tenido participaci\u00f3n en hechos que la ley se\u00f1ala como delitos. De ser as\u00ed, el MP debe solicitar a un Juez de Control la celebraci\u00f3n de una audiencia inicial para formular imputaci\u00f3n y en su caso, que el Juez decida si los vincula a proceso&#8221;.<\/p>\n\n\n\n<p>Seg\u00fan el expediente m\u00e9dico al que tuvo acceso N + Media,&nbsp;<strong>Jes\u00fas Murillo Karam<\/strong>, de 74 a\u00f1os, fue operado por &#8220;endarterectom\u00eda carotidea derecha con parche&#8221;. Padece hipertensi\u00f3n arterial sist\u00e9mica en tratamiento y control, y diabetes tipo 2 de reciente diagn\u00f3stico.<\/p>\n\n\n\n<figure class=\"wp-block-image\"><img decoding=\"async\" src=\"https:\/\/static.nmas.com.mx\/nmas-news\/styles\/large\/cloud-storage\/2022-11\/WhatsApp%20Image%202022-11-17%20at%206.36.00%20PM.jpeg?itok=iwxT1lql\" alt=\"El diagn\u00f3stico de Murillo Karam\"\/><\/figure>\n\n\n\n<p>Seg\u00fan este \u00faltimo reporte, su condici\u00f3n f\u00edsica &#8220;ha evolucionado hacia la&nbsp;<strong>mejor\u00eda<\/strong>&nbsp;y su frecuencia cardiaca se encuentra normal&#8221;. En un documento fechado el 6 de noviembre se menciona que s\u00f3lo ha presentado dolores de cabeza y mareo y que \u201cse espera su egreso en breve\u201d.<\/p>\n\n\n\n<p>De acuerdo a un documento expedido por la Secretar\u00eda de Seguridad Ciudadana al Hospital Belisario Dom\u00ednguez, solo 5 personas est\u00e1n autorizadas para poder visitarlo: su concubina Ana Lilia Aguirre Serna; su hijo, Jes\u00fas Murillo Ortega; su hija, Gabriela Murillo Ortega y su sobrina Diana Casta\u00f1eda Murillo.<\/p>\n\n\n\n<p>Todos deben sujetarse a las&nbsp;<strong>medidas de seguridad y normas de visita<\/strong>&nbsp;establecidas, entre las que se proh\u00edbe introducir cualquier tipo de equipo electr\u00f3nico, de c\u00f3mputo o de comunicaci\u00f3n (celular, usb, reloj inteligente, etc.) ropa y alimentos. Sin embargo en una de las notas del expediente se menciona la leyenda \u201calimentaci\u00f3n por parte de su hija con comida de fuera\u201d.<\/p>\n\n\n\n<figure class=\"wp-block-image\"><img decoding=\"async\" src=\"https:\/\/static.nmas.com.mx\/nmas-news\/styles\/large\/cloud-storage\/2022-11\/WhatsApp%20Image%202022-11-17%20at%206.35.59%20PM.jpeg?itok=faFHZOEJ\" alt=\"Seg\u00fan reporte del personal de enfermer\u00eda, Murillo Karam se reh\u00fasa a comer la dieta del hospital\"\/><\/figure>\n\n\n\n<p>Anteriormente, estuvo internado en el Hospital General Dr. Enrique Cabrera. De acuerdo con un informe sobre su sexto d\u00eda de estancia, se destacan como antecedentes de relevancia que: &#8220;<strong>Murillo Karam<\/strong>\u00a0padece tabaquismo cr\u00f3nico con consumo de m\u00e1s de 60 cigarrillos al d\u00eda, hipertensi\u00f3n arterial sist\u00e9mica, adem\u00e1s de antecedentes de enfermedad multiinfarto con tres eventos: en 1994, 2014 y 2022&#8243;. En ese momento, su estado de salud fue reportado como delicado y no exento de complicaciones.<\/p>\n\n\n\n<p>Ingres\u00f3 al Reclusorio Norte el pasado 19 de agosto y ha sido internado en&nbsp;<strong>distintos hospitales<\/strong>&nbsp;por sus padecimientos. Su defensa legal, a cargo del abogado&nbsp;<strong>Javier L\u00f3pez Garc\u00eda<\/strong>, busca solicitar el cambio de medida cautelar, pasando a prisi\u00f3n domiciliaria.<\/p>\n\n\n\n<p>El 1 de septiembre fue trasladado al&nbsp;<strong>Hospital General Balbuena<\/strong>&nbsp;por complicaciones en los pulmones. El 20 de octubre, fue sometido a una operaci\u00f3n de emergencia de Endarterectom\u00eda Carot\u00eddea de alto riesgo, tras haber estado internado en el&nbsp;<strong>Hospital de Xoco<\/strong>, en la alcald\u00eda Coyoac\u00e1n.<\/p>\n\n\n\n<p>El 3 de noviembre fue trasladado del&nbsp;<strong>Instituto Nacional de Cardiolog\u00eda<\/strong>&nbsp;al Hospital de Especialidades &#8220;<strong>Dr. Belisario Dom\u00ednguez&#8221;,<\/strong>&nbsp;en donde permanece custodiado por elementos policiales, y donde fuera de ese detalle, al parecer goza de salud y algunas comodidades.<\/p>\n","protected":false},"excerpt":{"rendered":"<p>Fuentes del hospital Belisario Dom\u00ednguez se\u00f1alan que el exprocurador ha mejorado y que su alta debi\u00f3 haber sido el 9 de noviembre. Tambi\u00e9n denuncian un trato VIP El estado de salud del exprocurador,&nbsp;Jes\u00fas Murillo Karam, presenta una importante mejor\u00eda, al grado que su alta ya ten\u00eda que haber sucedido, seg\u00fan testimonios de empleados del Hospital [&hellip;]<\/p>\n","protected":false},"author":1,"featured_media":716,"comment_status":"open","ping_status":"open","sticky":false,"template":"","format":"standard","meta":{"footnotes":""},"categories":[5],"tags":[],"class_list":["post-715","post","type-post","status-publish","format-standard","has-post-thumbnail","hentry","category-nacional"],"blog_post_layout_featured_media_urls":{"thumbnail":["https:\/\/elregionaldigital.info\/wp-content\/uploads\/2022\/11\/jesus-murillo-karam-hospital-arresto-domiciliario-150x150.jpg",150,150,true],"full":["https:\/\/elregionaldigital.info\/wp-content\/uploads\/2022\/11\/jesus-murillo-karam-hospital-arresto-domiciliario.jpg",1919,1079,false]},"categories_names":{"5":{"name":"Nacional","link":"https:\/\/elregionaldigital.info\/?cat=5"}},"tags_names":[],"comments_number":"0","wpmagazine_modules_lite_featured_media_urls":{"thumbnail":["https:\/\/elregionaldigital.info\/wp-content\/uploads\/2022\/11\/jesus-murillo-karam-hospital-arresto-domiciliario-150x150.jpg",150,150,true],"cvmm-medium":["https:\/\/elregionaldigital.info\/wp-content\/uploads\/2022\/11\/jesus-murillo-karam-hospital-arresto-domiciliario-300x300.jpg",300,300,true],"cvmm-medium-plus":["https:\/\/elregionaldigital.info\/wp-content\/uploads\/2022\/11\/jesus-murillo-karam-hospital-arresto-domiciliario-305x207.jpg",305,207,true],"cvmm-portrait":["https:\/\/elregionaldigital.info\/wp-content\/uploads\/2022\/11\/jesus-murillo-karam-hospital-arresto-domiciliario-400x600.jpg",400,600,true],"cvmm-medium-square":["https:\/\/elregionaldigital.info\/wp-content\/uploads\/2022\/11\/jesus-murillo-karam-hospital-arresto-domiciliario-600x600.jpg",600,600,true],"cvmm-large":["https:\/\/elregionaldigital.info\/wp-content\/uploads\/2022\/11\/jesus-murillo-karam-hospital-arresto-domiciliario-1024x1024.jpg",1024,1024,true],"cvmm-small":["https:\/\/elregionaldigital.info\/wp-content\/uploads\/2022\/11\/jesus-murillo-karam-hospital-arresto-domiciliario-130x95.jpg",130,95,true],"full":["https:\/\/elregionaldigital.info\/wp-content\/uploads\/2022\/11\/jesus-murillo-karam-hospital-arresto-domiciliario.jpg",1919,1079,false]},"_links":{"self":[{"href":"https:\/\/elregionaldigital.info\/index.php?rest_route=\/wp\/v2\/posts\/715","targetHints":{"allow":["GET"]}}],"collection":[{"href":"https:\/\/elregionaldigital.info\/index.php?rest_route=\/wp\/v2\/posts"}],"about":[{"href":"https:\/\/elregionaldigital.info\/index.php?rest_route=\/wp\/v2\/types\/post"}],"author":[{"embeddable":true,"href":"https:\/\/elregionaldigital.info\/index.php?rest_route=\/wp\/v2\/users\/1"}],"replies":[{"embeddable":true,"href":"https:\/\/elregionaldigital.info\/index.php?rest_route=%2Fwp%2Fv2%2Fcomments&post=715"}],"version-history":[{"count":1,"href":"https:\/\/elregionaldigital.info\/index.php?rest_route=\/wp\/v2\/posts\/715\/revisions"}],"predecessor-version":[{"id":717,"href":"https:\/\/elregionaldigital.info\/index.php?rest_route=\/wp\/v2\/posts\/715\/revisions\/717"}],"wp:featuredmedia":[{"embeddable":true,"href":"https:\/\/elregionaldigital.info\/index.php?rest_route=\/wp\/v2\/media\/716"}],"wp:attachment":[{"href":"https:\/\/elregionaldigital.info\/index.php?rest_route=%2Fwp%2Fv2%2Fmedia&parent=715"}],"wp:term":[{"taxonomy":"category","embeddable":true,"href":"https:\/\/elregionaldigital.info\/index.php?rest_route=%2Fwp%2Fv2%2Fcategories&post=715"},{"taxonomy":"post_tag","embeddable":true,"href":"https:\/\/elregionaldigital.info\/index.php?rest_route=%2Fwp%2Fv2%2Ftags&post=715"}],"curies":[{"name":"wp","href":"https:\/\/api.w.org\/{rel}","templated":true}]}}