{"id":685,"date":"2022-11-09T15:36:50","date_gmt":"2022-11-09T15:36:50","guid":{"rendered":"http:\/\/elregionaldigital.info\/?p=685"},"modified":"2022-11-09T15:36:50","modified_gmt":"2022-11-09T15:36:50","slug":"dimite-ministro-britanico-acusado-de-acoso-laboral","status":"publish","type":"post","link":"https:\/\/elregionaldigital.info\/?p=685","title":{"rendered":"Dimite ministro brit\u00e1nico acusado de acoso laboral"},"content":{"rendered":"\n<figure class=\"wp-block-image size-full\"><img loading=\"lazy\" decoding=\"async\" width=\"900\" height=\"506\" src=\"http:\/\/elregionaldigital.info\/wp-content\/uploads\/2022\/11\/pzPj7IKTQOtAL29LYSdW.jpeg\" alt=\"\" class=\"wp-image-686\" srcset=\"https:\/\/elregionaldigital.info\/wp-content\/uploads\/2022\/11\/pzPj7IKTQOtAL29LYSdW.jpeg 900w, https:\/\/elregionaldigital.info\/wp-content\/uploads\/2022\/11\/pzPj7IKTQOtAL29LYSdW-300x169.jpeg 300w, https:\/\/elregionaldigital.info\/wp-content\/uploads\/2022\/11\/pzPj7IKTQOtAL29LYSdW-768x432.jpeg 768w\" sizes=\"auto, (max-width: 900px) 100vw, 900px\" \/><\/figure>\n\n\n\n<p>El ministro brit\u00e1nico Gavin Williamson anunci\u00f3 su dimisi\u00f3n del nuevo gobierno conservador tras las acusaciones de comportamiento &#8220;inmoral&#8221; y de env\u00edo de mensajes inapropiados a diputados y excolegas.<\/p>\n\n\n\n<p>&#8220;Como saben, hay un proceso de reclamaci\u00f3n en curso en relaci\u00f3n a los mensajes de texto que envi\u00e9 a una colega&#8221; escribi\u00f3 Williamson, ministro de Estado sin cartera, en una carta dirigida al primer ministro Rishi Sunak y compartida en Twitter. &#8220;Se han hecho otras acusaciones&#8221; y &#8220;se est\u00e1n convirtiendo en una distracci\u00f3n para el buen trabajo de este gobierno&#8221;, a\u00f1adi\u00f3 antes de anunciar su dimisi\u00f3n.<\/p>\n\n\n\n<p>Su dimisi\u00f3n, la primera del nuevo gobierno conservador formado hace quince d\u00edas, se produce tras una serie de revelaciones sobre mensajes insultantes y amenazantes que habr\u00eda enviado.<\/p>\n\n\n\n<p>El nombramiento de Gavin Williamson, de 46 a\u00f1os, en el gabinete de Sunak hab\u00eda suscitado dudas. Williamson ya hab\u00eda sido despedido en dos ocasiones, primero bajo el mandato de Theresa May por una filtraci\u00f3n de documentos y luego bajo el de Boris Johnson durante la pandemia.<\/p>\n","protected":false},"excerpt":{"rendered":"<p>El ministro brit\u00e1nico Gavin Williamson anunci\u00f3 su dimisi\u00f3n del nuevo gobierno conservador tras las acusaciones de comportamiento &#8220;inmoral&#8221; y de env\u00edo de mensajes inapropiados a diputados y excolegas. &#8220;Como saben, hay un proceso de reclamaci\u00f3n en curso en relaci\u00f3n a los mensajes de texto que envi\u00e9 a una colega&#8221; escribi\u00f3 Williamson, ministro de Estado sin [&hellip;]<\/p>\n","protected":false},"author":1,"featured_media":686,"comment_status":"open","ping_status":"open","sticky":false,"template":"","format":"standard","meta":{"footnotes":""},"categories":[11],"tags":[],"class_list":["post-685","post","type-post","status-publish","format-standard","has-post-thumbnail","hentry","category-mundo"],"blog_post_layout_featured_media_urls":{"thumbnail":["https:\/\/elregionaldigital.info\/wp-content\/uploads\/2022\/11\/pzPj7IKTQOtAL29LYSdW-150x150.jpeg",150,150,true],"full":["https:\/\/elregionaldigital.info\/wp-content\/uploads\/2022\/11\/pzPj7IKTQOtAL29LYSdW.jpeg",900,506,false]},"categories_names":{"11":{"name":"Mundo","link":"https:\/\/elregionaldigital.info\/?cat=11"}},"tags_names":[],"comments_number":"0","wpmagazine_modules_lite_featured_media_urls":{"thumbnail":["https:\/\/elregionaldigital.info\/wp-content\/uploads\/2022\/11\/pzPj7IKTQOtAL29LYSdW-150x150.jpeg",150,150,true],"cvmm-medium":["https:\/\/elregionaldigital.info\/wp-content\/uploads\/2022\/11\/pzPj7IKTQOtAL29LYSdW-300x300.jpeg",300,300,true],"cvmm-medium-plus":["https:\/\/elregionaldigital.info\/wp-content\/uploads\/2022\/11\/pzPj7IKTQOtAL29LYSdW-305x207.jpeg",305,207,true],"cvmm-portrait":["https:\/\/elregionaldigital.info\/wp-content\/uploads\/2022\/11\/pzPj7IKTQOtAL29LYSdW-400x506.jpeg",400,506,true],"cvmm-medium-square":["https:\/\/elregionaldigital.info\/wp-content\/uploads\/2022\/11\/pzPj7IKTQOtAL29LYSdW-600x506.jpeg",600,506,true],"cvmm-large":["https:\/\/elregionaldigital.info\/wp-content\/uploads\/2022\/11\/pzPj7IKTQOtAL29LYSdW.jpeg",900,506,false],"cvmm-small":["https:\/\/elregionaldigital.info\/wp-content\/uploads\/2022\/11\/pzPj7IKTQOtAL29LYSdW-130x95.jpeg",130,95,true],"full":["https:\/\/elregionaldigital.info\/wp-content\/uploads\/2022\/11\/pzPj7IKTQOtAL29LYSdW.jpeg",900,506,false]},"_links":{"self":[{"href":"https:\/\/elregionaldigital.info\/index.php?rest_route=\/wp\/v2\/posts\/685","targetHints":{"allow":["GET"]}}],"collection":[{"href":"https:\/\/elregionaldigital.info\/index.php?rest_route=\/wp\/v2\/posts"}],"about":[{"href":"https:\/\/elregionaldigital.info\/index.php?rest_route=\/wp\/v2\/types\/post"}],"author":[{"embeddable":true,"href":"https:\/\/elregionaldigital.info\/index.php?rest_route=\/wp\/v2\/users\/1"}],"replies":[{"embeddable":true,"href":"https:\/\/elregionaldigital.info\/index.php?rest_route=%2Fwp%2Fv2%2Fcomments&post=685"}],"version-history":[{"count":1,"href":"https:\/\/elregionaldigital.info\/index.php?rest_route=\/wp\/v2\/posts\/685\/revisions"}],"predecessor-version":[{"id":687,"href":"https:\/\/elregionaldigital.info\/index.php?rest_route=\/wp\/v2\/posts\/685\/revisions\/687"}],"wp:featuredmedia":[{"embeddable":true,"href":"https:\/\/elregionaldigital.info\/index.php?rest_route=\/wp\/v2\/media\/686"}],"wp:attachment":[{"href":"https:\/\/elregionaldigital.info\/index.php?rest_route=%2Fwp%2Fv2%2Fmedia&parent=685"}],"wp:term":[{"taxonomy":"category","embeddable":true,"href":"https:\/\/elregionaldigital.info\/index.php?rest_route=%2Fwp%2Fv2%2Fcategories&post=685"},{"taxonomy":"post_tag","embeddable":true,"href":"https:\/\/elregionaldigital.info\/index.php?rest_route=%2Fwp%2Fv2%2Ftags&post=685"}],"curies":[{"name":"wp","href":"https:\/\/api.w.org\/{rel}","templated":true}]}}