{"id":682,"date":"2022-11-08T15:30:10","date_gmt":"2022-11-08T15:30:10","guid":{"rendered":"http:\/\/elregionaldigital.info\/?p=682"},"modified":"2022-11-09T15:34:16","modified_gmt":"2022-11-09T15:34:16","slug":"adios-vaquero-tecatito-corona-no-se-recupera-de-su-lesion-y-se-perdera-qatar-2022","status":"publish","type":"post","link":"https:\/\/elregionaldigital.info\/?p=682","title":{"rendered":"\u00a1Adi\u00f3s Vaquero! \u2018Tecatito\u2019 Corona no se recupera de su lesi\u00f3n y se perder\u00e1 Qatar 2022"},"content":{"rendered":"\n<figure class=\"wp-block-image size-full\"><img loading=\"lazy\" decoding=\"async\" width=\"900\" height=\"506\" src=\"http:\/\/elregionaldigital.info\/wp-content\/uploads\/2022\/11\/PVJSMZXHakFg58NWWs4w.png\" alt=\"\" class=\"wp-image-683\" srcset=\"https:\/\/elregionaldigital.info\/wp-content\/uploads\/2022\/11\/PVJSMZXHakFg58NWWs4w.png 900w, https:\/\/elregionaldigital.info\/wp-content\/uploads\/2022\/11\/PVJSMZXHakFg58NWWs4w-300x169.png 300w, https:\/\/elregionaldigital.info\/wp-content\/uploads\/2022\/11\/PVJSMZXHakFg58NWWs4w-768x432.png 768w\" sizes=\"auto, (max-width: 900px) 100vw, 900px\" \/><\/figure>\n\n\n\n<p>La selecci\u00f3n mexicana ya tiene su primera baja para la Copa del Mundo de Qatar 2022, pues, aunque era pr\u00e1cticamente un hecho que Jes\u00fas \u201cTecatito\u201d Corona no se recuperar\u00eda de su lesi\u00f3n, hoy qued\u00f3 completamente confirmado.<\/p>\n\n\n\n<p>En un comunicado emitido a trav\u00e9s de redes sociales, la Federaci\u00f3n Mexicana de futbol inform\u00f3 que el jugador del Sevilla no ha recibido el alta m\u00e9dica por lo que no ser\u00e1 incluido en la lista final de 26 elementos del TRI.<\/p>\n\n\n\n<p>&#8220;La Direcci\u00f3n de Selecciones Nacionales Varoniles informa, tras la comunicaci\u00f3n pertinente entre Gerardo Martino, Director T\u00e9cnico de la SNM y Jes\u00fas Manuel Corona, que el jugador no podr\u00e1 ser integrado a la concentraci\u00f3n de la Selecci\u00f3n Nacional de M\u00e9xico rumbo a la Copa del Mundo Qatar 2022&#8221; se puede leer en el comunicado.<\/p>\n\n\n\n<p>En el mismo bolet\u00edn, la Federaci\u00f3n Mexicana de futbol detalla que le desean una pronta recuperaci\u00f3n y que estar\u00e1n al pendiente de su evoluci\u00f3n para seguirlo ayudando.<\/p>\n\n\n\n<p>&#8220;No se ha completado su proceso de recuperaci\u00f3n, tras la lesi\u00f3n sufrida en agosto de este a\u00f1o. El equipo de Selecciones Nacionales seguir\u00e1 al pendiente de su evoluci\u00f3n, en espera de que Jes\u00fas tenga un exitoso y pronto regreso a las canchas&#8221;, concluy\u00f3 el comunicado.<\/p>\n\n\n\n<p>Corona se recupera de una fractura de peron\u00e9 y su lugar para ir a la justa deportiva estar\u00e1 \u2018peleado\u2019 por jugadores como Orbel\u00edn Pineda, Roberto Alvarado y Diego La\u00ednez.<\/p>\n","protected":false},"excerpt":{"rendered":"<p>La selecci\u00f3n mexicana ya tiene su primera baja para la Copa del Mundo de Qatar 2022, pues, aunque era pr\u00e1cticamente un hecho que Jes\u00fas \u201cTecatito\u201d Corona no se recuperar\u00eda de su lesi\u00f3n, hoy qued\u00f3 completamente confirmado. En un comunicado emitido a trav\u00e9s de redes sociales, la Federaci\u00f3n Mexicana de futbol inform\u00f3 que el jugador del [&hellip;]<\/p>\n","protected":false},"author":1,"featured_media":683,"comment_status":"open","ping_status":"open","sticky":false,"template":"","format":"standard","meta":{"footnotes":""},"categories":[6],"tags":[],"class_list":["post-682","post","type-post","status-publish","format-standard","has-post-thumbnail","hentry","category-deportes"],"blog_post_layout_featured_media_urls":{"thumbnail":["https:\/\/elregionaldigital.info\/wp-content\/uploads\/2022\/11\/PVJSMZXHakFg58NWWs4w-150x150.png",150,150,true],"full":["https:\/\/elregionaldigital.info\/wp-content\/uploads\/2022\/11\/PVJSMZXHakFg58NWWs4w.png",900,506,false]},"categories_names":{"6":{"name":"Deportes","link":"https:\/\/elregionaldigital.info\/?cat=6"}},"tags_names":[],"comments_number":"0","wpmagazine_modules_lite_featured_media_urls":{"thumbnail":["https:\/\/elregionaldigital.info\/wp-content\/uploads\/2022\/11\/PVJSMZXHakFg58NWWs4w-150x150.png",150,150,true],"cvmm-medium":["https:\/\/elregionaldigital.info\/wp-content\/uploads\/2022\/11\/PVJSMZXHakFg58NWWs4w-300x300.png",300,300,true],"cvmm-medium-plus":["https:\/\/elregionaldigital.info\/wp-content\/uploads\/2022\/11\/PVJSMZXHakFg58NWWs4w-305x207.png",305,207,true],"cvmm-portrait":["https:\/\/elregionaldigital.info\/wp-content\/uploads\/2022\/11\/PVJSMZXHakFg58NWWs4w-400x506.png",400,506,true],"cvmm-medium-square":["https:\/\/elregionaldigital.info\/wp-content\/uploads\/2022\/11\/PVJSMZXHakFg58NWWs4w-600x506.png",600,506,true],"cvmm-large":["https:\/\/elregionaldigital.info\/wp-content\/uploads\/2022\/11\/PVJSMZXHakFg58NWWs4w.png",900,506,false],"cvmm-small":["https:\/\/elregionaldigital.info\/wp-content\/uploads\/2022\/11\/PVJSMZXHakFg58NWWs4w-130x95.png",130,95,true],"full":["https:\/\/elregionaldigital.info\/wp-content\/uploads\/2022\/11\/PVJSMZXHakFg58NWWs4w.png",900,506,false]},"_links":{"self":[{"href":"https:\/\/elregionaldigital.info\/index.php?rest_route=\/wp\/v2\/posts\/682","targetHints":{"allow":["GET"]}}],"collection":[{"href":"https:\/\/elregionaldigital.info\/index.php?rest_route=\/wp\/v2\/posts"}],"about":[{"href":"https:\/\/elregionaldigital.info\/index.php?rest_route=\/wp\/v2\/types\/post"}],"author":[{"embeddable":true,"href":"https:\/\/elregionaldigital.info\/index.php?rest_route=\/wp\/v2\/users\/1"}],"replies":[{"embeddable":true,"href":"https:\/\/elregionaldigital.info\/index.php?rest_route=%2Fwp%2Fv2%2Fcomments&post=682"}],"version-history":[{"count":1,"href":"https:\/\/elregionaldigital.info\/index.php?rest_route=\/wp\/v2\/posts\/682\/revisions"}],"predecessor-version":[{"id":684,"href":"https:\/\/elregionaldigital.info\/index.php?rest_route=\/wp\/v2\/posts\/682\/revisions\/684"}],"wp:featuredmedia":[{"embeddable":true,"href":"https:\/\/elregionaldigital.info\/index.php?rest_route=\/wp\/v2\/media\/683"}],"wp:attachment":[{"href":"https:\/\/elregionaldigital.info\/index.php?rest_route=%2Fwp%2Fv2%2Fmedia&parent=682"}],"wp:term":[{"taxonomy":"category","embeddable":true,"href":"https:\/\/elregionaldigital.info\/index.php?rest_route=%2Fwp%2Fv2%2Fcategories&post=682"},{"taxonomy":"post_tag","embeddable":true,"href":"https:\/\/elregionaldigital.info\/index.php?rest_route=%2Fwp%2Fv2%2Ftags&post=682"}],"curies":[{"name":"wp","href":"https:\/\/api.w.org\/{rel}","templated":true}]}}