{"id":673,"date":"2022-11-08T15:03:27","date_gmt":"2022-11-08T15:03:27","guid":{"rendered":"http:\/\/elregionaldigital.info\/?p=673"},"modified":"2022-11-09T15:08:29","modified_gmt":"2022-11-09T15:08:29","slug":"pique-llegan-a-un-acuerdo-sobre-la-custodia-de-sus-hijos-tras-12-horas-de-reunion","status":"publish","type":"post","link":"https:\/\/elregionaldigital.info\/?p=673","title":{"rendered":"Piqu\u00e9 llegan a un acuerdo sobre la custodia de sus hijos tras 12 horas de reuni\u00f3n"},"content":{"rendered":"\n<figure class=\"wp-block-image size-full\"><img loading=\"lazy\" decoding=\"async\" width=\"700\" height=\"450\" src=\"http:\/\/elregionaldigital.info\/wp-content\/uploads\/2022\/11\/medium_2022-11-08-6b7a2b389a.jpg\" alt=\"\" class=\"wp-image-674\" srcset=\"https:\/\/elregionaldigital.info\/wp-content\/uploads\/2022\/11\/medium_2022-11-08-6b7a2b389a.jpg 700w, https:\/\/elregionaldigital.info\/wp-content\/uploads\/2022\/11\/medium_2022-11-08-6b7a2b389a-300x193.jpg 300w\" sizes=\"auto, (max-width: 700px) 100vw, 700px\" \/><\/figure>\n\n\n\n<p>Seis meses despu\u00e9s de su separaci\u00f3n y tras numerosas negociaciones fallidas entre sus abogados,<a href=\"https:\/\/www.eluniversal.com.mx\/tag\/shakira\" target=\"_blank\" rel=\"noreferrer noopener\">&nbsp;Shakira&nbsp;<\/a>y&nbsp;<a href=\"https:\/\/www.eluniversal.com.mx\/tag\/gerard-pique\" target=\"_blank\" rel=\"noreferrer noopener\">Gerard Piqu\u00e9&nbsp;<\/a>tuvieron una&nbsp;reuni\u00f3n definitiva para alcanzar un acuerdo por la custodia de sus hijos &#8211; \u00fanico escollo que ha habido a la hora de firmar un convenio &#8211; ya que mientras la colombiana pretend\u00eda mudarse con ellos a Miami, el futbolista mostr\u00f3 resistencia y no estaba dispuesto a que abandonaran Barcelona.<\/p>\n\n\n\n<p>La alternativa, ir a juicio y que fuese un juez quien decidiese el destino de los peque\u00f1os Milan y Sasha; algo que ninguno estaba dispuesto a aceptar, por lo que este nuevo cara a cara en la casa de la colombiana era la \u00faltima oportunidad que ten\u00edan para llegar a un acuerdo.\u00a0<\/p>\n\n\n\n<p>Una reuni\u00f3n que comenz\u00f3 a las 13.00 horas y a la que vimos llegar a los abogados de Piqu\u00e9 &#8211; Ram\u00f3n Tamborero &#8211; y Shakira &#8211; Pilar Ma\u00f1\u00e9 &#8211; de lo m\u00e1s sonrientes y convencidos de que, esta vez s\u00ed y pese a sus desencuentros previos, conseguir\u00edan llegar a un acuerdo.<\/p>\n\n\n\n<p>Pese a que en un primer momento se dijo que Gerard hab\u00eda dado plant\u00f3n a su expareja, poco despu\u00e9s se filtraba que el futbolista hab\u00eda logrado esquivar a las c\u00e1maras llegando a en torno a las 14 horas a trav\u00e9s del anexo en el que viven los padres de Shakira.<\/p>\n\n\n\n<h2 class=\"wp-block-heading\">El acuerdo<\/h2>\n\n\n\n<p>&#8220;Hemos firmado un acuerdo que garantiza el bienestar de nuestros hijos y que se ratificar\u00e1 en el juzgado, como parte de un tr\u00e1mite meramente formal&#8221;, dice el comunicado conjunto.<\/p>\n\n\n\n<p>&#8220;Nuestro \u00fanico objetivo es aportarles (a los ni\u00f1os) la mayor seguridad y protecci\u00f3n, y confiamos en que se respete su intimidad&#8221;, seg\u00fan piden en la nota.<\/p>\n\n\n\n<p>&#8220;Agradecemos el inter\u00e9s mostrado y esperamos que los ni\u00f1os puedan continuar con sus vidas con la privacidad necesaria, en un entorno seguro y tranquilo&#8221;, finaliza el comunicado, que firman la cantante colombiana y el ya exfutbolista y empresario.\u00a0<\/p>\n\n\n\n<p>Seg\u00fan se pudo saber de fuentes del entorno de la cantante, Shakira y su equipo legal est\u00e1n &#8220;satisfechos&#8221; de haber llegado a un acuerdo con Piqu\u00e9 en este tema de los hijos y su residencia.&nbsp;<\/p>\n\n\n\n<p>El acuerdo ha dado prioridad, pues, al &#8220;bienestar de los hijos&#8221; y al hecho de que la ciudad de Miami tambi\u00e9n puede facilitar la carrera art\u00edstica de la cantante, seg\u00fan las mismas fuentes.&nbsp;<\/p>\n\n\n\n<p>La artista tiene ya desde hace a\u00f1os una residencia en Miami y es donde su familia materna lleva residiendo los \u00faltimos a\u00f1os tambi\u00e9n.&nbsp;<\/p>\n\n\n\n<p>Las citadas fuentes del entorno de Shakira precisaron que los ni\u00f1os se mudar\u00e1n a Miami pasadas las Navidades con su madre y dejar\u00e1n Barcelona, ciudad en la que han nacido, donde han vivido los \u00faltimos ocho a\u00f1os y est\u00e1n escolarizados.&nbsp;<\/p>\n\n\n\n<p>Este acuerdo se ha alcanzado despu\u00e9s de meses de negociaciones entre los equipos de abogados de Shakira y Piqu\u00e9 tras su separaci\u00f3n, anunciada esta primavera.<\/p>\n\n\n\n<h2 class=\"wp-block-heading\">Una larga y tensa&nbsp;reuni\u00f3n<\/h2>\n\n\n\n<p>Despu\u00e9s de 12 horas de ag\u00f3nica reuni\u00f3n, tanto el defensa &#8211; con rostro cansado y sin hacer declaraciones &#8211; como los abogados de la cantante y el cul\u00e9 abandonaban el lugar confirmando que pof fin hab\u00eda acuerdo, del que sin embargo han evitado entrar en detalles.<\/p>\n\n\n\n<p>Sin embargo, estos han trascendido y es &#8220;La Vanguardia&#8221; quien publica que finalmente ha sido Piqu\u00e9 quien ha cedido y Shakira se llevar\u00e1 a Milan y a Sasha a Miami a principios de 2023, cumpliendo as\u00ed su deseo de dejar Barcelona y comenzar una nueva vida en su espectacular residencia estadounidense.<\/p>\n\n\n\n<p>Tal y como asegura el periodista Andr\u00e9s Guerra, Gerard ha decidido dar su brazo a torcer y sacrificarse por sus hijos, ya que la alternativa era ir a juicio y el fubolista no estaba dispuesto a que sus hijos vivieran una experiencia traum\u00e1tica. Un sacrificio muy doloroso con el que cobra m\u00e1s sentido que nunca la frase con la que el defensa se rompi\u00f3 por completo en su \u00faltimo partido en el Camp Nou: &#8220;A veces amar significa dejar ir&#8221;.<\/p>\n\n\n\n<p>Un acuerdo cuyos flecos se est\u00e1n ultimando y que incluye que los ni\u00f1os pasar\u00e1n en Barcelona la Navidad; en cuanto comience 2023 se mudar\u00e1n a Miami con su madre. A cambio, Piqu\u00e9 podr\u00e1 cruzar el Atl\u00e1ntico para verlos siempre que quiera &#8211; algo m\u00e1s factible tras su retirada del f\u00fatbol &#8211; y los gastos de sus viajes ir\u00e1n a la cuenta com\u00fan. Una decisi\u00f3n que le ha costado mucho tomar, pero que ha hecho por el bien de Milan y Sasha, su gran prioridad en estos momentos.<\/p>\n","protected":false},"excerpt":{"rendered":"<p>Seis meses despu\u00e9s de su separaci\u00f3n y tras numerosas negociaciones fallidas entre sus abogados,&nbsp;Shakira&nbsp;y&nbsp;Gerard Piqu\u00e9&nbsp;tuvieron una&nbsp;reuni\u00f3n definitiva para alcanzar un acuerdo por la custodia de sus hijos &#8211; \u00fanico escollo que ha habido a la hora de firmar un convenio &#8211; ya que mientras la colombiana pretend\u00eda mudarse con ellos a Miami, el futbolista mostr\u00f3 [&hellip;]<\/p>\n","protected":false},"author":1,"featured_media":674,"comment_status":"open","ping_status":"open","sticky":false,"template":"","format":"standard","meta":{"footnotes":""},"categories":[3],"tags":[],"class_list":["post-673","post","type-post","status-publish","format-standard","has-post-thumbnail","hentry","category-entretenimiento"],"blog_post_layout_featured_media_urls":{"thumbnail":["https:\/\/elregionaldigital.info\/wp-content\/uploads\/2022\/11\/medium_2022-11-08-6b7a2b389a-150x150.jpg",150,150,true],"full":["https:\/\/elregionaldigital.info\/wp-content\/uploads\/2022\/11\/medium_2022-11-08-6b7a2b389a.jpg",700,450,false]},"categories_names":{"3":{"name":"Entretenimiento","link":"https:\/\/elregionaldigital.info\/?cat=3"}},"tags_names":[],"comments_number":"0","wpmagazine_modules_lite_featured_media_urls":{"thumbnail":["https:\/\/elregionaldigital.info\/wp-content\/uploads\/2022\/11\/medium_2022-11-08-6b7a2b389a-150x150.jpg",150,150,true],"cvmm-medium":["https:\/\/elregionaldigital.info\/wp-content\/uploads\/2022\/11\/medium_2022-11-08-6b7a2b389a-300x300.jpg",300,300,true],"cvmm-medium-plus":["https:\/\/elregionaldigital.info\/wp-content\/uploads\/2022\/11\/medium_2022-11-08-6b7a2b389a-305x207.jpg",305,207,true],"cvmm-portrait":["https:\/\/elregionaldigital.info\/wp-content\/uploads\/2022\/11\/medium_2022-11-08-6b7a2b389a-400x450.jpg",400,450,true],"cvmm-medium-square":["https:\/\/elregionaldigital.info\/wp-content\/uploads\/2022\/11\/medium_2022-11-08-6b7a2b389a-600x450.jpg",600,450,true],"cvmm-large":["https:\/\/elregionaldigital.info\/wp-content\/uploads\/2022\/11\/medium_2022-11-08-6b7a2b389a.jpg",700,450,false],"cvmm-small":["https:\/\/elregionaldigital.info\/wp-content\/uploads\/2022\/11\/medium_2022-11-08-6b7a2b389a-130x95.jpg",130,95,true],"full":["https:\/\/elregionaldigital.info\/wp-content\/uploads\/2022\/11\/medium_2022-11-08-6b7a2b389a.jpg",700,450,false]},"_links":{"self":[{"href":"https:\/\/elregionaldigital.info\/index.php?rest_route=\/wp\/v2\/posts\/673","targetHints":{"allow":["GET"]}}],"collection":[{"href":"https:\/\/elregionaldigital.info\/index.php?rest_route=\/wp\/v2\/posts"}],"about":[{"href":"https:\/\/elregionaldigital.info\/index.php?rest_route=\/wp\/v2\/types\/post"}],"author":[{"embeddable":true,"href":"https:\/\/elregionaldigital.info\/index.php?rest_route=\/wp\/v2\/users\/1"}],"replies":[{"embeddable":true,"href":"https:\/\/elregionaldigital.info\/index.php?rest_route=%2Fwp%2Fv2%2Fcomments&post=673"}],"version-history":[{"count":1,"href":"https:\/\/elregionaldigital.info\/index.php?rest_route=\/wp\/v2\/posts\/673\/revisions"}],"predecessor-version":[{"id":675,"href":"https:\/\/elregionaldigital.info\/index.php?rest_route=\/wp\/v2\/posts\/673\/revisions\/675"}],"wp:featuredmedia":[{"embeddable":true,"href":"https:\/\/elregionaldigital.info\/index.php?rest_route=\/wp\/v2\/media\/674"}],"wp:attachment":[{"href":"https:\/\/elregionaldigital.info\/index.php?rest_route=%2Fwp%2Fv2%2Fmedia&parent=673"}],"wp:term":[{"taxonomy":"category","embeddable":true,"href":"https:\/\/elregionaldigital.info\/index.php?rest_route=%2Fwp%2Fv2%2Fcategories&post=673"},{"taxonomy":"post_tag","embeddable":true,"href":"https:\/\/elregionaldigital.info\/index.php?rest_route=%2Fwp%2Fv2%2Ftags&post=673"}],"curies":[{"name":"wp","href":"https:\/\/api.w.org\/{rel}","templated":true}]}}