{"id":670,"date":"2022-11-07T14:43:02","date_gmt":"2022-11-07T14:43:02","guid":{"rendered":"http:\/\/elregionaldigital.info\/?p=670"},"modified":"2022-11-09T14:57:59","modified_gmt":"2022-11-09T14:57:59","slug":"corren-a-karely-ruiz-de-un-mercado-por-intentar-vender-su-ropa-usada","status":"publish","type":"post","link":"https:\/\/elregionaldigital.info\/?p=670","title":{"rendered":"Corren a Karely Ruiz de un mercado por intentar vender su ropa usada"},"content":{"rendered":"\n<figure class=\"wp-block-image size-large\"><img loading=\"lazy\" decoding=\"async\" width=\"1024\" height=\"788\" src=\"http:\/\/elregionaldigital.info\/wp-content\/uploads\/2022\/11\/Karely-Ruiz-1024x788.webp\" alt=\"\" class=\"wp-image-671\" srcset=\"https:\/\/elregionaldigital.info\/wp-content\/uploads\/2022\/11\/Karely-Ruiz-1024x788.webp 1024w, https:\/\/elregionaldigital.info\/wp-content\/uploads\/2022\/11\/Karely-Ruiz-300x231.webp 300w, https:\/\/elregionaldigital.info\/wp-content\/uploads\/2022\/11\/Karely-Ruiz-768x591.webp 768w, https:\/\/elregionaldigital.info\/wp-content\/uploads\/2022\/11\/Karely-Ruiz.webp 1238w\" sizes=\"auto, (max-width: 1024px) 100vw, 1024px\" \/><\/figure>\n\n\n\n<p>Con&nbsp;<strong>Karely Ruiz<\/strong>&nbsp;se puede esperar todo tipo de situaciones, desde que le suspendan&nbsp;una vez m\u00e1s sus cuentas de redes sociales hasta que la culpen de&nbsp;causar divorcios por sus atrevidas fotograf\u00edas. Lo cierto es que la modelo de OnlyFans est\u00e1 constantemente bajo los reflectores y este fin de semana volvi\u00f3 a hacerlo.<\/p>\n\n\n\n<p>Resulta que se le ocurri\u00f3 vender en un tianguis la ropa que ya no usa, pero la idea no le sali\u00f3 nada bien, pues en cuanto puso un pie en el lugar que eligi\u00f3 y comenz\u00f3 a ofrecer sus prendas provoc\u00f3 el enojo de&nbsp;los comerciantes&nbsp;locales, quienes terminaron corri\u00e9ndola.&nbsp;<\/p>\n\n\n\n<p>&#8220;Yo llevaba meses guardando ropa m\u00eda, tops, faldas, zapatos.&nbsp;<strong>Era ropa que ya no usaba y le dije a mi abuela&nbsp;&#8216;un d\u00eda voy a ir al mercado a venderla&#8217;<\/strong>, a veces regalo ropa, pero ahora quer\u00eda ir al mercadito&#8221;, platic\u00f3&nbsp;<strong>Karely Ruiz<\/strong>&nbsp;en un video que comparti\u00f3 en Tik Tok para mostrar su experiencia.&nbsp;<\/p>\n\n\n\n<p>Al inicio, se ve\u00eda que todo iba bien&nbsp;con la venta de ropa, ya que&nbsp;varias personas se acercaron al puesto para ver lo que&nbsp;<strong>Karely<\/strong>&nbsp;ofrec\u00eda. Pero, m\u00e1s tarde, la modelo de 22 a\u00f1os inform\u00f3 en su cuenta de Facebook que tuvo una mala experiencia con una de las vendedoras del mercado.<\/p>\n\n\n\n<p>&#8220;Llega la se\u00f1ora y dice &#8216;\u00bfesta vieja qu\u00e9 se cree? Es que t\u00fa no tienes necesidad de vender, solamente la gente necesitada es la que viene a vender, t\u00fa no. T\u00fa tienes dinero&#8217;.<strong>&nbsp;Se not\u00f3 la envidia de volada<\/strong>&#8220;, coment\u00f3&nbsp;<strong>Karely<\/strong>, quien opt\u00f3 por irse del sitio no sin antes explicar por qu\u00e9 prefiri\u00f3 vender su ropa en lugar de regalarla.&nbsp;<\/p>\n\n\n\n<p>&#8220;Yo iba bien emocionada, porque no s\u00e9 si sab\u00edan, yo vend\u00eda en los mercados con mis pap\u00e1s y me record\u00f3 a los momentos en los que yo vend\u00eda.&nbsp;<strong>Realmente el dinero que yo iba a recaudar se lo iba a dar a un se\u00f1or que pide ah<\/strong>\u00ed&#8221;, finaliz\u00f3&nbsp;<strong>Karely<\/strong>&nbsp;en su transmisi\u00f3n sin dejar saber si lo intentar\u00e1 de nuevo.&nbsp;<\/p>\n","protected":false},"excerpt":{"rendered":"<p>Con&nbsp;Karely Ruiz&nbsp;se puede esperar todo tipo de situaciones, desde que le suspendan&nbsp;una vez m\u00e1s sus cuentas de redes sociales hasta que la culpen de&nbsp;causar divorcios por sus atrevidas fotograf\u00edas. Lo cierto es que la modelo de OnlyFans est\u00e1 constantemente bajo los reflectores y este fin de semana volvi\u00f3 a hacerlo. Resulta que se le ocurri\u00f3 [&hellip;]<\/p>\n","protected":false},"author":1,"featured_media":671,"comment_status":"open","ping_status":"open","sticky":false,"template":"","format":"standard","meta":{"footnotes":""},"categories":[3],"tags":[],"class_list":["post-670","post","type-post","status-publish","format-standard","has-post-thumbnail","hentry","category-entretenimiento"],"blog_post_layout_featured_media_urls":{"thumbnail":["https:\/\/elregionaldigital.info\/wp-content\/uploads\/2022\/11\/Karely-Ruiz-150x150.webp",150,150,true],"full":["https:\/\/elregionaldigital.info\/wp-content\/uploads\/2022\/11\/Karely-Ruiz.webp",1238,953,false]},"categories_names":{"3":{"name":"Entretenimiento","link":"https:\/\/elregionaldigital.info\/?cat=3"}},"tags_names":[],"comments_number":"0","wpmagazine_modules_lite_featured_media_urls":{"thumbnail":["https:\/\/elregionaldigital.info\/wp-content\/uploads\/2022\/11\/Karely-Ruiz-150x150.webp",150,150,true],"cvmm-medium":["https:\/\/elregionaldigital.info\/wp-content\/uploads\/2022\/11\/Karely-Ruiz-300x300.webp",300,300,true],"cvmm-medium-plus":["https:\/\/elregionaldigital.info\/wp-content\/uploads\/2022\/11\/Karely-Ruiz-305x207.webp",305,207,true],"cvmm-portrait":["https:\/\/elregionaldigital.info\/wp-content\/uploads\/2022\/11\/Karely-Ruiz-400x600.webp",400,600,true],"cvmm-medium-square":["https:\/\/elregionaldigital.info\/wp-content\/uploads\/2022\/11\/Karely-Ruiz-600x600.webp",600,600,true],"cvmm-large":["https:\/\/elregionaldigital.info\/wp-content\/uploads\/2022\/11\/Karely-Ruiz-1024x953.webp",1024,953,true],"cvmm-small":["https:\/\/elregionaldigital.info\/wp-content\/uploads\/2022\/11\/Karely-Ruiz-130x95.webp",130,95,true],"full":["https:\/\/elregionaldigital.info\/wp-content\/uploads\/2022\/11\/Karely-Ruiz.webp",1238,953,false]},"_links":{"self":[{"href":"https:\/\/elregionaldigital.info\/index.php?rest_route=\/wp\/v2\/posts\/670","targetHints":{"allow":["GET"]}}],"collection":[{"href":"https:\/\/elregionaldigital.info\/index.php?rest_route=\/wp\/v2\/posts"}],"about":[{"href":"https:\/\/elregionaldigital.info\/index.php?rest_route=\/wp\/v2\/types\/post"}],"author":[{"embeddable":true,"href":"https:\/\/elregionaldigital.info\/index.php?rest_route=\/wp\/v2\/users\/1"}],"replies":[{"embeddable":true,"href":"https:\/\/elregionaldigital.info\/index.php?rest_route=%2Fwp%2Fv2%2Fcomments&post=670"}],"version-history":[{"count":1,"href":"https:\/\/elregionaldigital.info\/index.php?rest_route=\/wp\/v2\/posts\/670\/revisions"}],"predecessor-version":[{"id":672,"href":"https:\/\/elregionaldigital.info\/index.php?rest_route=\/wp\/v2\/posts\/670\/revisions\/672"}],"wp:featuredmedia":[{"embeddable":true,"href":"https:\/\/elregionaldigital.info\/index.php?rest_route=\/wp\/v2\/media\/671"}],"wp:attachment":[{"href":"https:\/\/elregionaldigital.info\/index.php?rest_route=%2Fwp%2Fv2%2Fmedia&parent=670"}],"wp:term":[{"taxonomy":"category","embeddable":true,"href":"https:\/\/elregionaldigital.info\/index.php?rest_route=%2Fwp%2Fv2%2Fcategories&post=670"},{"taxonomy":"post_tag","embeddable":true,"href":"https:\/\/elregionaldigital.info\/index.php?rest_route=%2Fwp%2Fv2%2Ftags&post=670"}],"curies":[{"name":"wp","href":"https:\/\/api.w.org\/{rel}","templated":true}]}}