{"id":6653,"date":"2026-04-30T15:37:08","date_gmt":"2026-04-30T15:37:08","guid":{"rendered":"https:\/\/elregionaldigital.info\/?p=6653"},"modified":"2026-05-01T15:37:50","modified_gmt":"2026-05-01T15:37:50","slug":"santiago-nieto-y-la-uat-fortalecen-proteccion-de-la-propiedad-intelectual-en-tamaulipas","status":"publish","type":"post","link":"https:\/\/elregionaldigital.info\/?p=6653","title":{"rendered":"Santiago Nieto y la UAT fortalecen protecci\u00f3n de la propiedad intelectual en Tamaulipas"},"content":{"rendered":"\n<p>30 de abril del 2026<\/p>\n\n\n\n<p><strong>&#8220;<\/strong>&nbsp;El director general del Instituto Mexicano de la Propiedad Industrial (IMPI), Dr. Santiago Nieto Castillo, imparti\u00f3 en la Universidad Aut\u00f3noma de Tamaulipas (UAT) la conferencia \u201cProtecci\u00f3n de la Innovaci\u00f3n y la Propiedad Intelectual\u201d, donde destac\u00f3 que M\u00e9xico debe consolidar un modelo econ\u00f3mico basado en la ciencia, la tecnolog\u00eda y la innovaci\u00f3n.&nbsp;<strong>&#8220;<\/strong><\/p>\n\n\n\n<p>En este evento, llevado a cabo en el Centro de Excelencia del Campus Victoria, con el fin de fortalecer la cultura de la innovaci\u00f3n, el emprendimiento y el desarrollo tecnol\u00f3gico, el ponente subray\u00f3 que la propiedad intelectual constituye una herramienta estrat\u00e9gica fundamental para impulsar la competitividad y el desarrollo nacional.<\/p>\n\n\n\n<p>Luego de la bienvenida que le brind\u00f3 el rector de la UAT, D\u00e1maso Anaya Alvarado, ante la asistencia de estudiantes de la Facultad de Comercio y Administraci\u00f3n Victoria, el Dr. Santiago Nieto agradeci\u00f3 la oportunidad de compartir a los j\u00f3venes un tema de gran trascendencia para su formaci\u00f3n profesional y de gran impacto para el pa\u00eds.<\/p>\n\n\n\n<p>El funcionario federal destac\u00f3 adem\u00e1s el crecimiento que ha registrado Tamaulipas en solicitudes de patentes y registros de marcas, as\u00ed como la participaci\u00f3n de la UAT en proyectos relacionados con innovaci\u00f3n, transferencia tecnol\u00f3gica y desarrollo regional.<\/p>\n\n\n\n<p>Present\u00f3 un panorama sobre el estado de la innovaci\u00f3n en M\u00e9xico y Am\u00e9rica Latina, se\u00f1alando retos que enfrenta el pa\u00eds, reconociendo el potencial de las instituciones de educaci\u00f3n superior mexicanas en la generaci\u00f3n de conocimiento.<\/p>\n\n\n\n<p>Asimismo, abord\u00f3 temas relacionados con la transferencia tecnol\u00f3gica, la protecci\u00f3n de productos regionales mediante denominaciones de origen e indicaciones geogr\u00e1ficas, as\u00ed como el combate a la pirater\u00eda y el fortalecimiento de pol\u00edticas p\u00fablicas para democratizar el acceso a la propiedad intelectual entre j\u00f3venes, mujeres emprendedoras, comunidades ind\u00edgenas y sectores productivos.<\/p>\n\n\n\n<p>Por su parte, el rector D\u00e1maso Anaya Alvarado destac\u00f3 la importancia de impulsar, entre las y los estudiantes, una cultura enfocada en el desarrollo de patentes y la creaci\u00f3n de marcas, subrayando que la UAT contin\u00faa fortaleciendo los proyectos de investigaci\u00f3n y el registro de propiedad intelectual generados por acad\u00e9micos y universitarios de distintas facultades.<\/p>\n\n\n\n<p>Se\u00f1al\u00f3 que la Universidad participa en iniciativas relacionadas con productos emblem\u00e1ticos de Tamaulipas, mediante proyectos impulsados por \u00e1reas como el CINOTAM, enfocados en la protecci\u00f3n y el fortalecimiento de los desarrollos regionales.<\/p>\n\n\n\n<p>Finalmente, reiter\u00f3 que la UAT continuar\u00e1 impulsando espacios de formaci\u00f3n acad\u00e9mica, investigaci\u00f3n y vinculaci\u00f3n institucional que permitan fomentar la creatividad, la transferencia de conocimiento y el desarrollo de proyectos con impacto econ\u00f3mico y social.<\/p>\n\n\n\n<p>En el evento se cont\u00f3 con la participaci\u00f3n de la directora de la Facultad de Comercio y Administraci\u00f3n Victoria, M\u00f3nica Lorena S\u00e1nchez Lim\u00f3n, quien destac\u00f3 el privilegio que representa para los estudiantes recibir al Dr. Santiago Nieto Castillo.<\/p>\n\n\n\n<p>Tambi\u00e9n estuvieron presentes, la subsecretaria para la Peque\u00f1a y Mediana Empresa de la Secretar\u00eda de Econom\u00eda de Tamaulipas, Mariana \u00c1lvarez Quero; y el titular del COTACYT, Julio Mart\u00ednez Burnes.<\/p>\n\n\n\n<p>La actividad congreg\u00f3 a estudiantes, docentes, investigadores y autoridades universitarias en un espacio de di\u00e1logo e intercambio de ideas sobre innovaci\u00f3n y transferencia tecnol\u00f3gica. Al concluir la jornada, el rector D\u00e1maso Anaya entreg\u00f3 un reconocimiento al Dr. Santiago Nieto Castillo por su participaci\u00f3n en esta conferencia magistral.<\/p>\n\n\n\n<p><img decoding=\"async\" src=\"https:\/\/www.uat.edu.mx\/noticias\/PublishingImages\/2026\/04\/2_f3d37d.jpeg\" width=\"900\" alt=\"\"><\/p>\n","protected":false},"excerpt":{"rendered":"<p>30 de abril del 2026 &#8220;&nbsp;El director general del Instituto Mexicano de la Propiedad Industrial (IMPI), Dr. Santiago Nieto Castillo, imparti\u00f3 en la Universidad Aut\u00f3noma de Tamaulipas (UAT) la conferencia \u201cProtecci\u00f3n de la Innovaci\u00f3n y la Propiedad Intelectual\u201d, donde destac\u00f3 que M\u00e9xico debe consolidar un modelo econ\u00f3mico basado en la ciencia, la tecnolog\u00eda y la [&hellip;]<\/p>\n","protected":false},"author":1,"featured_media":6654,"comment_status":"open","ping_status":"open","sticky":false,"template":"","format":"standard","meta":{"footnotes":""},"categories":[4],"tags":[],"class_list":["post-6653","post","type-post","status-publish","format-standard","has-post-thumbnail","hentry","category-universidades"],"blog_post_layout_featured_media_urls":{"thumbnail":["https:\/\/elregionaldigital.info\/wp-content\/uploads\/2026\/05\/4_e4a190-150x150.jpeg",150,150,true],"full":["https:\/\/elregionaldigital.info\/wp-content\/uploads\/2026\/05\/4_e4a190.jpeg",900,600,false]},"categories_names":{"4":{"name":"Universidades","link":"https:\/\/elregionaldigital.info\/?cat=4"}},"tags_names":[],"comments_number":"0","wpmagazine_modules_lite_featured_media_urls":{"thumbnail":["https:\/\/elregionaldigital.info\/wp-content\/uploads\/2026\/05\/4_e4a190-150x150.jpeg",150,150,true],"cvmm-medium":["https:\/\/elregionaldigital.info\/wp-content\/uploads\/2026\/05\/4_e4a190-300x300.jpeg",300,300,true],"cvmm-medium-plus":["https:\/\/elregionaldigital.info\/wp-content\/uploads\/2026\/05\/4_e4a190-305x207.jpeg",305,207,true],"cvmm-portrait":["https:\/\/elregionaldigital.info\/wp-content\/uploads\/2026\/05\/4_e4a190-400x600.jpeg",400,600,true],"cvmm-medium-square":["https:\/\/elregionaldigital.info\/wp-content\/uploads\/2026\/05\/4_e4a190-600x600.jpeg",600,600,true],"cvmm-large":["https:\/\/elregionaldigital.info\/wp-content\/uploads\/2026\/05\/4_e4a190.jpeg",900,600,false],"cvmm-small":["https:\/\/elregionaldigital.info\/wp-content\/uploads\/2026\/05\/4_e4a190-130x95.jpeg",130,95,true],"full":["https:\/\/elregionaldigital.info\/wp-content\/uploads\/2026\/05\/4_e4a190.jpeg",900,600,false]},"_links":{"self":[{"href":"https:\/\/elregionaldigital.info\/index.php?rest_route=\/wp\/v2\/posts\/6653","targetHints":{"allow":["GET"]}}],"collection":[{"href":"https:\/\/elregionaldigital.info\/index.php?rest_route=\/wp\/v2\/posts"}],"about":[{"href":"https:\/\/elregionaldigital.info\/index.php?rest_route=\/wp\/v2\/types\/post"}],"author":[{"embeddable":true,"href":"https:\/\/elregionaldigital.info\/index.php?rest_route=\/wp\/v2\/users\/1"}],"replies":[{"embeddable":true,"href":"https:\/\/elregionaldigital.info\/index.php?rest_route=%2Fwp%2Fv2%2Fcomments&post=6653"}],"version-history":[{"count":1,"href":"https:\/\/elregionaldigital.info\/index.php?rest_route=\/wp\/v2\/posts\/6653\/revisions"}],"predecessor-version":[{"id":6655,"href":"https:\/\/elregionaldigital.info\/index.php?rest_route=\/wp\/v2\/posts\/6653\/revisions\/6655"}],"wp:featuredmedia":[{"embeddable":true,"href":"https:\/\/elregionaldigital.info\/index.php?rest_route=\/wp\/v2\/media\/6654"}],"wp:attachment":[{"href":"https:\/\/elregionaldigital.info\/index.php?rest_route=%2Fwp%2Fv2%2Fmedia&parent=6653"}],"wp:term":[{"taxonomy":"category","embeddable":true,"href":"https:\/\/elregionaldigital.info\/index.php?rest_route=%2Fwp%2Fv2%2Fcategories&post=6653"},{"taxonomy":"post_tag","embeddable":true,"href":"https:\/\/elregionaldigital.info\/index.php?rest_route=%2Fwp%2Fv2%2Ftags&post=6653"}],"curies":[{"name":"wp","href":"https:\/\/api.w.org\/{rel}","templated":true}]}}