{"id":6633,"date":"2026-04-28T17:48:59","date_gmt":"2026-04-28T17:48:59","guid":{"rendered":"https:\/\/elregionaldigital.info\/?p=6633"},"modified":"2026-04-29T17:50:28","modified_gmt":"2026-04-29T17:50:28","slug":"shakira-lamenta-la-muerte-de-un-trabajador-en-el-montaje-de-su-concierto-en-rio-de-janeiro","status":"publish","type":"post","link":"https:\/\/elregionaldigital.info\/?p=6633","title":{"rendered":"Shakira lamenta la muerte de un trabajador en el montaje de su concierto en R\u00edo de Janeiro"},"content":{"rendered":"\n<p>abril 28, 2026<\/p>\n\n\n\n<p>La cantante\u00a0colombiana<strong>\u00a0Shakira<\/strong>\u00a0<strong>lament\u00f3<\/strong>\u00a0la\u00a0<strong>muerte<\/strong>\u00a0del\u00a0<strong>trabajador<\/strong>\u00a0de una empresa encargada del\u00a0<strong>montaje del escenario<\/strong>\u00a0del megaconcierto que ofrecer\u00e1 este s\u00e1bado en la\u00a0<strong>playa de Copacabana<\/strong>, en\u00a0<strong>R\u00edo de Janeiro.<\/strong><\/p>\n\n\n\n<ul class=\"wp-block-list\">\n<li>\u00a0\u201cMi coraz\u00f3n est\u00e1 con su familia y sus seres queridos\u201d,se\u00f1al\u00f3 la cantante en un comunicado difundido por su equipo de prensa.<\/li>\n<\/ul>\n\n\n\n<p>\u201cEstoy profundamente entristecida por la familia, los amigos y los compa\u00f1eros de Gabriel de Jesus Firmino, un trabajador local que perdi\u00f3 la vida ayer en el lugar. Mi coraz\u00f3n est\u00e1 con su familia y sus seres queridos\u201d, puntualiz\u00f3.<\/p>\n\n\n\n<p>La v\u00edctima, un t\u00e9cnico de seguridad de 28 a\u00f1os, muri\u00f3 por el impacto de \u201cuna estructura del montaje del escenario que se desplom\u00f3\u201d, seg\u00fan se\u00f1al\u00f3 la Polic\u00eda Militar de R\u00edo ayer en una nota.<\/p>\n\n\n\n<p>De acuerdo con el testimonio de otros empleados citados por el Cuerpo de Bomberos, el joven \u201csufri\u00f3 el aplastamiento de las extremidades inferiores en un sistema de elevaci\u00f3n\u201d.<\/p>\n\n\n\n<p>Cuando llegaron los equipos de rescate, la v\u00edctima ya hab\u00eda sido retirada del lugar del accidente por sus compa\u00f1eros. Recibi\u00f3 primeros auxilios in situ y r\u00e1pidamente fue conducida a un hospital, pero no resisti\u00f3 las heridas y falleci\u00f3.<\/p>\n\n\n\n<p>La Polic\u00eda Civil de R\u00edo de Janeiro abri\u00f3 una investigaci\u00f3n para esclarecer las circunstancias de este hecho.<\/p>\n\n\n\n<p>R\u00edo de Janeiro se prepara ya para la llegada de la cantante colombiana, una de las m\u00e1ximas representantes de la m\u00fasica latina, donde se espera que se concentren alrededor de dos millones de personas para ver el contacto.<\/p>\n\n\n\n<p>El megaconcierto de Shakira, que ser\u00e1 gratuito, repetir\u00e1 el modelo de los espect\u00e1culos que ofrecieron Lady Gaga y Madonna en 2025 y 2024, respectivamente, a los cuales asistieron m\u00e1s de un mill\u00f3n y medio de personas, de acuerdo con las autoridades locales.<\/p>\n\n\n\n<figure class=\"wp-block-image size-large\"><img loading=\"lazy\" decoding=\"async\" width=\"1024\" height=\"683\" src=\"https:\/\/elregionaldigital.info\/wp-content\/uploads\/2026\/04\/image-20-1024x683.png\" alt=\"\" class=\"wp-image-6634\" srcset=\"https:\/\/elregionaldigital.info\/wp-content\/uploads\/2026\/04\/image-20-1024x683.png 1024w, https:\/\/elregionaldigital.info\/wp-content\/uploads\/2026\/04\/image-20-300x200.png 300w, https:\/\/elregionaldigital.info\/wp-content\/uploads\/2026\/04\/image-20-768x512.png 768w, https:\/\/elregionaldigital.info\/wp-content\/uploads\/2026\/04\/image-20-1536x1025.png 1536w, https:\/\/elregionaldigital.info\/wp-content\/uploads\/2026\/04\/image-20.png 1920w\" sizes=\"auto, (max-width: 1024px) 100vw, 1024px\" \/><\/figure>\n","protected":false},"excerpt":{"rendered":"<p>abril 28, 2026 La cantante\u00a0colombiana\u00a0Shakira\u00a0lament\u00f3\u00a0la\u00a0muerte\u00a0del\u00a0trabajador\u00a0de una empresa encargada del\u00a0montaje del escenario\u00a0del megaconcierto que ofrecer\u00e1 este s\u00e1bado en la\u00a0playa de Copacabana, en\u00a0R\u00edo de Janeiro. \u201cEstoy profundamente entristecida por la familia, los amigos y los compa\u00f1eros de Gabriel de Jesus Firmino, un trabajador local que perdi\u00f3 la vida ayer en el lugar. Mi coraz\u00f3n est\u00e1 con su [&hellip;]<\/p>\n","protected":false},"author":1,"featured_media":6634,"comment_status":"open","ping_status":"open","sticky":false,"template":"","format":"standard","meta":{"footnotes":""},"categories":[3],"tags":[],"class_list":["post-6633","post","type-post","status-publish","format-standard","has-post-thumbnail","hentry","category-entretenimiento"],"blog_post_layout_featured_media_urls":{"thumbnail":["https:\/\/elregionaldigital.info\/wp-content\/uploads\/2026\/04\/image-20-150x150.png",150,150,true],"full":["https:\/\/elregionaldigital.info\/wp-content\/uploads\/2026\/04\/image-20.png",1920,1281,false]},"categories_names":{"3":{"name":"Entretenimiento","link":"https:\/\/elregionaldigital.info\/?cat=3"}},"tags_names":[],"comments_number":"0","wpmagazine_modules_lite_featured_media_urls":{"thumbnail":["https:\/\/elregionaldigital.info\/wp-content\/uploads\/2026\/04\/image-20-150x150.png",150,150,true],"cvmm-medium":["https:\/\/elregionaldigital.info\/wp-content\/uploads\/2026\/04\/image-20-300x300.png",300,300,true],"cvmm-medium-plus":["https:\/\/elregionaldigital.info\/wp-content\/uploads\/2026\/04\/image-20-305x207.png",305,207,true],"cvmm-portrait":["https:\/\/elregionaldigital.info\/wp-content\/uploads\/2026\/04\/image-20-400x600.png",400,600,true],"cvmm-medium-square":["https:\/\/elregionaldigital.info\/wp-content\/uploads\/2026\/04\/image-20-600x600.png",600,600,true],"cvmm-large":["https:\/\/elregionaldigital.info\/wp-content\/uploads\/2026\/04\/image-20-1024x1024.png",1024,1024,true],"cvmm-small":["https:\/\/elregionaldigital.info\/wp-content\/uploads\/2026\/04\/image-20-130x95.png",130,95,true],"full":["https:\/\/elregionaldigital.info\/wp-content\/uploads\/2026\/04\/image-20.png",1920,1281,false]},"_links":{"self":[{"href":"https:\/\/elregionaldigital.info\/index.php?rest_route=\/wp\/v2\/posts\/6633","targetHints":{"allow":["GET"]}}],"collection":[{"href":"https:\/\/elregionaldigital.info\/index.php?rest_route=\/wp\/v2\/posts"}],"about":[{"href":"https:\/\/elregionaldigital.info\/index.php?rest_route=\/wp\/v2\/types\/post"}],"author":[{"embeddable":true,"href":"https:\/\/elregionaldigital.info\/index.php?rest_route=\/wp\/v2\/users\/1"}],"replies":[{"embeddable":true,"href":"https:\/\/elregionaldigital.info\/index.php?rest_route=%2Fwp%2Fv2%2Fcomments&post=6633"}],"version-history":[{"count":1,"href":"https:\/\/elregionaldigital.info\/index.php?rest_route=\/wp\/v2\/posts\/6633\/revisions"}],"predecessor-version":[{"id":6635,"href":"https:\/\/elregionaldigital.info\/index.php?rest_route=\/wp\/v2\/posts\/6633\/revisions\/6635"}],"wp:featuredmedia":[{"embeddable":true,"href":"https:\/\/elregionaldigital.info\/index.php?rest_route=\/wp\/v2\/media\/6634"}],"wp:attachment":[{"href":"https:\/\/elregionaldigital.info\/index.php?rest_route=%2Fwp%2Fv2%2Fmedia&parent=6633"}],"wp:term":[{"taxonomy":"category","embeddable":true,"href":"https:\/\/elregionaldigital.info\/index.php?rest_route=%2Fwp%2Fv2%2Fcategories&post=6633"},{"taxonomy":"post_tag","embeddable":true,"href":"https:\/\/elregionaldigital.info\/index.php?rest_route=%2Fwp%2Fv2%2Ftags&post=6633"}],"curies":[{"name":"wp","href":"https:\/\/api.w.org\/{rel}","templated":true}]}}