{"id":663,"date":"2022-10-20T21:53:47","date_gmt":"2022-10-20T21:53:47","guid":{"rendered":"http:\/\/elregionaldigital.info\/?p=663"},"modified":"2022-10-20T21:53:48","modified_gmt":"2022-10-20T21:53:48","slug":"anahi-y-juan-gabriel-lanzaran-cancion","status":"publish","type":"post","link":"https:\/\/elregionaldigital.info\/?p=663","title":{"rendered":"Anah\u00ed y Juan Gabriel lanzar\u00e1n canci\u00f3n"},"content":{"rendered":"\n<figure class=\"wp-block-image size-full\"><img loading=\"lazy\" decoding=\"async\" width=\"770\" height=\"485\" src=\"http:\/\/elregionaldigital.info\/wp-content\/uploads\/2022\/10\/captura_de_pantalla_2022-10-20_143555_crop1666294604289.jpg_1970638775.webp\" alt=\"\" class=\"wp-image-665\" srcset=\"https:\/\/elregionaldigital.info\/wp-content\/uploads\/2022\/10\/captura_de_pantalla_2022-10-20_143555_crop1666294604289.jpg_1970638775.webp 770w, https:\/\/elregionaldigital.info\/wp-content\/uploads\/2022\/10\/captura_de_pantalla_2022-10-20_143555_crop1666294604289.jpg_1970638775-300x189.webp 300w, https:\/\/elregionaldigital.info\/wp-content\/uploads\/2022\/10\/captura_de_pantalla_2022-10-20_143555_crop1666294604289.jpg_1970638775-768x484.webp 768w\" sizes=\"auto, (max-width: 770px) 100vw, 770px\" \/><\/figure>\n\n\n\n<p><strong>Aunque Anah\u00ed no ha vuelto de manera formal a la m\u00fasica<\/strong>, ha hecho algunas apariciones triunfales, como cuando se uni\u00f3 con RBD durante la pandemia, cuando lanz\u00f3 con Moderatto el cover de su banda, \u201cNuestro amor\u201d y recientemente cuando cant\u00f3 en vivo con Karol G su balada \u201cS\u00e1lvame\u201d.<\/p>\n\n\n\n<p>Pues bien, la cantante y actriz ahora guarda un as bajo la manga.<strong>\u00a0Y es que lanzar\u00e1 el pr\u00f3ximo 27 de octubre la canci\u00f3n \u201cD\u00e9jame vivir\u201d a dueto con el fallecido Juan Gabriel. Todo apunta a que el tema\u00a0<\/strong>es parte del proyecto discogr\u00e1fico de \u201cEl Divo de Ju\u00e1rez\u201d, \u201cLos D\u00fao 3\u201d, del cual ya se han lanzado los temas \u201cYa\u201d en colaboraci\u00f3n con La India y Banda El Recodo, as\u00ed como \u201cM\u00eda un a\u00f1o\u201d con Eslab\u00f3n Armado.<\/p>\n\n\n\n<p>Aunque Anah\u00ed no ha hecho alguna declaraci\u00f3n al respecto, fue ella misma la que dio la primicia en sus redes sociales, al postear un teaser del videoclip\u00a0<strong>donde luce looks muy fashionistas mientras se ve una imagen animada de Juan Gabriel a blanco y negro mientras canta<\/strong>. Los fans de Anah\u00ed han empezado a contar los d\u00edas para poder escuchar esta canci\u00f3n, manifest\u00e1ndole su emoci\u00f3n a la integrante de RBD, ella ha reposteado algunos de estos mensajes.<\/p>\n","protected":false},"excerpt":{"rendered":"<p>Aunque Anah\u00ed no ha vuelto de manera formal a la m\u00fasica, ha hecho algunas apariciones triunfales, como cuando se uni\u00f3 con RBD durante la pandemia, cuando lanz\u00f3 con Moderatto el cover de su banda, \u201cNuestro amor\u201d y recientemente cuando cant\u00f3 en vivo con Karol G su balada \u201cS\u00e1lvame\u201d. Pues bien, la cantante y actriz ahora [&hellip;]<\/p>\n","protected":false},"author":1,"featured_media":665,"comment_status":"open","ping_status":"open","sticky":false,"template":"","format":"standard","meta":{"footnotes":""},"categories":[3],"tags":[],"class_list":["post-663","post","type-post","status-publish","format-standard","has-post-thumbnail","hentry","category-entretenimiento"],"blog_post_layout_featured_media_urls":{"thumbnail":["https:\/\/elregionaldigital.info\/wp-content\/uploads\/2022\/10\/captura_de_pantalla_2022-10-20_143555_crop1666294604289.jpg_1970638775-150x150.webp",150,150,true],"full":["https:\/\/elregionaldigital.info\/wp-content\/uploads\/2022\/10\/captura_de_pantalla_2022-10-20_143555_crop1666294604289.jpg_1970638775.webp",770,485,false]},"categories_names":{"3":{"name":"Entretenimiento","link":"https:\/\/elregionaldigital.info\/?cat=3"}},"tags_names":[],"comments_number":"0","wpmagazine_modules_lite_featured_media_urls":{"thumbnail":["https:\/\/elregionaldigital.info\/wp-content\/uploads\/2022\/10\/captura_de_pantalla_2022-10-20_143555_crop1666294604289.jpg_1970638775-150x150.webp",150,150,true],"cvmm-medium":["https:\/\/elregionaldigital.info\/wp-content\/uploads\/2022\/10\/captura_de_pantalla_2022-10-20_143555_crop1666294604289.jpg_1970638775-300x300.webp",300,300,true],"cvmm-medium-plus":["https:\/\/elregionaldigital.info\/wp-content\/uploads\/2022\/10\/captura_de_pantalla_2022-10-20_143555_crop1666294604289.jpg_1970638775-305x207.webp",305,207,true],"cvmm-portrait":["https:\/\/elregionaldigital.info\/wp-content\/uploads\/2022\/10\/captura_de_pantalla_2022-10-20_143555_crop1666294604289.jpg_1970638775-400x485.webp",400,485,true],"cvmm-medium-square":["https:\/\/elregionaldigital.info\/wp-content\/uploads\/2022\/10\/captura_de_pantalla_2022-10-20_143555_crop1666294604289.jpg_1970638775-600x485.webp",600,485,true],"cvmm-large":["https:\/\/elregionaldigital.info\/wp-content\/uploads\/2022\/10\/captura_de_pantalla_2022-10-20_143555_crop1666294604289.jpg_1970638775.webp",770,485,false],"cvmm-small":["https:\/\/elregionaldigital.info\/wp-content\/uploads\/2022\/10\/captura_de_pantalla_2022-10-20_143555_crop1666294604289.jpg_1970638775-130x95.webp",130,95,true],"full":["https:\/\/elregionaldigital.info\/wp-content\/uploads\/2022\/10\/captura_de_pantalla_2022-10-20_143555_crop1666294604289.jpg_1970638775.webp",770,485,false]},"_links":{"self":[{"href":"https:\/\/elregionaldigital.info\/index.php?rest_route=\/wp\/v2\/posts\/663","targetHints":{"allow":["GET"]}}],"collection":[{"href":"https:\/\/elregionaldigital.info\/index.php?rest_route=\/wp\/v2\/posts"}],"about":[{"href":"https:\/\/elregionaldigital.info\/index.php?rest_route=\/wp\/v2\/types\/post"}],"author":[{"embeddable":true,"href":"https:\/\/elregionaldigital.info\/index.php?rest_route=\/wp\/v2\/users\/1"}],"replies":[{"embeddable":true,"href":"https:\/\/elregionaldigital.info\/index.php?rest_route=%2Fwp%2Fv2%2Fcomments&post=663"}],"version-history":[{"count":1,"href":"https:\/\/elregionaldigital.info\/index.php?rest_route=\/wp\/v2\/posts\/663\/revisions"}],"predecessor-version":[{"id":666,"href":"https:\/\/elregionaldigital.info\/index.php?rest_route=\/wp\/v2\/posts\/663\/revisions\/666"}],"wp:featuredmedia":[{"embeddable":true,"href":"https:\/\/elregionaldigital.info\/index.php?rest_route=\/wp\/v2\/media\/665"}],"wp:attachment":[{"href":"https:\/\/elregionaldigital.info\/index.php?rest_route=%2Fwp%2Fv2%2Fmedia&parent=663"}],"wp:term":[{"taxonomy":"category","embeddable":true,"href":"https:\/\/elregionaldigital.info\/index.php?rest_route=%2Fwp%2Fv2%2Fcategories&post=663"},{"taxonomy":"post_tag","embeddable":true,"href":"https:\/\/elregionaldigital.info\/index.php?rest_route=%2Fwp%2Fv2%2Ftags&post=663"}],"curies":[{"name":"wp","href":"https:\/\/api.w.org\/{rel}","templated":true}]}}