{"id":6609,"date":"2026-04-29T15:59:39","date_gmt":"2026-04-29T15:59:39","guid":{"rendered":"https:\/\/elregionaldigital.info\/?p=6609"},"modified":"2026-04-29T15:59:40","modified_gmt":"2026-04-29T15:59:40","slug":"trump-urge-a-iran-a-espabilar-pronto-en-medio-de-negociaciones-estancadas","status":"publish","type":"post","link":"https:\/\/elregionaldigital.info\/?p=6609","title":{"rendered":"Trump urge a Ir\u00e1n a \u201cespabilar pronto\u201d en medio de negociaciones estancadas"},"content":{"rendered":"\n<p>abril 29, 2026<\/p>\n\n\n\n<p>El presidente de\u00a0<strong>Estados Unidos,\u00a0Donald\u00a0Trump<\/strong>, escribi\u00f3 en su red Truth Social que\u00a0<strong>Ir\u00e1n<\/strong>\u00a0\u201cno logra ponerse de acuerdo\u201d ni \u201csabe c\u00f3mo firmar un acuerdo no nuclear\u201d, y urgi\u00f3 al pa\u00eds persa a \u201c<strong>espabilar pronto<\/strong>\u201c, mientras las<strong>\u00a0conversaciones de paz<\/strong>\u00a0siguen estancadas.<\/p>\n\n\n\n<p>\u201cIr\u00e1n no logra ponerse de acuerdo. No saben c\u00f3mo firmar un acuerdo no nuclear. \u00a1M\u00e1s les vale espabilar pronto!\u201d, dijo el mandatario a trav\u00e9s de su propia red social.<\/p>\n\n\n\n<p>Trump, que la semana pasada extendi\u00f3 el alto el fuego con Teher\u00e1n de manera indefinida, acompa\u00f1\u00f3 el mensaje de una imagen simulada en la que aparece armado y con gafas de sol, mientras varias explosiones suceden tras \u00e9l, acompa\u00f1ada de la frase \u201c\u00a1NO M\u00c1S SR. AMABLE!\u201d.<\/p>\n\n\n\n<p>El martes, el dirigente republicano dijo que Ir\u00e1n le hab\u00eda comunicado que est\u00e1 en \u201cestado de colapso\u201d y que, mientras resuelven sus problemas de liderazgo, quieren que Washington reabra el estrecho de Ormuz \u201clo antes posible\u201d.<\/p>\n\n\n\n<p>El mensaje del l\u00edder republicano coincid\u00eda con reportes de su insatisfacci\u00f3n con el nuevo plan de Teher\u00e1n para destrabar las conversaciones de paz y reabrir la estrat\u00e9gica v\u00eda de crudo y mercanc\u00edas, aplazando el di\u00e1logo sobre el programa nuclear iran\u00ed.<\/p>\n\n\n\n<p>En la reuni\u00f3n del lunes entre Trump y sus asesores de Seguridad Nacional, el presidente estadounidense habr\u00eda dado a entender que no est\u00e1 predispuesto a aceptar el plan, que tambi\u00e9n insta a Washington a levantar el bloqueo naval impuesto a las costas iran\u00edes, public\u00f3 la cadena CNN.<\/p>\n\n\n\n<p>La reapertura de la v\u00eda estrat\u00e9gica, por donde pasaba el 20 % del crudo mundial en tiempos de paz, sin abordar garant\u00edas de que Ir\u00e1n no pueda obtener un arma nuclear o el futuro de sus reservas de uranio enriquecido podr\u00eda no ajustarse a las aspiraciones de Trump para vender el acuerdo como una victoria, advirtieron las fuentes.<\/p>\n\n\n\n<p>El mandatario extendi\u00f3 la semana pasada el alto el fuego con Ir\u00e1n de manera indefinida para propiciar el di\u00e1logo, que por ahora se encuentra estancado, despu\u00e9s de que no se llegara a producir una segunda ronda de conversaciones el pasado fin de semana en Pakist\u00e1n pese al viaje a Islamabad del canciller iran\u00ed.<\/p>\n\n\n\n<figure class=\"wp-block-image size-large\"><img loading=\"lazy\" decoding=\"async\" width=\"1024\" height=\"683\" src=\"https:\/\/elregionaldigital.info\/wp-content\/uploads\/2026\/04\/image-12-1024x683.png\" alt=\"\" class=\"wp-image-6610\" srcset=\"https:\/\/elregionaldigital.info\/wp-content\/uploads\/2026\/04\/image-12-1024x683.png 1024w, https:\/\/elregionaldigital.info\/wp-content\/uploads\/2026\/04\/image-12-300x200.png 300w, https:\/\/elregionaldigital.info\/wp-content\/uploads\/2026\/04\/image-12-768x512.png 768w, https:\/\/elregionaldigital.info\/wp-content\/uploads\/2026\/04\/image-12-1536x1024.png 1536w, https:\/\/elregionaldigital.info\/wp-content\/uploads\/2026\/04\/image-12.png 1920w\" sizes=\"auto, (max-width: 1024px) 100vw, 1024px\" \/><\/figure>\n","protected":false},"excerpt":{"rendered":"<p>abril 29, 2026 El presidente de\u00a0Estados Unidos,\u00a0Donald\u00a0Trump, escribi\u00f3 en su red Truth Social que\u00a0Ir\u00e1n\u00a0\u201cno logra ponerse de acuerdo\u201d ni \u201csabe c\u00f3mo firmar un acuerdo no nuclear\u201d, y urgi\u00f3 al pa\u00eds persa a \u201cespabilar pronto\u201c, mientras las\u00a0conversaciones de paz\u00a0siguen estancadas. \u201cIr\u00e1n no logra ponerse de acuerdo. No saben c\u00f3mo firmar un acuerdo no nuclear. \u00a1M\u00e1s les [&hellip;]<\/p>\n","protected":false},"author":1,"featured_media":6610,"comment_status":"open","ping_status":"open","sticky":false,"template":"","format":"standard","meta":{"footnotes":""},"categories":[11],"tags":[],"class_list":["post-6609","post","type-post","status-publish","format-standard","has-post-thumbnail","hentry","category-mundo"],"blog_post_layout_featured_media_urls":{"thumbnail":["https:\/\/elregionaldigital.info\/wp-content\/uploads\/2026\/04\/image-12-150x150.png",150,150,true],"full":["https:\/\/elregionaldigital.info\/wp-content\/uploads\/2026\/04\/image-12.png",1920,1280,false]},"categories_names":{"11":{"name":"Mundo","link":"https:\/\/elregionaldigital.info\/?cat=11"}},"tags_names":[],"comments_number":"0","wpmagazine_modules_lite_featured_media_urls":{"thumbnail":["https:\/\/elregionaldigital.info\/wp-content\/uploads\/2026\/04\/image-12-150x150.png",150,150,true],"cvmm-medium":["https:\/\/elregionaldigital.info\/wp-content\/uploads\/2026\/04\/image-12-300x300.png",300,300,true],"cvmm-medium-plus":["https:\/\/elregionaldigital.info\/wp-content\/uploads\/2026\/04\/image-12-305x207.png",305,207,true],"cvmm-portrait":["https:\/\/elregionaldigital.info\/wp-content\/uploads\/2026\/04\/image-12-400x600.png",400,600,true],"cvmm-medium-square":["https:\/\/elregionaldigital.info\/wp-content\/uploads\/2026\/04\/image-12-600x600.png",600,600,true],"cvmm-large":["https:\/\/elregionaldigital.info\/wp-content\/uploads\/2026\/04\/image-12-1024x1024.png",1024,1024,true],"cvmm-small":["https:\/\/elregionaldigital.info\/wp-content\/uploads\/2026\/04\/image-12-130x95.png",130,95,true],"full":["https:\/\/elregionaldigital.info\/wp-content\/uploads\/2026\/04\/image-12.png",1920,1280,false]},"_links":{"self":[{"href":"https:\/\/elregionaldigital.info\/index.php?rest_route=\/wp\/v2\/posts\/6609","targetHints":{"allow":["GET"]}}],"collection":[{"href":"https:\/\/elregionaldigital.info\/index.php?rest_route=\/wp\/v2\/posts"}],"about":[{"href":"https:\/\/elregionaldigital.info\/index.php?rest_route=\/wp\/v2\/types\/post"}],"author":[{"embeddable":true,"href":"https:\/\/elregionaldigital.info\/index.php?rest_route=\/wp\/v2\/users\/1"}],"replies":[{"embeddable":true,"href":"https:\/\/elregionaldigital.info\/index.php?rest_route=%2Fwp%2Fv2%2Fcomments&post=6609"}],"version-history":[{"count":1,"href":"https:\/\/elregionaldigital.info\/index.php?rest_route=\/wp\/v2\/posts\/6609\/revisions"}],"predecessor-version":[{"id":6611,"href":"https:\/\/elregionaldigital.info\/index.php?rest_route=\/wp\/v2\/posts\/6609\/revisions\/6611"}],"wp:featuredmedia":[{"embeddable":true,"href":"https:\/\/elregionaldigital.info\/index.php?rest_route=\/wp\/v2\/media\/6610"}],"wp:attachment":[{"href":"https:\/\/elregionaldigital.info\/index.php?rest_route=%2Fwp%2Fv2%2Fmedia&parent=6609"}],"wp:term":[{"taxonomy":"category","embeddable":true,"href":"https:\/\/elregionaldigital.info\/index.php?rest_route=%2Fwp%2Fv2%2Fcategories&post=6609"},{"taxonomy":"post_tag","embeddable":true,"href":"https:\/\/elregionaldigital.info\/index.php?rest_route=%2Fwp%2Fv2%2Ftags&post=6609"}],"curies":[{"name":"wp","href":"https:\/\/api.w.org\/{rel}","templated":true}]}}