{"id":660,"date":"2022-10-20T21:45:27","date_gmt":"2022-10-20T21:45:27","guid":{"rendered":"http:\/\/elregionaldigital.info\/?p=660"},"modified":"2022-10-20T21:45:28","modified_gmt":"2022-10-20T21:45:28","slug":"renuncia-liz-truss-la-primera-ministra-britanica-tras-solo-45-dias-en-el-poder","status":"publish","type":"post","link":"https:\/\/elregionaldigital.info\/?p=660","title":{"rendered":"Renuncia Liz Truss, la primera ministra brit\u00e1nica, tras solo 45 d\u00edas en el poder"},"content":{"rendered":"\n<figure class=\"wp-block-image size-full\"><img loading=\"lazy\" decoding=\"async\" width=\"624\" height=\"351\" src=\"http:\/\/elregionaldigital.info\/wp-content\/uploads\/2022\/10\/127275758_dce73c3f-77bc-4f99-bcec-6d5a65a4aafe.jpg.webp\" alt=\"\" class=\"wp-image-661\" srcset=\"https:\/\/elregionaldigital.info\/wp-content\/uploads\/2022\/10\/127275758_dce73c3f-77bc-4f99-bcec-6d5a65a4aafe.jpg.webp 624w, https:\/\/elregionaldigital.info\/wp-content\/uploads\/2022\/10\/127275758_dce73c3f-77bc-4f99-bcec-6d5a65a4aafe.jpg-300x169.webp 300w, https:\/\/elregionaldigital.info\/wp-content\/uploads\/2022\/10\/127275758_dce73c3f-77bc-4f99-bcec-6d5a65a4aafe.jpg-622x351.webp 622w\" sizes=\"auto, (max-width: 624px) 100vw, 624px\" \/><\/figure>\n\n\n\n<p><strong>La primera ministra brit\u00e1nica Liz Truss anunci\u00f3 su renuncia al cargo menos de dos meses despu\u00e9s de asumirlo.<\/strong><\/p>\n\n\n\n<p>Su dimisi\u00f3n se produce luego de enormes presiones por parte de su propio partido y tras el retiro de dos de sus m\u00e1s cercanos colaboradores.<\/p>\n\n\n\n<p>En un breve pronunciamiento frente al<strong>&nbsp;n\u00famero<\/strong><strong>10 de Downing Street<\/strong>, la sede del gobierno brit\u00e1nico, Truss dijo que le hab\u00eda anunciado al rey Carlos III su renuncia a la jefatura del Partido Conservador y, por lo tanto, a su cargo como primera ministra.<\/p>\n\n\n\n<p>Agreg\u00f3 que continuar\u00eda en el puesto hasta que se elija un nuevo l\u00edder del partido, lo cual puede ocurrir en los pr\u00f3ximos d\u00edas. <\/p>\n\n\n\n<p>Sin embargo, tanto el l\u00edder del Partido Laborista, Keir Starmer, como los l\u00edderes de los dem\u00f3cratas liberales y del Partido Nacional Escoc\u00e9s (SNP) han pedido que se\u00a0<strong>convoquen elecciones generales de inmediato<\/strong>.<\/p>\n","protected":false},"excerpt":{"rendered":"<p>La primera ministra brit\u00e1nica Liz Truss anunci\u00f3 su renuncia al cargo menos de dos meses despu\u00e9s de asumirlo. Su dimisi\u00f3n se produce luego de enormes presiones por parte de su propio partido y tras el retiro de dos de sus m\u00e1s cercanos colaboradores. En un breve pronunciamiento frente al&nbsp;n\u00famero10 de Downing Street, la sede del [&hellip;]<\/p>\n","protected":false},"author":1,"featured_media":661,"comment_status":"open","ping_status":"open","sticky":false,"template":"","format":"standard","meta":{"footnotes":""},"categories":[11],"tags":[],"class_list":["post-660","post","type-post","status-publish","format-standard","has-post-thumbnail","hentry","category-mundo"],"blog_post_layout_featured_media_urls":{"thumbnail":["https:\/\/elregionaldigital.info\/wp-content\/uploads\/2022\/10\/127275758_dce73c3f-77bc-4f99-bcec-6d5a65a4aafe.jpg-150x150.webp",150,150,true],"full":["https:\/\/elregionaldigital.info\/wp-content\/uploads\/2022\/10\/127275758_dce73c3f-77bc-4f99-bcec-6d5a65a4aafe.jpg.webp",624,351,false]},"categories_names":{"11":{"name":"Mundo","link":"https:\/\/elregionaldigital.info\/?cat=11"}},"tags_names":[],"comments_number":"0","wpmagazine_modules_lite_featured_media_urls":{"thumbnail":["https:\/\/elregionaldigital.info\/wp-content\/uploads\/2022\/10\/127275758_dce73c3f-77bc-4f99-bcec-6d5a65a4aafe.jpg-150x150.webp",150,150,true],"cvmm-medium":["https:\/\/elregionaldigital.info\/wp-content\/uploads\/2022\/10\/127275758_dce73c3f-77bc-4f99-bcec-6d5a65a4aafe.jpg-300x300.webp",300,300,true],"cvmm-medium-plus":["https:\/\/elregionaldigital.info\/wp-content\/uploads\/2022\/10\/127275758_dce73c3f-77bc-4f99-bcec-6d5a65a4aafe.jpg-305x207.webp",305,207,true],"cvmm-portrait":["https:\/\/elregionaldigital.info\/wp-content\/uploads\/2022\/10\/127275758_dce73c3f-77bc-4f99-bcec-6d5a65a4aafe.jpg-400x351.webp",400,351,true],"cvmm-medium-square":["https:\/\/elregionaldigital.info\/wp-content\/uploads\/2022\/10\/127275758_dce73c3f-77bc-4f99-bcec-6d5a65a4aafe.jpg-600x351.webp",600,351,true],"cvmm-large":["https:\/\/elregionaldigital.info\/wp-content\/uploads\/2022\/10\/127275758_dce73c3f-77bc-4f99-bcec-6d5a65a4aafe.jpg.webp",624,351,false],"cvmm-small":["https:\/\/elregionaldigital.info\/wp-content\/uploads\/2022\/10\/127275758_dce73c3f-77bc-4f99-bcec-6d5a65a4aafe.jpg-130x95.webp",130,95,true],"full":["https:\/\/elregionaldigital.info\/wp-content\/uploads\/2022\/10\/127275758_dce73c3f-77bc-4f99-bcec-6d5a65a4aafe.jpg.webp",624,351,false]},"_links":{"self":[{"href":"https:\/\/elregionaldigital.info\/index.php?rest_route=\/wp\/v2\/posts\/660","targetHints":{"allow":["GET"]}}],"collection":[{"href":"https:\/\/elregionaldigital.info\/index.php?rest_route=\/wp\/v2\/posts"}],"about":[{"href":"https:\/\/elregionaldigital.info\/index.php?rest_route=\/wp\/v2\/types\/post"}],"author":[{"embeddable":true,"href":"https:\/\/elregionaldigital.info\/index.php?rest_route=\/wp\/v2\/users\/1"}],"replies":[{"embeddable":true,"href":"https:\/\/elregionaldigital.info\/index.php?rest_route=%2Fwp%2Fv2%2Fcomments&post=660"}],"version-history":[{"count":1,"href":"https:\/\/elregionaldigital.info\/index.php?rest_route=\/wp\/v2\/posts\/660\/revisions"}],"predecessor-version":[{"id":662,"href":"https:\/\/elregionaldigital.info\/index.php?rest_route=\/wp\/v2\/posts\/660\/revisions\/662"}],"wp:featuredmedia":[{"embeddable":true,"href":"https:\/\/elregionaldigital.info\/index.php?rest_route=\/wp\/v2\/media\/661"}],"wp:attachment":[{"href":"https:\/\/elregionaldigital.info\/index.php?rest_route=%2Fwp%2Fv2%2Fmedia&parent=660"}],"wp:term":[{"taxonomy":"category","embeddable":true,"href":"https:\/\/elregionaldigital.info\/index.php?rest_route=%2Fwp%2Fv2%2Fcategories&post=660"},{"taxonomy":"post_tag","embeddable":true,"href":"https:\/\/elregionaldigital.info\/index.php?rest_route=%2Fwp%2Fv2%2Ftags&post=660"}],"curies":[{"name":"wp","href":"https:\/\/api.w.org\/{rel}","templated":true}]}}