{"id":6585,"date":"2026-04-29T15:39:30","date_gmt":"2026-04-29T15:39:30","guid":{"rendered":"https:\/\/elregionaldigital.info\/?p=6585"},"modified":"2026-04-29T15:39:31","modified_gmt":"2026-04-29T15:39:31","slug":"miguel-herrera-es-el-nuevo-entrenador-del-atlante","status":"publish","type":"post","link":"https:\/\/elregionaldigital.info\/?p=6585","title":{"rendered":"Miguel Herrera es el nuevo entrenador del Atlante"},"content":{"rendered":"\n<p>abril 29, 2026<\/p>\n\n\n\n<p>El seleccionador de M\u00e9xico en el Mundial de Brasil 2014,&nbsp;<strong>Miguel Herrera<\/strong>, fue anunciado este martes como entrenador de los&nbsp;<strong>Potros de Atlante<\/strong>, que regresar\u00e1n a la&nbsp;<strong>Primera Divisi\u00f3n<\/strong>&nbsp;en el torneo Apertura del f\u00fatbol mexicano.<\/p>\n\n\n\n<blockquote class=\"wp-block-quote is-layout-flow wp-block-quote-is-layout-flow\">\n<p>\u201c\u00a1Bienvenido Piojo! Miguel Herrera asume el mando de nuestros Potros de Hierro. Experiencia, car\u00e1cter y ADN azulgrana para llevar al Atlante a lo m\u00e1s alto\u201d, escribi\u00f3 la directiva en sus redes sociales.<\/p>\n<\/blockquote>\n\n\n\n<p><strong>Herrera,<\/strong>\u00a0de 58 a\u00f1os, regresa al\u00a0<strong>Atlante,<\/strong>\u00a0con el que fue campe\u00f3n como jugador en 1993 y nueve a\u00f1os m\u00e1s tarde debut\u00f3 como estratega.<\/p>\n\n\n\n<p>Los Potros ocupar\u00e1n en Primera divisi\u00f3n el lugar del\u00a0<strong>Mazatl\u00e1n,<\/strong>\u00a0en un esperado regreso por parte de decenas de miles de hinchas que siguieron al equipo, campe\u00f3n en 1947, 1993 y 2007.<\/p>\n\n\n\n<p>Dos veces campe\u00f3n de liga con\u00a0<strong>el Am\u00e9rica<\/strong>, un a\u00f1o despu\u00e9s de dirigir en\u00a0<strong>Brasil, Herrera<\/strong>\u00a0fue despedido de la selecci\u00f3n por una pelea con un comentarista, despu\u00e9s de lo cual dirigi\u00f3 a nivel de clubes en\u00a0<strong>M\u00e9xico<\/strong>\u00a0hasta que el a\u00f1o pasado fue llamado a comandar a\u00a0<strong>Costa Rica<\/strong>.<\/p>\n\n\n\n<p>Con todo a favor en la eliminatoria de\u00a0<strong>Concacaf,<\/strong>\u00a0en la que no compitieron M\u00e9xico, Estados Unidos y Canad\u00e1, de la mano del\u00a0<strong>\u2018Piojo\u2019<\/strong>\u00a0los costarricenses mostraron altibajos en su rendimiento y quedaron fuera de la\u00a0<strong>Copa del Mundo<\/strong>, lo cual le cost\u00f3 el puesto al estratega.<\/p>\n\n\n\n<p>El entrenador se desempe\u00f1\u00f3 en las \u00faltimas semanas como analista de una cadena de televisi\u00f3n, trabajo que deber\u00e1 abandonar para regresar al banquillo.<\/p>\n\n\n\n<p>La directiva de los&nbsp;<strong>Potros<\/strong>&nbsp;se ha planteado como objetivo ser protagonista a partir del&nbsp;<strong>torneo Apertura,<\/strong>&nbsp;luego de m\u00e1s de una d\u00e9cada ausente en&nbsp;<strong>Primera Divisi\u00f3n<\/strong>.<\/p>\n\n\n\n<p><strong>Herrera<\/strong>&nbsp;ser\u00e1 presentado en las \u00faltimas horas, despu\u00e9s de lo cual tendr\u00e1 una ardua tarea para armar un equipo con figuras de calidad, capaz de competir de igual en el torneo local.<\/p>\n\n\n\n<figure class=\"wp-block-image size-large\"><img loading=\"lazy\" decoding=\"async\" width=\"1024\" height=\"683\" src=\"https:\/\/elregionaldigital.info\/wp-content\/uploads\/2026\/04\/image-4-1024x683.png\" alt=\"\" class=\"wp-image-6586\" srcset=\"https:\/\/elregionaldigital.info\/wp-content\/uploads\/2026\/04\/image-4-1024x683.png 1024w, https:\/\/elregionaldigital.info\/wp-content\/uploads\/2026\/04\/image-4-300x200.png 300w, https:\/\/elregionaldigital.info\/wp-content\/uploads\/2026\/04\/image-4-768x512.png 768w, https:\/\/elregionaldigital.info\/wp-content\/uploads\/2026\/04\/image-4-1536x1024.png 1536w, https:\/\/elregionaldigital.info\/wp-content\/uploads\/2026\/04\/image-4.png 1920w\" sizes=\"auto, (max-width: 1024px) 100vw, 1024px\" \/><\/figure>\n","protected":false},"excerpt":{"rendered":"<p>abril 29, 2026 El seleccionador de M\u00e9xico en el Mundial de Brasil 2014,&nbsp;Miguel Herrera, fue anunciado este martes como entrenador de los&nbsp;Potros de Atlante, que regresar\u00e1n a la&nbsp;Primera Divisi\u00f3n&nbsp;en el torneo Apertura del f\u00fatbol mexicano. \u201c\u00a1Bienvenido Piojo! Miguel Herrera asume el mando de nuestros Potros de Hierro. Experiencia, car\u00e1cter y ADN azulgrana para llevar al [&hellip;]<\/p>\n","protected":false},"author":1,"featured_media":6586,"comment_status":"open","ping_status":"open","sticky":false,"template":"","format":"standard","meta":{"footnotes":""},"categories":[6],"tags":[],"class_list":["post-6585","post","type-post","status-publish","format-standard","has-post-thumbnail","hentry","category-deportes"],"blog_post_layout_featured_media_urls":{"thumbnail":["https:\/\/elregionaldigital.info\/wp-content\/uploads\/2026\/04\/image-4-150x150.png",150,150,true],"full":["https:\/\/elregionaldigital.info\/wp-content\/uploads\/2026\/04\/image-4.png",1920,1280,false]},"categories_names":{"6":{"name":"Deportes","link":"https:\/\/elregionaldigital.info\/?cat=6"}},"tags_names":[],"comments_number":"0","wpmagazine_modules_lite_featured_media_urls":{"thumbnail":["https:\/\/elregionaldigital.info\/wp-content\/uploads\/2026\/04\/image-4-150x150.png",150,150,true],"cvmm-medium":["https:\/\/elregionaldigital.info\/wp-content\/uploads\/2026\/04\/image-4-300x300.png",300,300,true],"cvmm-medium-plus":["https:\/\/elregionaldigital.info\/wp-content\/uploads\/2026\/04\/image-4-305x207.png",305,207,true],"cvmm-portrait":["https:\/\/elregionaldigital.info\/wp-content\/uploads\/2026\/04\/image-4-400x600.png",400,600,true],"cvmm-medium-square":["https:\/\/elregionaldigital.info\/wp-content\/uploads\/2026\/04\/image-4-600x600.png",600,600,true],"cvmm-large":["https:\/\/elregionaldigital.info\/wp-content\/uploads\/2026\/04\/image-4-1024x1024.png",1024,1024,true],"cvmm-small":["https:\/\/elregionaldigital.info\/wp-content\/uploads\/2026\/04\/image-4-130x95.png",130,95,true],"full":["https:\/\/elregionaldigital.info\/wp-content\/uploads\/2026\/04\/image-4.png",1920,1280,false]},"_links":{"self":[{"href":"https:\/\/elregionaldigital.info\/index.php?rest_route=\/wp\/v2\/posts\/6585","targetHints":{"allow":["GET"]}}],"collection":[{"href":"https:\/\/elregionaldigital.info\/index.php?rest_route=\/wp\/v2\/posts"}],"about":[{"href":"https:\/\/elregionaldigital.info\/index.php?rest_route=\/wp\/v2\/types\/post"}],"author":[{"embeddable":true,"href":"https:\/\/elregionaldigital.info\/index.php?rest_route=\/wp\/v2\/users\/1"}],"replies":[{"embeddable":true,"href":"https:\/\/elregionaldigital.info\/index.php?rest_route=%2Fwp%2Fv2%2Fcomments&post=6585"}],"version-history":[{"count":1,"href":"https:\/\/elregionaldigital.info\/index.php?rest_route=\/wp\/v2\/posts\/6585\/revisions"}],"predecessor-version":[{"id":6587,"href":"https:\/\/elregionaldigital.info\/index.php?rest_route=\/wp\/v2\/posts\/6585\/revisions\/6587"}],"wp:featuredmedia":[{"embeddable":true,"href":"https:\/\/elregionaldigital.info\/index.php?rest_route=\/wp\/v2\/media\/6586"}],"wp:attachment":[{"href":"https:\/\/elregionaldigital.info\/index.php?rest_route=%2Fwp%2Fv2%2Fmedia&parent=6585"}],"wp:term":[{"taxonomy":"category","embeddable":true,"href":"https:\/\/elregionaldigital.info\/index.php?rest_route=%2Fwp%2Fv2%2Fcategories&post=6585"},{"taxonomy":"post_tag","embeddable":true,"href":"https:\/\/elregionaldigital.info\/index.php?rest_route=%2Fwp%2Fv2%2Ftags&post=6585"}],"curies":[{"name":"wp","href":"https:\/\/api.w.org\/{rel}","templated":true}]}}