{"id":6579,"date":"2026-04-27T15:33:58","date_gmt":"2026-04-27T15:33:58","guid":{"rendered":"https:\/\/elregionaldigital.info\/?p=6579"},"modified":"2026-04-29T15:34:58","modified_gmt":"2026-04-29T15:34:58","slug":"trabajadores-tamaulipecos-parten-al-extranjero-con-respaldo-institucional","status":"publish","type":"post","link":"https:\/\/elregionaldigital.info\/?p=6579","title":{"rendered":"Trabajadores tamaulipecos parten al extranjero con respaldo institucional"},"content":{"rendered":"\n<p>Marzo 27 de 2026<\/p>\n\n\n\n<p>Ciudad Victoria, Tamaulipas.\u2013 Trabajadores tamaulipecos recibieron la documentaci\u00f3n oficial necesaria para integrarse a empleos en el extranjero, marcando el inicio de una nueva etapa laboral en sectores productivos fuera del pa\u00eds.<\/p>\n\n\n\n<p>Las y los beneficiarios se incorporar\u00e1n a actividades en el sector ap\u00edcola en Quebec, Canad\u00e1, as\u00ed como en el sector agr\u00edcola en Virginia, Estados Unidos, como parte de los esquemas de movilidad laboral que promueven el empleo formal y bien remunerado.<\/p>\n\n\n\n<p>Estas acciones se llevan a cabo con el respaldo del secretario del Trabajo y Previsi\u00f3n Social, Luis Gerardo Illoldi Reyes, quien ha impulsado estrategias para ampliar las oportunidades laborales de las y los tamaulipecos m\u00e1s all\u00e1 del territorio nacional.<\/p>\n\n\n\n<p>En este proceso tambi\u00e9n participa el subsecretario de Empleo y Productividad Laboral, Emmanuel Res\u00e9ndez G\u00f3mez, quien ha destacado la importancia de vincular a la fuerza laboral del estado con mercados internacionales que demandan mano de obra calificada.<\/p>\n\n\n\n<p>De igual forma, la directora del Servicio Nacional del Empleo en Tamaulipas, Consuelo Nallely Lara Monroy, ha coordinado los esfuerzos para garantizar que los trabajadores cuenten con la orientaci\u00f3n, documentaci\u00f3n y acompa\u00f1amiento necesarios antes de su partida.<\/p>\n\n\n\n<p>Las autoridades se\u00f1alaron que el Gobierno del Estado reafirma su compromiso con la generaci\u00f3n de oportunidades laborales dignas, en el marco del gobierno humanista y de transformaci\u00f3n que encabeza el gobernador Am\u00e9rico Villarreal Anaya.<\/p>\n\n\n\n<figure class=\"wp-block-image\"><a href=\"https:\/\/www.tamaulipas.gob.mx\/wp-content\/uploads\/2026\/03\/STR-047-2026.-Trabajadores-tamaulipecos-parten-al-extranjero-con-respaldo-institucional-6.jpeg\"><img decoding=\"async\" src=\"https:\/\/www.tamaulipas.gob.mx\/wp-content\/uploads\/2026\/03\/STR-047-2026.-Trabajadores-tamaulipecos-parten-al-extranjero-con-respaldo-institucional-6-800x500.jpeg\" alt=\"\"\/><\/a><\/figure>\n","protected":false},"excerpt":{"rendered":"<p>Marzo 27 de 2026 Ciudad Victoria, Tamaulipas.\u2013 Trabajadores tamaulipecos recibieron la documentaci\u00f3n oficial necesaria para integrarse a empleos en el extranjero, marcando el inicio de una nueva etapa laboral en sectores productivos fuera del pa\u00eds. Las y los beneficiarios se incorporar\u00e1n a actividades en el sector ap\u00edcola en Quebec, Canad\u00e1, as\u00ed como en el sector [&hellip;]<\/p>\n","protected":false},"author":1,"featured_media":6580,"comment_status":"open","ping_status":"open","sticky":false,"template":"","format":"standard","meta":{"footnotes":""},"categories":[2],"tags":[],"class_list":["post-6579","post","type-post","status-publish","format-standard","has-post-thumbnail","hentry","category-tamaulipas"],"blog_post_layout_featured_media_urls":{"thumbnail":["https:\/\/elregionaldigital.info\/wp-content\/uploads\/2026\/04\/STR-047-2026.-Trabajadores-tamaulipecos-parten-al-extranjero-con-respaldo-institucional-2-850x500-1-150x150.jpeg",150,150,true],"full":["https:\/\/elregionaldigital.info\/wp-content\/uploads\/2026\/04\/STR-047-2026.-Trabajadores-tamaulipecos-parten-al-extranjero-con-respaldo-institucional-2-850x500-1.jpeg",850,500,false]},"categories_names":{"2":{"name":"Tamaulipas","link":"https:\/\/elregionaldigital.info\/?cat=2"}},"tags_names":[],"comments_number":"0","wpmagazine_modules_lite_featured_media_urls":{"thumbnail":["https:\/\/elregionaldigital.info\/wp-content\/uploads\/2026\/04\/STR-047-2026.-Trabajadores-tamaulipecos-parten-al-extranjero-con-respaldo-institucional-2-850x500-1-150x150.jpeg",150,150,true],"cvmm-medium":["https:\/\/elregionaldigital.info\/wp-content\/uploads\/2026\/04\/STR-047-2026.-Trabajadores-tamaulipecos-parten-al-extranjero-con-respaldo-institucional-2-850x500-1-300x300.jpeg",300,300,true],"cvmm-medium-plus":["https:\/\/elregionaldigital.info\/wp-content\/uploads\/2026\/04\/STR-047-2026.-Trabajadores-tamaulipecos-parten-al-extranjero-con-respaldo-institucional-2-850x500-1-305x207.jpeg",305,207,true],"cvmm-portrait":["https:\/\/elregionaldigital.info\/wp-content\/uploads\/2026\/04\/STR-047-2026.-Trabajadores-tamaulipecos-parten-al-extranjero-con-respaldo-institucional-2-850x500-1-400x500.jpeg",400,500,true],"cvmm-medium-square":["https:\/\/elregionaldigital.info\/wp-content\/uploads\/2026\/04\/STR-047-2026.-Trabajadores-tamaulipecos-parten-al-extranjero-con-respaldo-institucional-2-850x500-1-600x500.jpeg",600,500,true],"cvmm-large":["https:\/\/elregionaldigital.info\/wp-content\/uploads\/2026\/04\/STR-047-2026.-Trabajadores-tamaulipecos-parten-al-extranjero-con-respaldo-institucional-2-850x500-1.jpeg",850,500,false],"cvmm-small":["https:\/\/elregionaldigital.info\/wp-content\/uploads\/2026\/04\/STR-047-2026.-Trabajadores-tamaulipecos-parten-al-extranjero-con-respaldo-institucional-2-850x500-1-130x95.jpeg",130,95,true],"full":["https:\/\/elregionaldigital.info\/wp-content\/uploads\/2026\/04\/STR-047-2026.-Trabajadores-tamaulipecos-parten-al-extranjero-con-respaldo-institucional-2-850x500-1.jpeg",850,500,false]},"_links":{"self":[{"href":"https:\/\/elregionaldigital.info\/index.php?rest_route=\/wp\/v2\/posts\/6579","targetHints":{"allow":["GET"]}}],"collection":[{"href":"https:\/\/elregionaldigital.info\/index.php?rest_route=\/wp\/v2\/posts"}],"about":[{"href":"https:\/\/elregionaldigital.info\/index.php?rest_route=\/wp\/v2\/types\/post"}],"author":[{"embeddable":true,"href":"https:\/\/elregionaldigital.info\/index.php?rest_route=\/wp\/v2\/users\/1"}],"replies":[{"embeddable":true,"href":"https:\/\/elregionaldigital.info\/index.php?rest_route=%2Fwp%2Fv2%2Fcomments&post=6579"}],"version-history":[{"count":1,"href":"https:\/\/elregionaldigital.info\/index.php?rest_route=\/wp\/v2\/posts\/6579\/revisions"}],"predecessor-version":[{"id":6581,"href":"https:\/\/elregionaldigital.info\/index.php?rest_route=\/wp\/v2\/posts\/6579\/revisions\/6581"}],"wp:featuredmedia":[{"embeddable":true,"href":"https:\/\/elregionaldigital.info\/index.php?rest_route=\/wp\/v2\/media\/6580"}],"wp:attachment":[{"href":"https:\/\/elregionaldigital.info\/index.php?rest_route=%2Fwp%2Fv2%2Fmedia&parent=6579"}],"wp:term":[{"taxonomy":"category","embeddable":true,"href":"https:\/\/elregionaldigital.info\/index.php?rest_route=%2Fwp%2Fv2%2Fcategories&post=6579"},{"taxonomy":"post_tag","embeddable":true,"href":"https:\/\/elregionaldigital.info\/index.php?rest_route=%2Fwp%2Fv2%2Ftags&post=6579"}],"curies":[{"name":"wp","href":"https:\/\/api.w.org\/{rel}","templated":true}]}}