{"id":657,"date":"2022-10-20T21:11:20","date_gmt":"2022-10-20T21:11:20","guid":{"rendered":"http:\/\/elregionaldigital.info\/?p=657"},"modified":"2022-10-20T21:11:21","modified_gmt":"2022-10-20T21:11:21","slug":"julio-cesar-chavez-anuncia-su-ultima-pelea-para-2023-quiere-que-sus-hijos-lo-vean-boxear","status":"publish","type":"post","link":"https:\/\/elregionaldigital.info\/?p=657","title":{"rendered":"JULIO C\u00c9SAR CH\u00c1VEZ ANUNCIA SU \u00daLTIMA PELEA PARA 2023; QUIERE QUE SUS HIJOS LO VEAN BOXEAR"},"content":{"rendered":"\n<figure class=\"wp-block-image size-full\"><img loading=\"lazy\" decoding=\"async\" width=\"1004\" height=\"565\" src=\"http:\/\/elregionaldigital.info\/wp-content\/uploads\/2022\/10\/los_chavez-15.jpeg\" alt=\"\" class=\"wp-image-658\" srcset=\"https:\/\/elregionaldigital.info\/wp-content\/uploads\/2022\/10\/los_chavez-15.jpeg 1004w, https:\/\/elregionaldigital.info\/wp-content\/uploads\/2022\/10\/los_chavez-15-300x169.jpeg 300w, https:\/\/elregionaldigital.info\/wp-content\/uploads\/2022\/10\/los_chavez-15-768x432.jpeg 768w\" sizes=\"auto, (max-width: 1004px) 100vw, 1004px\" \/><\/figure>\n\n\n\n<p>El mejor libra por libra que ha dado nuestro pa\u00eds volver\u00e1 por \u00faltima vez al cuadril\u00e1tero donde espera estar junto a sus hijos<\/p>\n\n\n\n<p>2022-10-20 | REDACCI\u00d3N R\u00c9CORD<\/p>\n\n\n\n<p><strong>Julio C\u00e9sar Ch\u00e1vez<\/strong>&nbsp;tiene uno de los palmar\u00e9s m\u00e1s grandes en la historia del&nbsp;<strong>boxeo mexicano<\/strong>, no hay duda de que mientras se mantuvo en activo fue el mejor pugilista nacional y cuando se retir\u00f3 dej\u00f3 un vac\u00edo que ha sido muy dif\u00edcil de llenar.<\/p>\n\n\n\n<p>JC lo entendi\u00f3 y de vez en cuando el p\u00fagil azteca se sube al ring para dar alguna que otra pelea de exhibici\u00f3n mismas que llegar\u00e1n a su fin el&nbsp;<strong>pr\u00f3ximo a\u00f1o<\/strong>, esto debido a un pedido muy especial del excampe\u00f3n mexicano.<\/p>\n\n\n\n<p>&#8220;Voy a hacer una \u00faltima pelea de exhibici\u00f3n, quiero subirme una \u00faltima vez al ring con mis hijos limpios, sobrios, con Julito y con Omar sin una gota de alcohol para pelear. Lo voy a hacer en Tijuana en enero o febrero del otro a\u00f1o&#8221;, asegur\u00f3 Ch\u00e1vez.<\/p>\n","protected":false},"excerpt":{"rendered":"<p>El mejor libra por libra que ha dado nuestro pa\u00eds volver\u00e1 por \u00faltima vez al cuadril\u00e1tero donde espera estar junto a sus hijos 2022-10-20 | REDACCI\u00d3N R\u00c9CORD Julio C\u00e9sar Ch\u00e1vez&nbsp;tiene uno de los palmar\u00e9s m\u00e1s grandes en la historia del&nbsp;boxeo mexicano, no hay duda de que mientras se mantuvo en activo fue el mejor pugilista [&hellip;]<\/p>\n","protected":false},"author":1,"featured_media":658,"comment_status":"open","ping_status":"open","sticky":false,"template":"","format":"standard","meta":{"footnotes":""},"categories":[6],"tags":[],"class_list":["post-657","post","type-post","status-publish","format-standard","has-post-thumbnail","hentry","category-deportes"],"blog_post_layout_featured_media_urls":{"thumbnail":["https:\/\/elregionaldigital.info\/wp-content\/uploads\/2022\/10\/los_chavez-15-150x150.jpeg",150,150,true],"full":["https:\/\/elregionaldigital.info\/wp-content\/uploads\/2022\/10\/los_chavez-15.jpeg",1004,565,false]},"categories_names":{"6":{"name":"Deportes","link":"https:\/\/elregionaldigital.info\/?cat=6"}},"tags_names":[],"comments_number":"0","wpmagazine_modules_lite_featured_media_urls":{"thumbnail":["https:\/\/elregionaldigital.info\/wp-content\/uploads\/2022\/10\/los_chavez-15-150x150.jpeg",150,150,true],"cvmm-medium":["https:\/\/elregionaldigital.info\/wp-content\/uploads\/2022\/10\/los_chavez-15-300x300.jpeg",300,300,true],"cvmm-medium-plus":["https:\/\/elregionaldigital.info\/wp-content\/uploads\/2022\/10\/los_chavez-15-305x207.jpeg",305,207,true],"cvmm-portrait":["https:\/\/elregionaldigital.info\/wp-content\/uploads\/2022\/10\/los_chavez-15-400x565.jpeg",400,565,true],"cvmm-medium-square":["https:\/\/elregionaldigital.info\/wp-content\/uploads\/2022\/10\/los_chavez-15-600x565.jpeg",600,565,true],"cvmm-large":["https:\/\/elregionaldigital.info\/wp-content\/uploads\/2022\/10\/los_chavez-15.jpeg",1004,565,false],"cvmm-small":["https:\/\/elregionaldigital.info\/wp-content\/uploads\/2022\/10\/los_chavez-15-130x95.jpeg",130,95,true],"full":["https:\/\/elregionaldigital.info\/wp-content\/uploads\/2022\/10\/los_chavez-15.jpeg",1004,565,false]},"_links":{"self":[{"href":"https:\/\/elregionaldigital.info\/index.php?rest_route=\/wp\/v2\/posts\/657","targetHints":{"allow":["GET"]}}],"collection":[{"href":"https:\/\/elregionaldigital.info\/index.php?rest_route=\/wp\/v2\/posts"}],"about":[{"href":"https:\/\/elregionaldigital.info\/index.php?rest_route=\/wp\/v2\/types\/post"}],"author":[{"embeddable":true,"href":"https:\/\/elregionaldigital.info\/index.php?rest_route=\/wp\/v2\/users\/1"}],"replies":[{"embeddable":true,"href":"https:\/\/elregionaldigital.info\/index.php?rest_route=%2Fwp%2Fv2%2Fcomments&post=657"}],"version-history":[{"count":1,"href":"https:\/\/elregionaldigital.info\/index.php?rest_route=\/wp\/v2\/posts\/657\/revisions"}],"predecessor-version":[{"id":659,"href":"https:\/\/elregionaldigital.info\/index.php?rest_route=\/wp\/v2\/posts\/657\/revisions\/659"}],"wp:featuredmedia":[{"embeddable":true,"href":"https:\/\/elregionaldigital.info\/index.php?rest_route=\/wp\/v2\/media\/658"}],"wp:attachment":[{"href":"https:\/\/elregionaldigital.info\/index.php?rest_route=%2Fwp%2Fv2%2Fmedia&parent=657"}],"wp:term":[{"taxonomy":"category","embeddable":true,"href":"https:\/\/elregionaldigital.info\/index.php?rest_route=%2Fwp%2Fv2%2Fcategories&post=657"},{"taxonomy":"post_tag","embeddable":true,"href":"https:\/\/elregionaldigital.info\/index.php?rest_route=%2Fwp%2Fv2%2Ftags&post=657"}],"curies":[{"name":"wp","href":"https:\/\/api.w.org\/{rel}","templated":true}]}}