{"id":6552,"date":"2026-04-26T02:05:02","date_gmt":"2026-04-26T02:05:02","guid":{"rendered":"https:\/\/elregionaldigital.info\/?p=6552"},"modified":"2026-04-29T02:05:46","modified_gmt":"2026-04-29T02:05:46","slug":"rendira-damaso-anaya-su-segundo-informe-al-frente-de-la-uat","status":"publish","type":"post","link":"https:\/\/elregionaldigital.info\/?p=6552","title":{"rendered":"Rendir\u00e1 D\u00e1maso Anaya su Segundo Informe al frente de la UAT"},"content":{"rendered":"\n<p>26 de abril del 2026<\/p>\n\n\n\n<p><strong>&#8220;<\/strong>&nbsp;El rector de la Universidad Aut\u00f3noma de Tamaulipas (UAT), D\u00e1maso Anaya Alvarado, rendir\u00e1 este mi\u00e9rcoles 29 de abril, a las 12:00 horas, su Segundo Informe de Labores, en un ejercicio de transparencia y rendici\u00f3n de cuentas en el que presentar\u00e1 a la comunidad universitaria y a la sociedad los avances alcanzados durante su administraci\u00f3n.&nbsp;<strong>&#8220;<\/strong><\/p>\n\n\n\n<p>En ceremonia solemne ante la Asamblea General Universitaria, el rector dar\u00e1 cuenta de los resultados y acciones en los rubros sustantivos como la consolidaci\u00f3n de la calidad acad\u00e9mica, diversificaci\u00f3n de la oferta educativa, el incremento de la matr\u00edcula, el impulso a programas de apoyo para estudiantes, el fortalecimiento de la infraestructura universitaria y la modernizaci\u00f3n de los espacios destinados a la ense\u00f1anza, la investigaci\u00f3n y la innovaci\u00f3n.<\/p>\n\n\n\n<p>Asimismo, informar\u00e1 sobre los avances en la gesti\u00f3n institucional y vinculaci\u00f3n estrat\u00e9gica, destacando las acciones encaminadas a consolidar alianzas, ampliar oportunidades de colaboraci\u00f3n y fortalecer la presencia de la UAT en el desarrollo social y productivo.<\/p>\n\n\n\n<p>D\u00e1maso Anaya tambi\u00e9n presentar\u00e1 resultados en materia de impulso a la formaci\u00f3n. Integral destacando la promoci\u00f3n del deporte universitario y la actividad cultural, asi como la implementaci\u00f3n de un modelo educativo con una visi\u00f3n humanista, reafirmando el compromiso de continuar construyendo una universidad con mayores oportunidades para sus estudiantes y una mayor contribuci\u00f3n al desarrollo del estado.<\/p>\n\n\n\n<p>El Segundo Informe del rector D\u00e1maso Anaya Alvarado ser\u00e1 transmitido en vivo a trav\u00e9s de los canales oficiales de la UAT, para que tanto la comunidad universitaria, como la sociedad en general puedan dar seguimiento a este importante mensaje institucional.<\/p>\n\n\n\n<p>\u200b<\/p>\n\n\n\n<figure class=\"wp-block-image\"><img decoding=\"async\" src=\"https:\/\/www.uat.edu.mx\/noticias\/PublishingImages\/2026\/04\/1_6f8cpij35.jpeg\" alt=\"\"\/><\/figure>\n\n\n\n<p><\/p>\n","protected":false},"excerpt":{"rendered":"<p>26 de abril del 2026 &#8220;&nbsp;El rector de la Universidad Aut\u00f3noma de Tamaulipas (UAT), D\u00e1maso Anaya Alvarado, rendir\u00e1 este mi\u00e9rcoles 29 de abril, a las 12:00 horas, su Segundo Informe de Labores, en un ejercicio de transparencia y rendici\u00f3n de cuentas en el que presentar\u00e1 a la comunidad universitaria y a la sociedad los avances [&hellip;]<\/p>\n","protected":false},"author":1,"featured_media":6553,"comment_status":"open","ping_status":"open","sticky":false,"template":"","format":"standard","meta":{"footnotes":""},"categories":[4],"tags":[],"class_list":["post-6552","post","type-post","status-publish","format-standard","has-post-thumbnail","hentry","category-universidades"],"blog_post_layout_featured_media_urls":{"thumbnail":["https:\/\/elregionaldigital.info\/wp-content\/uploads\/2026\/04\/26-150x150.jpeg",150,150,true],"full":["https:\/\/elregionaldigital.info\/wp-content\/uploads\/2026\/04\/26.jpeg",900,835,false]},"categories_names":{"4":{"name":"Universidades","link":"https:\/\/elregionaldigital.info\/?cat=4"}},"tags_names":[],"comments_number":"0","wpmagazine_modules_lite_featured_media_urls":{"thumbnail":["https:\/\/elregionaldigital.info\/wp-content\/uploads\/2026\/04\/26-150x150.jpeg",150,150,true],"cvmm-medium":["https:\/\/elregionaldigital.info\/wp-content\/uploads\/2026\/04\/26-300x300.jpeg",300,300,true],"cvmm-medium-plus":["https:\/\/elregionaldigital.info\/wp-content\/uploads\/2026\/04\/26-305x207.jpeg",305,207,true],"cvmm-portrait":["https:\/\/elregionaldigital.info\/wp-content\/uploads\/2026\/04\/26-400x600.jpeg",400,600,true],"cvmm-medium-square":["https:\/\/elregionaldigital.info\/wp-content\/uploads\/2026\/04\/26-600x600.jpeg",600,600,true],"cvmm-large":["https:\/\/elregionaldigital.info\/wp-content\/uploads\/2026\/04\/26.jpeg",900,835,false],"cvmm-small":["https:\/\/elregionaldigital.info\/wp-content\/uploads\/2026\/04\/26-130x95.jpeg",130,95,true],"full":["https:\/\/elregionaldigital.info\/wp-content\/uploads\/2026\/04\/26.jpeg",900,835,false]},"_links":{"self":[{"href":"https:\/\/elregionaldigital.info\/index.php?rest_route=\/wp\/v2\/posts\/6552","targetHints":{"allow":["GET"]}}],"collection":[{"href":"https:\/\/elregionaldigital.info\/index.php?rest_route=\/wp\/v2\/posts"}],"about":[{"href":"https:\/\/elregionaldigital.info\/index.php?rest_route=\/wp\/v2\/types\/post"}],"author":[{"embeddable":true,"href":"https:\/\/elregionaldigital.info\/index.php?rest_route=\/wp\/v2\/users\/1"}],"replies":[{"embeddable":true,"href":"https:\/\/elregionaldigital.info\/index.php?rest_route=%2Fwp%2Fv2%2Fcomments&post=6552"}],"version-history":[{"count":1,"href":"https:\/\/elregionaldigital.info\/index.php?rest_route=\/wp\/v2\/posts\/6552\/revisions"}],"predecessor-version":[{"id":6554,"href":"https:\/\/elregionaldigital.info\/index.php?rest_route=\/wp\/v2\/posts\/6552\/revisions\/6554"}],"wp:featuredmedia":[{"embeddable":true,"href":"https:\/\/elregionaldigital.info\/index.php?rest_route=\/wp\/v2\/media\/6553"}],"wp:attachment":[{"href":"https:\/\/elregionaldigital.info\/index.php?rest_route=%2Fwp%2Fv2%2Fmedia&parent=6552"}],"wp:term":[{"taxonomy":"category","embeddable":true,"href":"https:\/\/elregionaldigital.info\/index.php?rest_route=%2Fwp%2Fv2%2Fcategories&post=6552"},{"taxonomy":"post_tag","embeddable":true,"href":"https:\/\/elregionaldigital.info\/index.php?rest_route=%2Fwp%2Fv2%2Ftags&post=6552"}],"curies":[{"name":"wp","href":"https:\/\/api.w.org\/{rel}","templated":true}]}}