{"id":6543,"date":"2026-04-13T19:48:22","date_gmt":"2026-04-13T19:48:22","guid":{"rendered":"https:\/\/elregionaldigital.info\/?p=6543"},"modified":"2026-04-24T19:50:47","modified_gmt":"2026-04-24T19:50:47","slug":"crece-el-malestar-de-artistas-en-mexico-por-envio-a-espana-de-la-coleccion-gelman","status":"publish","type":"post","link":"https:\/\/elregionaldigital.info\/?p=6543","title":{"rendered":"Crece el malestar de artistas en M\u00e9xico por env\u00edo a Espa\u00f1a de la Colecci\u00f3n Gelman"},"content":{"rendered":"\n<p>abril 13, 2026<\/p>\n\n\n\n<p>La&nbsp;<strong>salida<\/strong>&nbsp;de la&nbsp;<strong>Colecci\u00f3n Gelman<\/strong>&nbsp;de M\u00e9xico hacia&nbsp;<strong>Espa\u00f1a<\/strong>&nbsp;ha pasado de titulares period\u00edsticos a&nbsp;<strong>protestas<\/strong>&nbsp;lideradas por el&nbsp;<strong>gremio art\u00edstico mexicano<\/strong>, un malestar sobre el que ha hablado la presidenta,<strong>&nbsp;Claudia Sheinbaum<\/strong>, al destacar su gran valor simb\u00f3lico -con obras de Frida Kahlo y Diego Rivera- para que permanezca en el pa\u00eds.<\/p>\n\n\n\n<p>La pol\u00e9mica se concentra especialmente en 30 de las 160 obras de la colecci\u00f3n privada -gestionada desde enero por la&nbsp;<strong>Fundaci\u00f3n Banco Santander<\/strong>-, pues al estar clasificadas como patrimonio art\u00edstico son \u201csimb\u00f3licamente de los mexicanos\u201d y corresponde al Estado, a trav\u00e9s del Instituto Nacional de Bellas Artes y Literatura (Inbal), limitar o prohibir la salida de las piezas por tiempo indefinido a sus due\u00f1os, la familia mexicana Zambrano, due\u00f1a de la cementera Cemex.<\/p>\n\n\n\n<p>\u201cLas otras pueden salir sin obligaci\u00f3n de retorno: pueden quedarse all\u00e1 (Espa\u00f1a) o venderse all\u00e1. El Estado solo tiene injerencia sobre las que est\u00e1n declaradas\u201d, explic\u00f3 a EFE\u00a0<strong>Carlos Lara<\/strong>, especialista en derecho cultural y miembro de este movimiento que rechaza la opacidad y versiones contradictorias en torno al traslado de las obras para la inauguraci\u00f3n del centro Faro Santander, en el norte de Espa\u00f1a.<\/p>\n\n\n\n<h3 class=\"wp-block-heading\">Presiones y modificaciones<\/h3>\n\n\n\n<p>As\u00ed ocurri\u00f3 cuando la secretaria de Cultura federal,\u00a0<strong>Claudia\u00a0Curiel de Icaza<\/strong>, afirm\u00f3 que la Colecci\u00f3n Gelman regresar\u00eda al pa\u00eds en 2028, mientras que el acuerdo entre Santander, el Inbal y los propietarios establec\u00eda su regreso para 2030, periodo que abarca el sexenio de Sheinbaum.<\/p>\n\n\n\n<p>\u201cHan tenido que reelaborar el acuerdo o establecer alguna adenda a partir del esc\u00e1ndalo que se ha suscitado; no esperaban esta reacci\u00f3n\u201d, subray\u00f3 sobre el convenio de las 30 piezas en las que tambi\u00e9n destacan obras de Mar\u00eda Izquierdo, Jos\u00e9 Clemente Orozco y David Alfaro Siqueiros.<\/p>\n\n\n\n<p>La semana pasada la Fundaci\u00f3n Banco Santander anunci\u00f3 que la apertura del centro c\u00e1ntabro se retrasar\u00eda de junio a septiembre, debido a que las 68 piezas de la colecci\u00f3n permanecer\u00e1n expuestas hasta julio en el&nbsp;<strong>Museo de Arte Moderno<\/strong>&nbsp;(MAM) de M\u00e9xico, en el marco del Mundial 2026.<\/p>\n\n\n\n<p>EFE constat\u00f3 que 27 de las 30 obras declaradas patrimonio art\u00edstico forman parte de la muestra del MAM, entre las que destacan \u2018Diego en mi pensamiento\u2019 y \u2018Autorretrato con monos\u2019 de la gran pintora mexicana.<\/p>\n\n\n\n<h3 class=\"wp-block-heading\">El estado de las obras y su valor<\/h3>\n\n\n\n<p>De las cientos de obras que Kahlo produjo en vida, solo cuatro forman parte del patrimonio p\u00fablico mexicano, lo que explica la relevancia simb\u00f3lica de la colecci\u00f3n -valorada en cientos de millones de d\u00f3lares-, as\u00ed como el rechazo de los mexicanos a que salga del pa\u00eds.<\/p>\n\n\n\n<p>Adem\u00e1s,&nbsp;<strong>Alfredo Narv\u00e1ez<\/strong>, doctor en Antropolog\u00eda Social, advirti\u00f3 que los pigmentos que utilizaba Kahlo \u201cson muy fr\u00e1giles\u201d y que su traslado podr\u00eda derivar en un \u201cserio problema\u201d para las piezas.<\/p>\n\n\n\n<p>Por ello, el movimiento exige al Gobierno que \u201cse den a conocer p\u00fablicamente\u201d los dict\u00e1menes t\u00e9cnicos realizados por el Inbal sobre \u201cel estado en el que se encuentran las 30 obras\u201d, para determinar si est\u00e1n en condiciones de viajar a Espa\u00f1a y si podr\u00e1n regresar a M\u00e9xico en 2028.<\/p>\n\n\n\n<p>\u201cEl Inbal est\u00e1 obligado, antes de emitir un permiso de salida -y m\u00e1xime que ya hay un acuerdo firmado-, a publicar el dictamen t\u00e9cnico, pues en el convenio se advierte de posibles riesgos en el traslado\u201d, se\u00f1al\u00f3 Lara.<\/p>\n\n\n\n<p>Para los especialistas, este dictamen t\u00e9cnico es el mecanismo con el que la ciudadan\u00eda podr\u00e1 ejercer presi\u00f3n y comprobar lo se\u00f1alado por Sheinbaum y Santander: que se va a \u201ccumplir con la legislaci\u00f3n mexicana\u201d, a la vez que se \u201cdefender\u00e1 el patrimonio art\u00edstico\u201d nacional.<\/p>\n\n\n\n<p>Lara reiter\u00f3 que, si el Gobierno no compra la colecci\u00f3n, la declaratoria de las piezas es el \u00fanico mecanismo con el que cuenta el Estado para limitar la propiedad de los due\u00f1os que, aunque no constituye una expropiaci\u00f3n, \u201cs\u00ed impone la regla de no sacarlas del pa\u00eds por un tiempo determinado\u201d, lo que tambi\u00e9n dispara el valor de las piezas en el mercado.<\/p>\n\n\n\n<p>El movimiento tambi\u00e9n demanda la informaci\u00f3n hist\u00f3rica y jur\u00eddica de la colecci\u00f3n, pues investigaciones apuntan a que uno de los deseos testamentarios de la original propietaria Natasha Gelman, fallecida en 1998, era que esta permaneciera en M\u00e9xico.<\/p>\n\n\n\n<figure class=\"wp-block-image size-large\"><img loading=\"lazy\" decoding=\"async\" width=\"1024\" height=\"683\" src=\"https:\/\/elregionaldigital.info\/wp-content\/uploads\/2026\/04\/image-3-1024x683.png\" alt=\"\" class=\"wp-image-6544\" srcset=\"https:\/\/elregionaldigital.info\/wp-content\/uploads\/2026\/04\/image-3-1024x683.png 1024w, https:\/\/elregionaldigital.info\/wp-content\/uploads\/2026\/04\/image-3-300x200.png 300w, https:\/\/elregionaldigital.info\/wp-content\/uploads\/2026\/04\/image-3-768x512.png 768w, https:\/\/elregionaldigital.info\/wp-content\/uploads\/2026\/04\/image-3-1536x1024.png 1536w, https:\/\/elregionaldigital.info\/wp-content\/uploads\/2026\/04\/image-3.png 1920w\" sizes=\"auto, (max-width: 1024px) 100vw, 1024px\" \/><\/figure>\n","protected":false},"excerpt":{"rendered":"<p>abril 13, 2026 La&nbsp;salida&nbsp;de la&nbsp;Colecci\u00f3n Gelman&nbsp;de M\u00e9xico hacia&nbsp;Espa\u00f1a&nbsp;ha pasado de titulares period\u00edsticos a&nbsp;protestas&nbsp;lideradas por el&nbsp;gremio art\u00edstico mexicano, un malestar sobre el que ha hablado la presidenta,&nbsp;Claudia Sheinbaum, al destacar su gran valor simb\u00f3lico -con obras de Frida Kahlo y Diego Rivera- para que permanezca en el pa\u00eds. La pol\u00e9mica se concentra especialmente en 30 de [&hellip;]<\/p>\n","protected":false},"author":1,"featured_media":6544,"comment_status":"open","ping_status":"open","sticky":false,"template":"","format":"standard","meta":{"footnotes":""},"categories":[5],"tags":[],"class_list":["post-6543","post","type-post","status-publish","format-standard","has-post-thumbnail","hentry","category-nacional"],"blog_post_layout_featured_media_urls":{"thumbnail":["https:\/\/elregionaldigital.info\/wp-content\/uploads\/2026\/04\/image-3-150x150.png",150,150,true],"full":["https:\/\/elregionaldigital.info\/wp-content\/uploads\/2026\/04\/image-3.png",1920,1280,false]},"categories_names":{"5":{"name":"Nacional","link":"https:\/\/elregionaldigital.info\/?cat=5"}},"tags_names":[],"comments_number":"0","wpmagazine_modules_lite_featured_media_urls":{"thumbnail":["https:\/\/elregionaldigital.info\/wp-content\/uploads\/2026\/04\/image-3-150x150.png",150,150,true],"cvmm-medium":["https:\/\/elregionaldigital.info\/wp-content\/uploads\/2026\/04\/image-3-300x300.png",300,300,true],"cvmm-medium-plus":["https:\/\/elregionaldigital.info\/wp-content\/uploads\/2026\/04\/image-3-305x207.png",305,207,true],"cvmm-portrait":["https:\/\/elregionaldigital.info\/wp-content\/uploads\/2026\/04\/image-3-400x600.png",400,600,true],"cvmm-medium-square":["https:\/\/elregionaldigital.info\/wp-content\/uploads\/2026\/04\/image-3-600x600.png",600,600,true],"cvmm-large":["https:\/\/elregionaldigital.info\/wp-content\/uploads\/2026\/04\/image-3-1024x1024.png",1024,1024,true],"cvmm-small":["https:\/\/elregionaldigital.info\/wp-content\/uploads\/2026\/04\/image-3-130x95.png",130,95,true],"full":["https:\/\/elregionaldigital.info\/wp-content\/uploads\/2026\/04\/image-3.png",1920,1280,false]},"_links":{"self":[{"href":"https:\/\/elregionaldigital.info\/index.php?rest_route=\/wp\/v2\/posts\/6543","targetHints":{"allow":["GET"]}}],"collection":[{"href":"https:\/\/elregionaldigital.info\/index.php?rest_route=\/wp\/v2\/posts"}],"about":[{"href":"https:\/\/elregionaldigital.info\/index.php?rest_route=\/wp\/v2\/types\/post"}],"author":[{"embeddable":true,"href":"https:\/\/elregionaldigital.info\/index.php?rest_route=\/wp\/v2\/users\/1"}],"replies":[{"embeddable":true,"href":"https:\/\/elregionaldigital.info\/index.php?rest_route=%2Fwp%2Fv2%2Fcomments&post=6543"}],"version-history":[{"count":1,"href":"https:\/\/elregionaldigital.info\/index.php?rest_route=\/wp\/v2\/posts\/6543\/revisions"}],"predecessor-version":[{"id":6545,"href":"https:\/\/elregionaldigital.info\/index.php?rest_route=\/wp\/v2\/posts\/6543\/revisions\/6545"}],"wp:featuredmedia":[{"embeddable":true,"href":"https:\/\/elregionaldigital.info\/index.php?rest_route=\/wp\/v2\/media\/6544"}],"wp:attachment":[{"href":"https:\/\/elregionaldigital.info\/index.php?rest_route=%2Fwp%2Fv2%2Fmedia&parent=6543"}],"wp:term":[{"taxonomy":"category","embeddable":true,"href":"https:\/\/elregionaldigital.info\/index.php?rest_route=%2Fwp%2Fv2%2Fcategories&post=6543"},{"taxonomy":"post_tag","embeddable":true,"href":"https:\/\/elregionaldigital.info\/index.php?rest_route=%2Fwp%2Fv2%2Ftags&post=6543"}],"curies":[{"name":"wp","href":"https:\/\/api.w.org\/{rel}","templated":true}]}}