{"id":6540,"date":"2026-04-15T19:45:57","date_gmt":"2026-04-15T19:45:57","guid":{"rendered":"https:\/\/elregionaldigital.info\/?p=6540"},"modified":"2026-04-24T19:48:19","modified_gmt":"2026-04-24T19:48:19","slug":"reportan-secuestro-del-director-de-agua-de-malinalco-edomex","status":"publish","type":"post","link":"https:\/\/elregionaldigital.info\/?p=6540","title":{"rendered":"Reportan secuestro del director de agua de Malinalco, Edomex"},"content":{"rendered":"\n<p>abril 15, 2026<\/p>\n\n\n\n<p>Este mi\u00e9rcoles se report\u00f3 el secuestro de&nbsp;<strong>Rogelio Poblete Zamora<\/strong>, director del&nbsp;<strong>Organismo P\u00fablico Descentralizado para la Prestaci\u00f3n de Servicios de Agua Potable<\/strong>&nbsp;en el municipio de&nbsp;<strong>Malinalco<\/strong>.<\/p>\n\n\n\n<p>De acuerdo con reportes, el funcionario municipal habr\u00eda sido inteceptado por un grupo armado cerca de su oficina.<\/p>\n\n\n\n<p>Las autoridades iniciaron operativos de b\u00fasqueda en las zonas de San Nicol\u00e1s y el Palmar de Guadalupe.<\/p>\n\n\n\n<figure class=\"wp-block-image size-large\"><img loading=\"lazy\" decoding=\"async\" width=\"1024\" height=\"631\" src=\"https:\/\/elregionaldigital.info\/wp-content\/uploads\/2026\/04\/image-2-1024x631.png\" alt=\"\" class=\"wp-image-6541\" srcset=\"https:\/\/elregionaldigital.info\/wp-content\/uploads\/2026\/04\/image-2-1024x631.png 1024w, https:\/\/elregionaldigital.info\/wp-content\/uploads\/2026\/04\/image-2-300x185.png 300w, https:\/\/elregionaldigital.info\/wp-content\/uploads\/2026\/04\/image-2-768x474.png 768w, https:\/\/elregionaldigital.info\/wp-content\/uploads\/2026\/04\/image-2.png 1200w\" sizes=\"auto, (max-width: 1024px) 100vw, 1024px\" \/><\/figure>\n\n\n\n<p><\/p>\n","protected":false},"excerpt":{"rendered":"<p>abril 15, 2026 Este mi\u00e9rcoles se report\u00f3 el secuestro de&nbsp;Rogelio Poblete Zamora, director del&nbsp;Organismo P\u00fablico Descentralizado para la Prestaci\u00f3n de Servicios de Agua Potable&nbsp;en el municipio de&nbsp;Malinalco. De acuerdo con reportes, el funcionario municipal habr\u00eda sido inteceptado por un grupo armado cerca de su oficina. Las autoridades iniciaron operativos de b\u00fasqueda en las zonas de [&hellip;]<\/p>\n","protected":false},"author":1,"featured_media":6541,"comment_status":"open","ping_status":"open","sticky":false,"template":"","format":"standard","meta":{"footnotes":""},"categories":[5],"tags":[],"class_list":["post-6540","post","type-post","status-publish","format-standard","has-post-thumbnail","hentry","category-nacional"],"blog_post_layout_featured_media_urls":{"thumbnail":["https:\/\/elregionaldigital.info\/wp-content\/uploads\/2026\/04\/image-2-150x150.png",150,150,true],"full":["https:\/\/elregionaldigital.info\/wp-content\/uploads\/2026\/04\/image-2.png",1200,740,false]},"categories_names":{"5":{"name":"Nacional","link":"https:\/\/elregionaldigital.info\/?cat=5"}},"tags_names":[],"comments_number":"0","wpmagazine_modules_lite_featured_media_urls":{"thumbnail":["https:\/\/elregionaldigital.info\/wp-content\/uploads\/2026\/04\/image-2-150x150.png",150,150,true],"cvmm-medium":["https:\/\/elregionaldigital.info\/wp-content\/uploads\/2026\/04\/image-2-300x300.png",300,300,true],"cvmm-medium-plus":["https:\/\/elregionaldigital.info\/wp-content\/uploads\/2026\/04\/image-2-305x207.png",305,207,true],"cvmm-portrait":["https:\/\/elregionaldigital.info\/wp-content\/uploads\/2026\/04\/image-2-400x600.png",400,600,true],"cvmm-medium-square":["https:\/\/elregionaldigital.info\/wp-content\/uploads\/2026\/04\/image-2-600x600.png",600,600,true],"cvmm-large":["https:\/\/elregionaldigital.info\/wp-content\/uploads\/2026\/04\/image-2-1024x740.png",1024,740,true],"cvmm-small":["https:\/\/elregionaldigital.info\/wp-content\/uploads\/2026\/04\/image-2-130x95.png",130,95,true],"full":["https:\/\/elregionaldigital.info\/wp-content\/uploads\/2026\/04\/image-2.png",1200,740,false]},"_links":{"self":[{"href":"https:\/\/elregionaldigital.info\/index.php?rest_route=\/wp\/v2\/posts\/6540","targetHints":{"allow":["GET"]}}],"collection":[{"href":"https:\/\/elregionaldigital.info\/index.php?rest_route=\/wp\/v2\/posts"}],"about":[{"href":"https:\/\/elregionaldigital.info\/index.php?rest_route=\/wp\/v2\/types\/post"}],"author":[{"embeddable":true,"href":"https:\/\/elregionaldigital.info\/index.php?rest_route=\/wp\/v2\/users\/1"}],"replies":[{"embeddable":true,"href":"https:\/\/elregionaldigital.info\/index.php?rest_route=%2Fwp%2Fv2%2Fcomments&post=6540"}],"version-history":[{"count":1,"href":"https:\/\/elregionaldigital.info\/index.php?rest_route=\/wp\/v2\/posts\/6540\/revisions"}],"predecessor-version":[{"id":6542,"href":"https:\/\/elregionaldigital.info\/index.php?rest_route=\/wp\/v2\/posts\/6540\/revisions\/6542"}],"wp:featuredmedia":[{"embeddable":true,"href":"https:\/\/elregionaldigital.info\/index.php?rest_route=\/wp\/v2\/media\/6541"}],"wp:attachment":[{"href":"https:\/\/elregionaldigital.info\/index.php?rest_route=%2Fwp%2Fv2%2Fmedia&parent=6540"}],"wp:term":[{"taxonomy":"category","embeddable":true,"href":"https:\/\/elregionaldigital.info\/index.php?rest_route=%2Fwp%2Fv2%2Fcategories&post=6540"},{"taxonomy":"post_tag","embeddable":true,"href":"https:\/\/elregionaldigital.info\/index.php?rest_route=%2Fwp%2Fv2%2Ftags&post=6540"}],"curies":[{"name":"wp","href":"https:\/\/api.w.org\/{rel}","templated":true}]}}