{"id":6537,"date":"2026-04-20T19:41:26","date_gmt":"2026-04-20T19:41:26","guid":{"rendered":"https:\/\/elregionaldigital.info\/?p=6537"},"modified":"2026-04-24T19:45:49","modified_gmt":"2026-04-24T19:45:49","slug":"carambola-en-el-circuito-exterior-mexiquense-hoy-lunes-20-de-abril-hay-10-vehiculos-involucrados","status":"publish","type":"post","link":"https:\/\/elregionaldigital.info\/?p=6537","title":{"rendered":"Carambola en el Circuito Exterior Mexiquense hoy lunes 20 de abril; hay 10 veh\u00edculos involucrados"},"content":{"rendered":"\n<p>abril 20, 2026<\/p>\n\n\n\n<p>Se registr\u00f3 una\u00a0<em><strong>carambola<\/strong><\/em>\u00a0en el<strong>\u00a0Circuito Exterior Mexiquense<\/strong>\u00a0la ma\u00f1ana del lunes 20 de abril de 2026.<\/p>\n\n\n\n<p>Dicho percance ocurri\u00f3 a la altura\u00a0<strong>del kil\u00f3metro 37<\/strong>, entre las zonas de Los H\u00e9roes Tec\u00e1mac y la caseta de Las Am\u00e9ricas.<\/p>\n\n\n\n<p>Testigos de los hechos detallaron que un tr\u00e1iler embisti\u00f3 a unos siete veh\u00edculos particulares y dos unidades de transporte p\u00fablico, lo que oblig\u00f3 a una fuerte movilizaci\u00f3n de corporaciones policiacas y servicios de emergencia.<\/p>\n\n\n\n<p>La\u00a0<strong>Direcci\u00f3n General de Seguridad Ciudadana\u00a0y Tr\u00e1nsito Municipal de Ecatepec<\/strong>\u00a0confirm\u00f3 en redes sociales el cierre del Circuito Exterior Mexiquense pidi\u00f3 a los automovilistas considerar rutas alternas, ya que la remoci\u00f3n de veh\u00edculos y las investigaciones del\u00a0<strong>Ministerio P\u00fablico<\/strong>\u00a0podr\u00edan prolongarse varias horas.<\/p>\n\n\n\n<p>\u201cSe encuentra cerrada esta vialidad, donde laboran cuerpos de emergencia para el traslado de lesionados\u201d, destac\u00f3 la dependencia municipal por medio de un mensaje en su cuenta de Facebook.<\/p>\n\n\n\n<p>\u201cSe recomienda a los automovilistas tomar rutas alternas y extremar precauciones\u201d, puntualiz\u00f3.<\/p>\n\n\n\n<p>Hasta el momento, ninguna autoridad ha informado de v\u00edctimas mortales o personas heridas por este choque m\u00faltiple la ma\u00f1ana del lunes 20 de abril.<\/p>\n\n\n\n<figure class=\"wp-block-image size-large\"><img loading=\"lazy\" decoding=\"async\" width=\"1024\" height=\"683\" src=\"https:\/\/elregionaldigital.info\/wp-content\/uploads\/2026\/04\/image-1-1024x683.png\" alt=\"\" class=\"wp-image-6538\" srcset=\"https:\/\/elregionaldigital.info\/wp-content\/uploads\/2026\/04\/image-1-1024x683.png 1024w, https:\/\/elregionaldigital.info\/wp-content\/uploads\/2026\/04\/image-1-300x200.png 300w, https:\/\/elregionaldigital.info\/wp-content\/uploads\/2026\/04\/image-1-768x512.png 768w, https:\/\/elregionaldigital.info\/wp-content\/uploads\/2026\/04\/image-1-1536x1024.png 1536w, https:\/\/elregionaldigital.info\/wp-content\/uploads\/2026\/04\/image-1.png 1920w\" sizes=\"auto, (max-width: 1024px) 100vw, 1024px\" \/><\/figure>\n","protected":false},"excerpt":{"rendered":"<p>abril 20, 2026 Se registr\u00f3 una\u00a0carambola\u00a0en el\u00a0Circuito Exterior Mexiquense\u00a0la ma\u00f1ana del lunes 20 de abril de 2026. Dicho percance ocurri\u00f3 a la altura\u00a0del kil\u00f3metro 37, entre las zonas de Los H\u00e9roes Tec\u00e1mac y la caseta de Las Am\u00e9ricas. Testigos de los hechos detallaron que un tr\u00e1iler embisti\u00f3 a unos siete veh\u00edculos particulares y dos unidades [&hellip;]<\/p>\n","protected":false},"author":1,"featured_media":6538,"comment_status":"open","ping_status":"open","sticky":false,"template":"","format":"standard","meta":{"footnotes":""},"categories":[5],"tags":[],"class_list":["post-6537","post","type-post","status-publish","format-standard","has-post-thumbnail","hentry","category-nacional"],"blog_post_layout_featured_media_urls":{"thumbnail":["https:\/\/elregionaldigital.info\/wp-content\/uploads\/2026\/04\/image-1-150x150.png",150,150,true],"full":["https:\/\/elregionaldigital.info\/wp-content\/uploads\/2026\/04\/image-1.png",1920,1280,false]},"categories_names":{"5":{"name":"Nacional","link":"https:\/\/elregionaldigital.info\/?cat=5"}},"tags_names":[],"comments_number":"0","wpmagazine_modules_lite_featured_media_urls":{"thumbnail":["https:\/\/elregionaldigital.info\/wp-content\/uploads\/2026\/04\/image-1-150x150.png",150,150,true],"cvmm-medium":["https:\/\/elregionaldigital.info\/wp-content\/uploads\/2026\/04\/image-1-300x300.png",300,300,true],"cvmm-medium-plus":["https:\/\/elregionaldigital.info\/wp-content\/uploads\/2026\/04\/image-1-305x207.png",305,207,true],"cvmm-portrait":["https:\/\/elregionaldigital.info\/wp-content\/uploads\/2026\/04\/image-1-400x600.png",400,600,true],"cvmm-medium-square":["https:\/\/elregionaldigital.info\/wp-content\/uploads\/2026\/04\/image-1-600x600.png",600,600,true],"cvmm-large":["https:\/\/elregionaldigital.info\/wp-content\/uploads\/2026\/04\/image-1-1024x1024.png",1024,1024,true],"cvmm-small":["https:\/\/elregionaldigital.info\/wp-content\/uploads\/2026\/04\/image-1-130x95.png",130,95,true],"full":["https:\/\/elregionaldigital.info\/wp-content\/uploads\/2026\/04\/image-1.png",1920,1280,false]},"_links":{"self":[{"href":"https:\/\/elregionaldigital.info\/index.php?rest_route=\/wp\/v2\/posts\/6537","targetHints":{"allow":["GET"]}}],"collection":[{"href":"https:\/\/elregionaldigital.info\/index.php?rest_route=\/wp\/v2\/posts"}],"about":[{"href":"https:\/\/elregionaldigital.info\/index.php?rest_route=\/wp\/v2\/types\/post"}],"author":[{"embeddable":true,"href":"https:\/\/elregionaldigital.info\/index.php?rest_route=\/wp\/v2\/users\/1"}],"replies":[{"embeddable":true,"href":"https:\/\/elregionaldigital.info\/index.php?rest_route=%2Fwp%2Fv2%2Fcomments&post=6537"}],"version-history":[{"count":1,"href":"https:\/\/elregionaldigital.info\/index.php?rest_route=\/wp\/v2\/posts\/6537\/revisions"}],"predecessor-version":[{"id":6539,"href":"https:\/\/elregionaldigital.info\/index.php?rest_route=\/wp\/v2\/posts\/6537\/revisions\/6539"}],"wp:featuredmedia":[{"embeddable":true,"href":"https:\/\/elregionaldigital.info\/index.php?rest_route=\/wp\/v2\/media\/6538"}],"wp:attachment":[{"href":"https:\/\/elregionaldigital.info\/index.php?rest_route=%2Fwp%2Fv2%2Fmedia&parent=6537"}],"wp:term":[{"taxonomy":"category","embeddable":true,"href":"https:\/\/elregionaldigital.info\/index.php?rest_route=%2Fwp%2Fv2%2Fcategories&post=6537"},{"taxonomy":"post_tag","embeddable":true,"href":"https:\/\/elregionaldigital.info\/index.php?rest_route=%2Fwp%2Fv2%2Ftags&post=6537"}],"curies":[{"name":"wp","href":"https:\/\/api.w.org\/{rel}","templated":true}]}}