{"id":6534,"date":"2026-04-24T19:41:19","date_gmt":"2026-04-24T19:41:19","guid":{"rendered":"https:\/\/elregionaldigital.info\/?p=6534"},"modified":"2026-04-24T19:41:20","modified_gmt":"2026-04-24T19:41:20","slug":"chihuahua-manifiesta-disposicion-y-apertura-en-investigacion-por-muerte-de-agentes-de-ee-uu","status":"publish","type":"post","link":"https:\/\/elregionaldigital.info\/?p=6534","title":{"rendered":"Chihuahua manifiesta disposici\u00f3n y apertura en investigaci\u00f3n por muerte de agentes de EE.UU."},"content":{"rendered":"\n<p>abril 24, 2026<\/p>\n\n\n\n<p>El Gobierno de&nbsp;<strong>Chihuahua<\/strong>&nbsp;manifest\u00f3&nbsp;<strong>disposici\u00f3n<\/strong>&nbsp;y&nbsp;<strong>apertura<\/strong>&nbsp;respecto de la&nbsp;<strong>investigaci\u00f3n<\/strong>&nbsp;por la&nbsp;<strong>muerte<\/strong>&nbsp;de&nbsp;<strong>dos oficiales instructores<\/strong>&nbsp;de&nbsp;<strong>Estados<\/strong>&nbsp;<strong>Unidos<\/strong>.<\/p>\n\n\n\n<p>Mediante un comunicado, la&nbsp;<strong>gobernadora Maru Campos<\/strong>&nbsp;confirm\u00f3 una&nbsp;<strong>reuni\u00f3n<\/strong>&nbsp;con el secretar\u00eda de Seguridad y Protecci\u00f3n Ciudadana,&nbsp;<strong>Omar Garc\u00eda Harfuch<\/strong>.<\/p>\n\n\n\n<p>Detall\u00f3 que en la cita se comparti\u00f3 el estado de las\u00a0<strong>investigaciones<\/strong>\u00a0realizadas hasta ahora sobre el<strong>\u00a0accidente carreter<\/strong>o que los\u00a0<strong>agentes extranjeros<\/strong>\u00a0sufrieron en compa\u00f1\u00eda de dos\u00a0<strong>elementos<\/strong>\u00a0de la\u00a0<strong>Agencia Estatal de Investigaciones<\/strong>, mismos que\u00a0tambi\u00e9n murieron.<\/p>\n\n\n\n<p>La gobernadora Maru Campos reiter\u00f3 su disposici\u00f3n a mantener una comunicaci\u00f3n constante con el Gobierno federal sobre el desarrollo de los procesos al respecto.<\/p>\n\n\n\n<blockquote class=\"wp-block-quote is-layout-flow wp-block-quote-is-layout-flow\">\n<p>Chihuahua reitera que el di\u00e1logo y el trabajo conjunto con el Gobierno de la Rep\u00fablica nos permitir\u00e1n garantizar la paz y el Estado de Derecho en nuestro pa\u00eds\u201d, dijo la mandataria estatal.<\/p>\n<\/blockquote>\n\n\n\n<p>Asimismo, Campos expres\u00f3 total coincidencia con la presidenta Claudia Sheinbaum sobre que los gobiernos deben trabajar juntos por la seguridad de las familias y la integridad soberana del pa\u00eds.<\/p>\n\n\n\n<p>Sostuvo que dicha disposici\u00f3n es&nbsp;<strong>indeclinable<\/strong>&nbsp;para el Gobierno de Chihuahua, toda vez que la colaboraci\u00f3n con autoridades federales ha contribuido a disminuir la violencia y el da\u00f1o del crimen organizado.<\/p>\n\n\n\n<blockquote class=\"wp-block-quote is-layout-flow wp-block-quote-is-layout-flow\">\n<p>Mejorar los canales de comunicaci\u00f3n es el camino correcto para obtener mejores resultados\u201d, refiri\u00f3 la gobernadora.<\/p>\n<\/blockquote>\n\n\n\n<p>El pronunciamiento del Gobierno de Chihuahua llega un d\u00eda despu\u00e9s de que la&nbsp;<strong>presidenta Claudia Sheinbaum<\/strong>&nbsp;informara que&nbsp;<strong>busc\u00f3<\/strong>&nbsp;a la&nbsp;<strong>gobernadora Maru Campos<\/strong>&nbsp;para hablar sobre lo ocurrido a los oficiales instructores de EE.UU. sin obtener respuesta.<\/p>\n\n\n\n<p>Sheinbaum Pardo detall\u00f3 que&nbsp;<strong>llam\u00f3 por tel\u00e9fono<\/strong>&nbsp;a Campos, pero que esta \u201cno estaba en su oficina\u201d.<\/p>\n\n\n\n<p>Durante la Ma\u00f1anera del Pueblo, la presidenta indic\u00f3 que se investigar\u00eda si&nbsp;<strong>Chihuahua<\/strong>&nbsp;permiti\u00f3 la&nbsp;<strong>actuaci\u00f3n<\/strong>&nbsp;de&nbsp;<strong>agentes<\/strong>&nbsp;<strong>extranjeros<\/strong>, lo que implicar\u00eda una violaci\u00f3n a la Ley de Seguridad Nacional.<\/p>\n\n\n\n<figure class=\"wp-block-image size-large\"><img loading=\"lazy\" decoding=\"async\" width=\"1024\" height=\"631\" src=\"https:\/\/elregionaldigital.info\/wp-content\/uploads\/2026\/04\/image-1024x631.png\" alt=\"\" class=\"wp-image-6535\" srcset=\"https:\/\/elregionaldigital.info\/wp-content\/uploads\/2026\/04\/image-1024x631.png 1024w, https:\/\/elregionaldigital.info\/wp-content\/uploads\/2026\/04\/image-300x185.png 300w, https:\/\/elregionaldigital.info\/wp-content\/uploads\/2026\/04\/image-768x474.png 768w, https:\/\/elregionaldigital.info\/wp-content\/uploads\/2026\/04\/image.png 1200w\" sizes=\"auto, (max-width: 1024px) 100vw, 1024px\" \/><\/figure>\n","protected":false},"excerpt":{"rendered":"<p>abril 24, 2026 El Gobierno de&nbsp;Chihuahua&nbsp;manifest\u00f3&nbsp;disposici\u00f3n&nbsp;y&nbsp;apertura&nbsp;respecto de la&nbsp;investigaci\u00f3n&nbsp;por la&nbsp;muerte&nbsp;de&nbsp;dos oficiales instructores&nbsp;de&nbsp;Estados&nbsp;Unidos. Mediante un comunicado, la&nbsp;gobernadora Maru Campos&nbsp;confirm\u00f3 una&nbsp;reuni\u00f3n&nbsp;con el secretar\u00eda de Seguridad y Protecci\u00f3n Ciudadana,&nbsp;Omar Garc\u00eda Harfuch. Detall\u00f3 que en la cita se comparti\u00f3 el estado de las\u00a0investigaciones\u00a0realizadas hasta ahora sobre el\u00a0accidente carretero que los\u00a0agentes extranjeros\u00a0sufrieron en compa\u00f1\u00eda de dos\u00a0elementos\u00a0de la\u00a0Agencia Estatal de Investigaciones, mismos [&hellip;]<\/p>\n","protected":false},"author":1,"featured_media":6535,"comment_status":"open","ping_status":"open","sticky":false,"template":"","format":"standard","meta":{"footnotes":""},"categories":[5],"tags":[],"class_list":["post-6534","post","type-post","status-publish","format-standard","has-post-thumbnail","hentry","category-nacional"],"blog_post_layout_featured_media_urls":{"thumbnail":["https:\/\/elregionaldigital.info\/wp-content\/uploads\/2026\/04\/image-150x150.png",150,150,true],"full":["https:\/\/elregionaldigital.info\/wp-content\/uploads\/2026\/04\/image.png",1200,740,false]},"categories_names":{"5":{"name":"Nacional","link":"https:\/\/elregionaldigital.info\/?cat=5"}},"tags_names":[],"comments_number":"0","wpmagazine_modules_lite_featured_media_urls":{"thumbnail":["https:\/\/elregionaldigital.info\/wp-content\/uploads\/2026\/04\/image-150x150.png",150,150,true],"cvmm-medium":["https:\/\/elregionaldigital.info\/wp-content\/uploads\/2026\/04\/image-300x300.png",300,300,true],"cvmm-medium-plus":["https:\/\/elregionaldigital.info\/wp-content\/uploads\/2026\/04\/image-305x207.png",305,207,true],"cvmm-portrait":["https:\/\/elregionaldigital.info\/wp-content\/uploads\/2026\/04\/image-400x600.png",400,600,true],"cvmm-medium-square":["https:\/\/elregionaldigital.info\/wp-content\/uploads\/2026\/04\/image-600x600.png",600,600,true],"cvmm-large":["https:\/\/elregionaldigital.info\/wp-content\/uploads\/2026\/04\/image-1024x740.png",1024,740,true],"cvmm-small":["https:\/\/elregionaldigital.info\/wp-content\/uploads\/2026\/04\/image-130x95.png",130,95,true],"full":["https:\/\/elregionaldigital.info\/wp-content\/uploads\/2026\/04\/image.png",1200,740,false]},"_links":{"self":[{"href":"https:\/\/elregionaldigital.info\/index.php?rest_route=\/wp\/v2\/posts\/6534","targetHints":{"allow":["GET"]}}],"collection":[{"href":"https:\/\/elregionaldigital.info\/index.php?rest_route=\/wp\/v2\/posts"}],"about":[{"href":"https:\/\/elregionaldigital.info\/index.php?rest_route=\/wp\/v2\/types\/post"}],"author":[{"embeddable":true,"href":"https:\/\/elregionaldigital.info\/index.php?rest_route=\/wp\/v2\/users\/1"}],"replies":[{"embeddable":true,"href":"https:\/\/elregionaldigital.info\/index.php?rest_route=%2Fwp%2Fv2%2Fcomments&post=6534"}],"version-history":[{"count":1,"href":"https:\/\/elregionaldigital.info\/index.php?rest_route=\/wp\/v2\/posts\/6534\/revisions"}],"predecessor-version":[{"id":6536,"href":"https:\/\/elregionaldigital.info\/index.php?rest_route=\/wp\/v2\/posts\/6534\/revisions\/6536"}],"wp:featuredmedia":[{"embeddable":true,"href":"https:\/\/elregionaldigital.info\/index.php?rest_route=\/wp\/v2\/media\/6535"}],"wp:attachment":[{"href":"https:\/\/elregionaldigital.info\/index.php?rest_route=%2Fwp%2Fv2%2Fmedia&parent=6534"}],"wp:term":[{"taxonomy":"category","embeddable":true,"href":"https:\/\/elregionaldigital.info\/index.php?rest_route=%2Fwp%2Fv2%2Fcategories&post=6534"},{"taxonomy":"post_tag","embeddable":true,"href":"https:\/\/elregionaldigital.info\/index.php?rest_route=%2Fwp%2Fv2%2Ftags&post=6534"}],"curies":[{"name":"wp","href":"https:\/\/api.w.org\/{rel}","templated":true}]}}