{"id":6525,"date":"2026-04-21T15:17:27","date_gmt":"2026-04-21T15:17:27","guid":{"rendered":"https:\/\/elregionaldigital.info\/?p=6525"},"modified":"2026-04-22T15:18:13","modified_gmt":"2026-04-22T15:18:13","slug":"la-uat-sera-sede-del-congreso-nacional-e-internacional-de-trabajo-social","status":"publish","type":"post","link":"https:\/\/elregionaldigital.info\/?p=6525","title":{"rendered":"La UAT ser\u00e1 sede del Congreso Nacional e Internacional de Trabajo Social"},"content":{"rendered":"\n<p>Ciudad Victoria, Tam.; 21 de abril de 2026.<\/p>\n\n\n\n<p>Con el fin de analizar los desaf\u00edos sociales contempor\u00e1neos y proponer soluciones innovadoras, la<br>Universidad Aut\u00f3noma de Tamaulipas (UAT) ser\u00e1 sede del LXIII Congreso Nacional y XIII<br>Internacional de Trabajo Social, que se llevar\u00e1 a cabo del 7 al 9 de mayo de 2026 en el Campus<br>Victoria.<br>La Dra. Blanca Guadalupe Cid de Le\u00f3n Bujanos, directora de la Unidad Acad\u00e9mica de Trabajo Social<br>y Ciencias para el Desarrollo Humano (UATSCDH), inform\u00f3 que este encuentro se organiza con el<br>respaldo del rector de la UAT, D\u00e1maso Anaya Alvarado y la colaboraci\u00f3n de la Asociaci\u00f3n Mexicana<br>de Escuelas de Trabajo Social (AMIETS).<br>Indic\u00f3 que, bajo el lema \u201cDerechos Sociales, Bienestar y Buen Vivir\u201d, el evento busca fortalecer el<br>impacto de la profesi\u00f3n en la reconstrucci\u00f3n del tejido social, donde se contar\u00e1 con la<br>participaci\u00f3n de especialistas nacionales e internacionales.<br>En ese contexto, destac\u00f3 la importancia de profundizar en las necesidades y las problem\u00e1ticas<br>principales de la sociedad \u201cpara poder contribuir a que el tejido social realmente sea impactado,<br>con lo que nosotros tenemos como parte de la formaci\u00f3n acad\u00e9mica\u201d, se\u00f1al\u00f3.<br>Explic\u00f3 que esta disciplina ha evolucionado de manera importante con el paso de los a\u00f1os, y<br>recalc\u00f3 la trascendencia de impulsar estos congresos acad\u00e9micos y de investigaci\u00f3n para<br>involucrar a los futuros profesionales en las nuevas tendencias, as\u00ed como con el estudio y<br>estrategias que ser\u00e1n claves para afrontar las problem\u00e1ticas que afectan a la sociedad.<br>La directora Blanca Guadalupe Cid de Le\u00f3n inform\u00f3 que se ha convocado la participaci\u00f3n de<br>especialistas, acad\u00e9micos y profesionales del trabajo social y otras \u00e1reas, con la finalidad de crear<br>un espacio para el intercambio de experiencias que enriquecer\u00e1n la formaci\u00f3n universitaria del<br>alumnado.<br>Indic\u00f3 que, en referencia a las tem\u00e1ticas de este encuentro, la instituci\u00f3n ha venido trabajando de<br>manera permanente con otras facultades de diferentes universidades del pa\u00eds, adem\u00e1s de publicar<br>libros y otros productos acad\u00e9micos que se estar\u00e1n exponiendo durante los eventos.<br>Finalmente, agradeci\u00f3 al rector D\u00e1maso Anaya por su apoyo incondicional, su respaldo y el<br>compromiso para que se lleve este importante encuentro acad\u00e9mico que, sin duda, contribuir\u00e1 al<br>fortalecimiento de la formaci\u00f3n profesional y el impulso del trabajo social en Tamaulipas y M\u00e9xico.<\/p>\n\n\n\n<figure class=\"wp-block-image\"><img decoding=\"async\" src=\"https:\/\/diarioelcuerudo.info\/wp-content\/uploads\/2026\/04\/3-28-1024x682.jpeg\" alt=\"\" class=\"wp-image-5573\"\/><\/figure>\n","protected":false},"excerpt":{"rendered":"<p>Ciudad Victoria, Tam.; 21 de abril de 2026. Con el fin de analizar los desaf\u00edos sociales contempor\u00e1neos y proponer soluciones innovadoras, laUniversidad Aut\u00f3noma de Tamaulipas (UAT) ser\u00e1 sede del LXIII Congreso Nacional y XIIIInternacional de Trabajo Social, que se llevar\u00e1 a cabo del 7 al 9 de mayo de 2026 en el CampusVictoria.La Dra. Blanca [&hellip;]<\/p>\n","protected":false},"author":1,"featured_media":6526,"comment_status":"open","ping_status":"open","sticky":false,"template":"","format":"standard","meta":{"footnotes":""},"categories":[4],"tags":[],"class_list":["post-6525","post","type-post","status-publish","format-standard","has-post-thumbnail","hentry","category-universidades"],"blog_post_layout_featured_media_urls":{"thumbnail":["https:\/\/elregionaldigital.info\/wp-content\/uploads\/2026\/04\/3-28-150x150.jpeg",150,150,true],"full":["https:\/\/elregionaldigital.info\/wp-content\/uploads\/2026\/04\/3-28.jpeg",1600,1066,false]},"categories_names":{"4":{"name":"Universidades","link":"https:\/\/elregionaldigital.info\/?cat=4"}},"tags_names":[],"comments_number":"0","wpmagazine_modules_lite_featured_media_urls":{"thumbnail":["https:\/\/elregionaldigital.info\/wp-content\/uploads\/2026\/04\/3-28-150x150.jpeg",150,150,true],"cvmm-medium":["https:\/\/elregionaldigital.info\/wp-content\/uploads\/2026\/04\/3-28-300x300.jpeg",300,300,true],"cvmm-medium-plus":["https:\/\/elregionaldigital.info\/wp-content\/uploads\/2026\/04\/3-28-305x207.jpeg",305,207,true],"cvmm-portrait":["https:\/\/elregionaldigital.info\/wp-content\/uploads\/2026\/04\/3-28-400x600.jpeg",400,600,true],"cvmm-medium-square":["https:\/\/elregionaldigital.info\/wp-content\/uploads\/2026\/04\/3-28-600x600.jpeg",600,600,true],"cvmm-large":["https:\/\/elregionaldigital.info\/wp-content\/uploads\/2026\/04\/3-28-1024x1024.jpeg",1024,1024,true],"cvmm-small":["https:\/\/elregionaldigital.info\/wp-content\/uploads\/2026\/04\/3-28-130x95.jpeg",130,95,true],"full":["https:\/\/elregionaldigital.info\/wp-content\/uploads\/2026\/04\/3-28.jpeg",1600,1066,false]},"_links":{"self":[{"href":"https:\/\/elregionaldigital.info\/index.php?rest_route=\/wp\/v2\/posts\/6525","targetHints":{"allow":["GET"]}}],"collection":[{"href":"https:\/\/elregionaldigital.info\/index.php?rest_route=\/wp\/v2\/posts"}],"about":[{"href":"https:\/\/elregionaldigital.info\/index.php?rest_route=\/wp\/v2\/types\/post"}],"author":[{"embeddable":true,"href":"https:\/\/elregionaldigital.info\/index.php?rest_route=\/wp\/v2\/users\/1"}],"replies":[{"embeddable":true,"href":"https:\/\/elregionaldigital.info\/index.php?rest_route=%2Fwp%2Fv2%2Fcomments&post=6525"}],"version-history":[{"count":1,"href":"https:\/\/elregionaldigital.info\/index.php?rest_route=\/wp\/v2\/posts\/6525\/revisions"}],"predecessor-version":[{"id":6527,"href":"https:\/\/elregionaldigital.info\/index.php?rest_route=\/wp\/v2\/posts\/6525\/revisions\/6527"}],"wp:featuredmedia":[{"embeddable":true,"href":"https:\/\/elregionaldigital.info\/index.php?rest_route=\/wp\/v2\/media\/6526"}],"wp:attachment":[{"href":"https:\/\/elregionaldigital.info\/index.php?rest_route=%2Fwp%2Fv2%2Fmedia&parent=6525"}],"wp:term":[{"taxonomy":"category","embeddable":true,"href":"https:\/\/elregionaldigital.info\/index.php?rest_route=%2Fwp%2Fv2%2Fcategories&post=6525"},{"taxonomy":"post_tag","embeddable":true,"href":"https:\/\/elregionaldigital.info\/index.php?rest_route=%2Fwp%2Fv2%2Ftags&post=6525"}],"curies":[{"name":"wp","href":"https:\/\/api.w.org\/{rel}","templated":true}]}}