{"id":651,"date":"2022-10-18T18:51:00","date_gmt":"2022-10-18T18:51:00","guid":{"rendered":"http:\/\/elregionaldigital.info\/?p=651"},"modified":"2022-10-20T20:34:16","modified_gmt":"2022-10-20T20:34:16","slug":"colegio-de-directores-de-la-uat-sesiona-en-la-facultad-de-medicina-matamoros","status":"publish","type":"post","link":"https:\/\/elregionaldigital.info\/?p=651","title":{"rendered":"Colegio de directores de la UAT sesiona en la Facultad de Medicina Matamoros"},"content":{"rendered":"\n<figure class=\"wp-block-image size-large\"><img loading=\"lazy\" decoding=\"async\" width=\"1024\" height=\"683\" src=\"http:\/\/elregionaldigital.info\/wp-content\/uploads\/2022\/10\/6-8-1024x683.jpg\" alt=\"\" class=\"wp-image-655\" srcset=\"https:\/\/elregionaldigital.info\/wp-content\/uploads\/2022\/10\/6-8-1024x683.jpg 1024w, https:\/\/elregionaldigital.info\/wp-content\/uploads\/2022\/10\/6-8-300x200.jpg 300w, https:\/\/elregionaldigital.info\/wp-content\/uploads\/2022\/10\/6-8-768x512.jpg 768w, https:\/\/elregionaldigital.info\/wp-content\/uploads\/2022\/10\/6-8-1536x1024.jpg 1536w, https:\/\/elregionaldigital.info\/wp-content\/uploads\/2022\/10\/6-8-2048x1365.jpg 2048w\" sizes=\"auto, (max-width: 1024px) 100vw, 1024px\" \/><\/figure>\n\n\n\n<p><em>* El rector Guillermo Mendoza presidi\u00f3 los trabajos del cuerpo colegiado, as\u00ed como las actividades que organiz\u00f3 ese plantel universitario con motivo de los 50 a\u00f1os de su fundaci\u00f3n.<\/em><\/p>\n\n\n\n<p>En el marco de las actividades para celebrar el 50 aniversario de su fundaci\u00f3n, la Facultad de Medicina e Ingenier\u00eda en Sistemas Computacionales de Matamoros (FMISCM) fue sede de la reuni\u00f3n mensual del Colegio de Directores de la Universidad Aut\u00f3noma de Tamaulipas (UAT).<\/p>\n\n\n\n<p>&nbsp;&nbsp;&nbsp;&nbsp;&nbsp;&nbsp;&nbsp;&nbsp;&nbsp;&nbsp;&nbsp; El desarrollo del programa efectuado en las instalaciones del plantel, en la ciudad de Matamoros, estuvo a cargo del C. P. Guillermo Mendoza Cavazos, quien presidi\u00f3 adem\u00e1s una serie de eventos conmemorativos acompa\u00f1ado del Mtro. Pedro Luis Mendoza M\u00fazquiz, director de la FMISCM, as\u00ed como de directoras y directores de los 26 planteles de la m\u00e1xima casa de estudios en el estado.<\/p>\n\n\n\n<p>&nbsp;&nbsp;&nbsp;&nbsp;&nbsp;&nbsp;&nbsp;&nbsp;&nbsp;&nbsp;&nbsp; En ese contexto, Mendoza Cavazos puso en marcha los trabajos de la d\u00e9cima sesi\u00f3n del cuerpo colegiado universitario, e hizo la declaratoria inaugural de los festejos por los 50 a\u00f1os de la Facultad de Medicina de Matamoros, en cuyo acto conmemorativo se rindi\u00f3 un homenaje en memoria de todo el personal m\u00e9dico que falleci\u00f3 durante la pandemia, as\u00ed como un reconocimiento a la trayectoria de docentes fundadores.<\/p>\n\n\n\n<p>&nbsp;&nbsp;&nbsp;&nbsp;&nbsp;&nbsp;&nbsp;&nbsp;&nbsp;&nbsp;&nbsp; Durante la sesi\u00f3n de directores, se abordaron temas prioritarios del gabinete rectoral relacionados a la gesti\u00f3n escolar, reforma curricular, promoci\u00f3n de profesores de horario libre, lineamientos del consejo de publicaciones, el programa de la Feria Universitaria del Libro que inicia este 24 de octubre, y la presentaci\u00f3n de indicadores de la Gira Conecta con sectores de la sociedad.<\/p>\n\n\n\n<p>Como parte del trabajo que promueve la Facultad de Medicina de Matamoros, el m\u00e1ximo directivo de la UAT firm\u00f3 convenios de colaboraci\u00f3n con la Lic. Miroslava de la Garza Luna, directora del DIF Matamoros; la Ing. Elsa Rosalinda Torres C\u00e1rdenas, presidenta de INDEX Matamoros; el Ing. Pablo Cuevas Delgado, director del Centro de Innovaci\u00f3n, Desarrollo e Investigaci\u00f3n; entre otras autoridades y organismos de esa ciudad fronteriza.<\/p>\n\n\n\n<p>De igual manera encabez\u00f3 la develaci\u00f3n de nomenclatura de edificios: Anfiteatro \u201cDr. V\u00edctor Reyes Acosta\u201d; el Centro de Simulaci\u00f3n \u201cDr. Rub\u00e9n Montalvo Montelongo\u201d; y el edificio administrativo \u201cDr. Ernesto Chanes Chanes\u201d, adem\u00e1s de una jornada de reforestaci\u00f3n en las \u00e1reas verdes de esta facultad.&nbsp;&nbsp;&nbsp;<\/p>\n\n\n\n<p>En su oportunidad, el C. P. Guillermo Mendoza Cavazos felicit\u00f3 a la comunidad universitaria de la Facultad de Medicina e Ingenier\u00eda en Sistemas Computacionales, que celebra 50 a\u00f1os de forjar profesionales al servicio de la sociedad, siendo un referente de la educaci\u00f3n superior en esta regi\u00f3n del pa\u00eds.<\/p>\n\n\n\n<p>Correspondi\u00f3 al Mtro. Pedro Luis Mendoza M\u00fazquiz brindar la bienvenida y presentar un video conmemorativo con una rese\u00f1a hist\u00f3rica del plantel universitario, en donde agradeci\u00f3 tambi\u00e9n el apoyo institucional que permite seguir trabajando en aras de brindar servicios educativos de calidad a trav\u00e9s de programas modernos e infraestructura actualizada.<\/p>\n","protected":false},"excerpt":{"rendered":"<p>* El rector Guillermo Mendoza presidi\u00f3 los trabajos del cuerpo colegiado, as\u00ed como las actividades que organiz\u00f3 ese plantel universitario con motivo de los 50 a\u00f1os de su fundaci\u00f3n. En el marco de las actividades para celebrar el 50 aniversario de su fundaci\u00f3n, la Facultad de Medicina e Ingenier\u00eda en Sistemas Computacionales de Matamoros (FMISCM) [&hellip;]<\/p>\n","protected":false},"author":1,"featured_media":655,"comment_status":"open","ping_status":"open","sticky":false,"template":"","format":"standard","meta":{"footnotes":""},"categories":[4],"tags":[],"class_list":["post-651","post","type-post","status-publish","format-standard","has-post-thumbnail","hentry","category-universidades"],"blog_post_layout_featured_media_urls":{"thumbnail":["https:\/\/elregionaldigital.info\/wp-content\/uploads\/2022\/10\/6-8-150x150.jpg",150,150,true],"full":["https:\/\/elregionaldigital.info\/wp-content\/uploads\/2022\/10\/6-8-scaled.jpg",2560,1707,false]},"categories_names":{"4":{"name":"Universidades","link":"https:\/\/elregionaldigital.info\/?cat=4"}},"tags_names":[],"comments_number":"0","wpmagazine_modules_lite_featured_media_urls":{"thumbnail":["https:\/\/elregionaldigital.info\/wp-content\/uploads\/2022\/10\/6-8-150x150.jpg",150,150,true],"cvmm-medium":["https:\/\/elregionaldigital.info\/wp-content\/uploads\/2022\/10\/6-8-300x300.jpg",300,300,true],"cvmm-medium-plus":["https:\/\/elregionaldigital.info\/wp-content\/uploads\/2022\/10\/6-8-305x207.jpg",305,207,true],"cvmm-portrait":["https:\/\/elregionaldigital.info\/wp-content\/uploads\/2022\/10\/6-8-400x600.jpg",400,600,true],"cvmm-medium-square":["https:\/\/elregionaldigital.info\/wp-content\/uploads\/2022\/10\/6-8-600x600.jpg",600,600,true],"cvmm-large":["https:\/\/elregionaldigital.info\/wp-content\/uploads\/2022\/10\/6-8-1024x1024.jpg",1024,1024,true],"cvmm-small":["https:\/\/elregionaldigital.info\/wp-content\/uploads\/2022\/10\/6-8-130x95.jpg",130,95,true],"full":["https:\/\/elregionaldigital.info\/wp-content\/uploads\/2022\/10\/6-8-scaled.jpg",2560,1707,false]},"_links":{"self":[{"href":"https:\/\/elregionaldigital.info\/index.php?rest_route=\/wp\/v2\/posts\/651","targetHints":{"allow":["GET"]}}],"collection":[{"href":"https:\/\/elregionaldigital.info\/index.php?rest_route=\/wp\/v2\/posts"}],"about":[{"href":"https:\/\/elregionaldigital.info\/index.php?rest_route=\/wp\/v2\/types\/post"}],"author":[{"embeddable":true,"href":"https:\/\/elregionaldigital.info\/index.php?rest_route=\/wp\/v2\/users\/1"}],"replies":[{"embeddable":true,"href":"https:\/\/elregionaldigital.info\/index.php?rest_route=%2Fwp%2Fv2%2Fcomments&post=651"}],"version-history":[{"count":2,"href":"https:\/\/elregionaldigital.info\/index.php?rest_route=\/wp\/v2\/posts\/651\/revisions"}],"predecessor-version":[{"id":656,"href":"https:\/\/elregionaldigital.info\/index.php?rest_route=\/wp\/v2\/posts\/651\/revisions\/656"}],"wp:featuredmedia":[{"embeddable":true,"href":"https:\/\/elregionaldigital.info\/index.php?rest_route=\/wp\/v2\/media\/655"}],"wp:attachment":[{"href":"https:\/\/elregionaldigital.info\/index.php?rest_route=%2Fwp%2Fv2%2Fmedia&parent=651"}],"wp:term":[{"taxonomy":"category","embeddable":true,"href":"https:\/\/elregionaldigital.info\/index.php?rest_route=%2Fwp%2Fv2%2Fcategories&post=651"},{"taxonomy":"post_tag","embeddable":true,"href":"https:\/\/elregionaldigital.info\/index.php?rest_route=%2Fwp%2Fv2%2Ftags&post=651"}],"curies":[{"name":"wp","href":"https:\/\/api.w.org\/{rel}","templated":true}]}}