{"id":6497,"date":"2026-04-13T18:49:48","date_gmt":"2026-04-13T18:49:48","guid":{"rendered":"https:\/\/elregionaldigital.info\/?p=6497"},"modified":"2026-04-15T18:52:09","modified_gmt":"2026-04-15T18:52:09","slug":"asume-omar-aguilar-la-direccion-de-comunicacion-y-difusion-de-la-uat","status":"publish","type":"post","link":"https:\/\/elregionaldigital.info\/?p=6497","title":{"rendered":"Asume Omar Aguilar la direcci\u00f3n de Comunicaci\u00f3n y Difusi\u00f3n de la UAT"},"content":{"rendered":"\n<p>13 de abril del 2026<\/p>\n\n\n\n<p>El rector de la Universidad Aut\u00f3noma de Tamaulipas (UAT), D\u00e1maso Anaya Alvarado, entreg\u00f3 el nombramiento como titular de la Direcci\u00f3n General de Comunicaci\u00f3n y Difusi\u00f3n al Lic. Omar Aguilar Garc\u00eda, quien se integra al equipo de trabajo de la m\u00e1xima casa de estudios del Estado.<\/p>\n\n\n\n<p>Durante el acto, el rector reafirm\u00f3 su compromiso de fortalecer la administraci\u00f3n universitaria con perfiles de experiencia, alineados a los retos actuales de la educaci\u00f3n superior.<\/p>\n\n\n\n<p>Omar Aguilar Garc\u00eda es Licenciado en Ciencias de la Comunicaci\u00f3n y Periodismo egresado de la UNAM, y tiene en proceso su grado en maestr\u00eda en Periodismo Pol\u00edtico por la Escuela de Periodismo Carlos Septi\u00e9n Garc\u00eda.<\/p>\n\n\n\n<p>Cuenta con una trayectoria de m\u00e1s de 30 a\u00f1os en medios de comunicaci\u00f3n y oficinas de Comunicaci\u00f3n Social. Ingresa a la UAT luego de desempe\u00f1arse como director de Soporte de Comunicaci\u00f3n en la Representaci\u00f3n del Gobierno de Tamaulipas en la Ciudad de M\u00e9xico.<\/p>\n\n\n\n<figure class=\"wp-block-image\"><img decoding=\"async\" src=\"https:\/\/www.uat.edu.mx\/noticias\/PublishingImages\/2026\/05\/1%20(1).jpeg\" alt=\"\"\/><\/figure>\n\n\n\n<p><\/p>\n","protected":false},"excerpt":{"rendered":"<p>13 de abril del 2026 El rector de la Universidad Aut\u00f3noma de Tamaulipas (UAT), D\u00e1maso Anaya Alvarado, entreg\u00f3 el nombramiento como titular de la Direcci\u00f3n General de Comunicaci\u00f3n y Difusi\u00f3n al Lic. Omar Aguilar Garc\u00eda, quien se integra al equipo de trabajo de la m\u00e1xima casa de estudios del Estado. Durante el acto, el rector [&hellip;]<\/p>\n","protected":false},"author":1,"featured_media":6498,"comment_status":"open","ping_status":"open","sticky":false,"template":"","format":"standard","meta":{"footnotes":""},"categories":[4],"tags":[],"class_list":["post-6497","post","type-post","status-publish","format-standard","has-post-thumbnail","hentry","category-universidades"],"blog_post_layout_featured_media_urls":{"thumbnail":["https:\/\/elregionaldigital.info\/wp-content\/uploads\/2026\/04\/13A-150x150.jpeg",150,150,true],"full":["https:\/\/elregionaldigital.info\/wp-content\/uploads\/2026\/04\/13A.jpeg",1280,853,false]},"categories_names":{"4":{"name":"Universidades","link":"https:\/\/elregionaldigital.info\/?cat=4"}},"tags_names":[],"comments_number":"0","wpmagazine_modules_lite_featured_media_urls":{"thumbnail":["https:\/\/elregionaldigital.info\/wp-content\/uploads\/2026\/04\/13A-150x150.jpeg",150,150,true],"cvmm-medium":["https:\/\/elregionaldigital.info\/wp-content\/uploads\/2026\/04\/13A-300x300.jpeg",300,300,true],"cvmm-medium-plus":["https:\/\/elregionaldigital.info\/wp-content\/uploads\/2026\/04\/13A-305x207.jpeg",305,207,true],"cvmm-portrait":["https:\/\/elregionaldigital.info\/wp-content\/uploads\/2026\/04\/13A-400x600.jpeg",400,600,true],"cvmm-medium-square":["https:\/\/elregionaldigital.info\/wp-content\/uploads\/2026\/04\/13A-600x600.jpeg",600,600,true],"cvmm-large":["https:\/\/elregionaldigital.info\/wp-content\/uploads\/2026\/04\/13A-1024x853.jpeg",1024,853,true],"cvmm-small":["https:\/\/elregionaldigital.info\/wp-content\/uploads\/2026\/04\/13A-130x95.jpeg",130,95,true],"full":["https:\/\/elregionaldigital.info\/wp-content\/uploads\/2026\/04\/13A.jpeg",1280,853,false]},"_links":{"self":[{"href":"https:\/\/elregionaldigital.info\/index.php?rest_route=\/wp\/v2\/posts\/6497","targetHints":{"allow":["GET"]}}],"collection":[{"href":"https:\/\/elregionaldigital.info\/index.php?rest_route=\/wp\/v2\/posts"}],"about":[{"href":"https:\/\/elregionaldigital.info\/index.php?rest_route=\/wp\/v2\/types\/post"}],"author":[{"embeddable":true,"href":"https:\/\/elregionaldigital.info\/index.php?rest_route=\/wp\/v2\/users\/1"}],"replies":[{"embeddable":true,"href":"https:\/\/elregionaldigital.info\/index.php?rest_route=%2Fwp%2Fv2%2Fcomments&post=6497"}],"version-history":[{"count":1,"href":"https:\/\/elregionaldigital.info\/index.php?rest_route=\/wp\/v2\/posts\/6497\/revisions"}],"predecessor-version":[{"id":6499,"href":"https:\/\/elregionaldigital.info\/index.php?rest_route=\/wp\/v2\/posts\/6497\/revisions\/6499"}],"wp:featuredmedia":[{"embeddable":true,"href":"https:\/\/elregionaldigital.info\/index.php?rest_route=\/wp\/v2\/media\/6498"}],"wp:attachment":[{"href":"https:\/\/elregionaldigital.info\/index.php?rest_route=%2Fwp%2Fv2%2Fmedia&parent=6497"}],"wp:term":[{"taxonomy":"category","embeddable":true,"href":"https:\/\/elregionaldigital.info\/index.php?rest_route=%2Fwp%2Fv2%2Fcategories&post=6497"},{"taxonomy":"post_tag","embeddable":true,"href":"https:\/\/elregionaldigital.info\/index.php?rest_route=%2Fwp%2Fv2%2Ftags&post=6497"}],"curies":[{"name":"wp","href":"https:\/\/api.w.org\/{rel}","templated":true}]}}