{"id":6426,"date":"2026-03-15T18:05:19","date_gmt":"2026-03-15T18:05:19","guid":{"rendered":"https:\/\/elregionaldigital.info\/?p=6426"},"modified":"2026-03-20T18:07:49","modified_gmt":"2026-03-20T18:07:49","slug":"murio-phil-campbell-guitarrista-de-motorhead","status":"publish","type":"post","link":"https:\/\/elregionaldigital.info\/?p=6426","title":{"rendered":"Muri\u00f3 Phil Campbell, guitarrista de Mot\u00f6rhead"},"content":{"rendered":"\n<p>marzo 15, 2026<\/p>\n\n\n\n<p>El&nbsp;<strong>guitarrista<\/strong>&nbsp;de la banda brit\u00e1nica de hard rock&nbsp;<strong>Mot\u00f6rhead<\/strong>,&nbsp;<strong>Phil<\/strong>&nbsp;<strong>Campbell<\/strong>,&nbsp;<strong>muri\u00f3&nbsp;<\/strong>a los 64 a\u00f1os tras \u201cuna larga y valiente lucha en cuidados intensivos despu\u00e9s de una&nbsp;<strong>compleja operaci\u00f3n<\/strong>&nbsp;<strong>mayor<\/strong>\u201c, confirmaron su familia y el grupo.<\/p>\n\n\n\n<p>\u201cCon profundo pesar, debemos informar que Philip Anthony Campbell ha fallecido\u201d, escribi\u00f3 Mot\u00f6rhead en sus perfiles de redes sociales, acompa\u00f1ado de una fotograf\u00eda en blanco y negro del m\u00fasico y un emotivo texto.<\/p>\n\n\n\n<p>\u201cPhil fue un maravilloso guitarrista, escritor, int\u00e9rprete y m\u00fasico, que tuvo a Mot\u00f6rhead en sus venas. Siempre destac\u00f3 por su talento con la guitarra, pero sobre todo, por su coraz\u00f3n. No pod\u00edas estar a su lado sin esbozar una sonrisa o veinte, porque, simplemente, Phil amaba vivir y la vivi\u00f3 con gran alegria\u201d, agreg\u00f3 la banda londinense.<\/p>\n\n\n\n<p><strong>Campbell<\/strong>&nbsp;se uni\u00f3 a&nbsp;<strong>Mot\u00f6rhead<\/strong>&nbsp;en 1984, por lo que no fue uno de los miembros fundadores, pero estuvo en sus filas durante 31 a\u00f1os, hasta 2015, cuando el grupo se disolvi\u00f3 tras la muerte de su vocalista Lemmy Kilmister.<\/p>\n\n\n\n<p>Despu\u00e9s, Campbell form\u00f3 su propia banda \u201c<strong>Phil Campbell and The Bastard Sons<\/strong>\u201c, con sus tres hijos, con los que sigui\u00f3 girando durante a\u00f1os y recientemente ofreci\u00f3 un concierto en su ciudad natal de Pontypridd, en Gales, con el cartel de \u201cno hay entradas\u201d.<\/p>\n\n\n\n<p>\u201cEl mundo acaba de perder un enorme rayo de luz y estamos devastados\u201d, concluy\u00f3 Mot\u00f6rhead en su publicaci\u00f3n.<\/p>\n\n\n\n<p>La banda Mot\u00f6rhead, fundada en 1975 en Londres, tuvo su auge principal a principios de los a\u00f1os 80, con \u00e1lbumes como \u2018Ace of Spades\u2019 o \u2018No Sleep \u00b4til Hammersmith\u2019 llegando a los primeros puestos de las listas de \u00e9xitos brit\u00e1nicas.<\/p>\n\n\n\n<figure class=\"wp-block-image size-large\"><img loading=\"lazy\" decoding=\"async\" width=\"1024\" height=\"631\" src=\"https:\/\/elregionaldigital.info\/wp-content\/uploads\/2026\/03\/image-11-1024x631.png\" alt=\"\" class=\"wp-image-6427\" srcset=\"https:\/\/elregionaldigital.info\/wp-content\/uploads\/2026\/03\/image-11-1024x631.png 1024w, https:\/\/elregionaldigital.info\/wp-content\/uploads\/2026\/03\/image-11-300x185.png 300w, https:\/\/elregionaldigital.info\/wp-content\/uploads\/2026\/03\/image-11-768x474.png 768w, https:\/\/elregionaldigital.info\/wp-content\/uploads\/2026\/03\/image-11.png 1200w\" sizes=\"auto, (max-width: 1024px) 100vw, 1024px\" \/><\/figure>\n","protected":false},"excerpt":{"rendered":"<p>marzo 15, 2026 El&nbsp;guitarrista&nbsp;de la banda brit\u00e1nica de hard rock&nbsp;Mot\u00f6rhead,&nbsp;Phil&nbsp;Campbell,&nbsp;muri\u00f3&nbsp;a los 64 a\u00f1os tras \u201cuna larga y valiente lucha en cuidados intensivos despu\u00e9s de una&nbsp;compleja operaci\u00f3n&nbsp;mayor\u201c, confirmaron su familia y el grupo. \u201cCon profundo pesar, debemos informar que Philip Anthony Campbell ha fallecido\u201d, escribi\u00f3 Mot\u00f6rhead en sus perfiles de redes sociales, acompa\u00f1ado de una fotograf\u00eda [&hellip;]<\/p>\n","protected":false},"author":1,"featured_media":6427,"comment_status":"open","ping_status":"open","sticky":false,"template":"","format":"standard","meta":{"footnotes":""},"categories":[3],"tags":[],"class_list":["post-6426","post","type-post","status-publish","format-standard","has-post-thumbnail","hentry","category-entretenimiento"],"blog_post_layout_featured_media_urls":{"thumbnail":["https:\/\/elregionaldigital.info\/wp-content\/uploads\/2026\/03\/image-11-150x150.png",150,150,true],"full":["https:\/\/elregionaldigital.info\/wp-content\/uploads\/2026\/03\/image-11.png",1200,740,false]},"categories_names":{"3":{"name":"Entretenimiento","link":"https:\/\/elregionaldigital.info\/?cat=3"}},"tags_names":[],"comments_number":"0","wpmagazine_modules_lite_featured_media_urls":{"thumbnail":["https:\/\/elregionaldigital.info\/wp-content\/uploads\/2026\/03\/image-11-150x150.png",150,150,true],"cvmm-medium":["https:\/\/elregionaldigital.info\/wp-content\/uploads\/2026\/03\/image-11-300x300.png",300,300,true],"cvmm-medium-plus":["https:\/\/elregionaldigital.info\/wp-content\/uploads\/2026\/03\/image-11-305x207.png",305,207,true],"cvmm-portrait":["https:\/\/elregionaldigital.info\/wp-content\/uploads\/2026\/03\/image-11-400x600.png",400,600,true],"cvmm-medium-square":["https:\/\/elregionaldigital.info\/wp-content\/uploads\/2026\/03\/image-11-600x600.png",600,600,true],"cvmm-large":["https:\/\/elregionaldigital.info\/wp-content\/uploads\/2026\/03\/image-11-1024x740.png",1024,740,true],"cvmm-small":["https:\/\/elregionaldigital.info\/wp-content\/uploads\/2026\/03\/image-11-130x95.png",130,95,true],"full":["https:\/\/elregionaldigital.info\/wp-content\/uploads\/2026\/03\/image-11.png",1200,740,false]},"_links":{"self":[{"href":"https:\/\/elregionaldigital.info\/index.php?rest_route=\/wp\/v2\/posts\/6426","targetHints":{"allow":["GET"]}}],"collection":[{"href":"https:\/\/elregionaldigital.info\/index.php?rest_route=\/wp\/v2\/posts"}],"about":[{"href":"https:\/\/elregionaldigital.info\/index.php?rest_route=\/wp\/v2\/types\/post"}],"author":[{"embeddable":true,"href":"https:\/\/elregionaldigital.info\/index.php?rest_route=\/wp\/v2\/users\/1"}],"replies":[{"embeddable":true,"href":"https:\/\/elregionaldigital.info\/index.php?rest_route=%2Fwp%2Fv2%2Fcomments&post=6426"}],"version-history":[{"count":1,"href":"https:\/\/elregionaldigital.info\/index.php?rest_route=\/wp\/v2\/posts\/6426\/revisions"}],"predecessor-version":[{"id":6428,"href":"https:\/\/elregionaldigital.info\/index.php?rest_route=\/wp\/v2\/posts\/6426\/revisions\/6428"}],"wp:featuredmedia":[{"embeddable":true,"href":"https:\/\/elregionaldigital.info\/index.php?rest_route=\/wp\/v2\/media\/6427"}],"wp:attachment":[{"href":"https:\/\/elregionaldigital.info\/index.php?rest_route=%2Fwp%2Fv2%2Fmedia&parent=6426"}],"wp:term":[{"taxonomy":"category","embeddable":true,"href":"https:\/\/elregionaldigital.info\/index.php?rest_route=%2Fwp%2Fv2%2Fcategories&post=6426"},{"taxonomy":"post_tag","embeddable":true,"href":"https:\/\/elregionaldigital.info\/index.php?rest_route=%2Fwp%2Fv2%2Ftags&post=6426"}],"curies":[{"name":"wp","href":"https:\/\/api.w.org\/{rel}","templated":true}]}}