{"id":6423,"date":"2026-03-19T18:03:20","date_gmt":"2026-03-19T18:03:20","guid":{"rendered":"https:\/\/elregionaldigital.info\/?p=6423"},"modified":"2026-03-20T18:04:50","modified_gmt":"2026-03-20T18:04:50","slug":"stevie-young-guitarrista-de-ac-dc-es-hospitalizado-en-argentina-que-le-paso","status":"publish","type":"post","link":"https:\/\/elregionaldigital.info\/?p=6423","title":{"rendered":"Stevie Young, guitarrista de AC\/DC, es hospitalizado en Argentina: \u00bfQu\u00e9 le pas\u00f3?"},"content":{"rendered":"\n<p>marzo 19, 2026<\/p>\n\n\n\n<p><strong>Stevie Young,<\/strong>&nbsp;guitarrista de la banda australiana de rock&nbsp;<strong>AC\/DC<\/strong>, fue ingresado este jueves 19 de marzo de 2026 en un&nbsp;<strong>hospital<\/strong>&nbsp;de&nbsp;<strong>Buenos Aires, Argentina,<\/strong>&nbsp;para someterse a una serie de estudios m\u00e9dicos tras padecer un&nbsp;<strong>malestar f\u00edsico<\/strong>, seg\u00fan expres\u00f3 en un comunicado la empresa promotora DF Entertainment.<\/p>\n\n\n\n<p>Young, de 69 a\u00f1os de edad, que seg\u00fan DF Entertainment se encuentra en \u201cbien y de buen \u00e1nimo\u201d, ingres\u00f3 al Sanatorio Mater Dei a pocos d\u00edas del comienzo de la serie de conciertos que el conjunto ofrecer\u00e1 en la capital argentina los d\u00edas 23, 27 y 31 de marzo en el Estadio M\u00e2s Monumental, casa del&nbsp;River Plate.<\/p>\n\n\n\n<p>\u201cAl llegar a Buenos Aires, el miembro de AC\/DC Stevie Young no se sent\u00eda bien. Por precauci\u00f3n, fue ingresado en un hospital local donde se le est\u00e1n realizando una serie completa de estudios\u201d, expres\u00f3 el comunicado.<\/p>\n\n\n\n<p>De momento, la empresa promotora descart\u00f3 complicaciones para los conciertos: \u201cStevie se encuentra bien y de buen \u00e1nimo, esperando con entusiasmo subirse al escenario el lunes\u201d.<\/p>\n\n\n\n<p>El guitarrista es sobrino de Angus y Malcolm Young, miembros fundadores de AC\/DC, e ingres\u00f3 a la banda en 2014 para reemplazar a Malcolm, quien se retir\u00f3 de la actividad musical por problemas f\u00edsicos.<\/p>\n\n\n\n<p>La banda agot\u00f3 tres fechas completas en el estadio m\u00e1s grande de Argentina como parte de su gira mundial \u2018Power Up\u2019.<\/p>\n\n\n\n<figure class=\"wp-block-image size-large\"><img loading=\"lazy\" decoding=\"async\" width=\"1024\" height=\"683\" src=\"https:\/\/elregionaldigital.info\/wp-content\/uploads\/2026\/03\/image-10-1024x683.png\" alt=\"\" class=\"wp-image-6424\" srcset=\"https:\/\/elregionaldigital.info\/wp-content\/uploads\/2026\/03\/image-10-1024x683.png 1024w, https:\/\/elregionaldigital.info\/wp-content\/uploads\/2026\/03\/image-10-300x200.png 300w, https:\/\/elregionaldigital.info\/wp-content\/uploads\/2026\/03\/image-10-768x512.png 768w, https:\/\/elregionaldigital.info\/wp-content\/uploads\/2026\/03\/image-10-1536x1024.png 1536w, https:\/\/elregionaldigital.info\/wp-content\/uploads\/2026\/03\/image-10.png 1920w\" sizes=\"auto, (max-width: 1024px) 100vw, 1024px\" \/><\/figure>\n","protected":false},"excerpt":{"rendered":"<p>marzo 19, 2026 Stevie Young,&nbsp;guitarrista de la banda australiana de rock&nbsp;AC\/DC, fue ingresado este jueves 19 de marzo de 2026 en un&nbsp;hospital&nbsp;de&nbsp;Buenos Aires, Argentina,&nbsp;para someterse a una serie de estudios m\u00e9dicos tras padecer un&nbsp;malestar f\u00edsico, seg\u00fan expres\u00f3 en un comunicado la empresa promotora DF Entertainment. Young, de 69 a\u00f1os de edad, que seg\u00fan DF Entertainment [&hellip;]<\/p>\n","protected":false},"author":1,"featured_media":6424,"comment_status":"open","ping_status":"open","sticky":false,"template":"","format":"standard","meta":{"footnotes":""},"categories":[3],"tags":[],"class_list":["post-6423","post","type-post","status-publish","format-standard","has-post-thumbnail","hentry","category-entretenimiento"],"blog_post_layout_featured_media_urls":{"thumbnail":["https:\/\/elregionaldigital.info\/wp-content\/uploads\/2026\/03\/image-10-150x150.png",150,150,true],"full":["https:\/\/elregionaldigital.info\/wp-content\/uploads\/2026\/03\/image-10.png",1920,1280,false]},"categories_names":{"3":{"name":"Entretenimiento","link":"https:\/\/elregionaldigital.info\/?cat=3"}},"tags_names":[],"comments_number":"0","wpmagazine_modules_lite_featured_media_urls":{"thumbnail":["https:\/\/elregionaldigital.info\/wp-content\/uploads\/2026\/03\/image-10-150x150.png",150,150,true],"cvmm-medium":["https:\/\/elregionaldigital.info\/wp-content\/uploads\/2026\/03\/image-10-300x300.png",300,300,true],"cvmm-medium-plus":["https:\/\/elregionaldigital.info\/wp-content\/uploads\/2026\/03\/image-10-305x207.png",305,207,true],"cvmm-portrait":["https:\/\/elregionaldigital.info\/wp-content\/uploads\/2026\/03\/image-10-400x600.png",400,600,true],"cvmm-medium-square":["https:\/\/elregionaldigital.info\/wp-content\/uploads\/2026\/03\/image-10-600x600.png",600,600,true],"cvmm-large":["https:\/\/elregionaldigital.info\/wp-content\/uploads\/2026\/03\/image-10-1024x1024.png",1024,1024,true],"cvmm-small":["https:\/\/elregionaldigital.info\/wp-content\/uploads\/2026\/03\/image-10-130x95.png",130,95,true],"full":["https:\/\/elregionaldigital.info\/wp-content\/uploads\/2026\/03\/image-10.png",1920,1280,false]},"_links":{"self":[{"href":"https:\/\/elregionaldigital.info\/index.php?rest_route=\/wp\/v2\/posts\/6423","targetHints":{"allow":["GET"]}}],"collection":[{"href":"https:\/\/elregionaldigital.info\/index.php?rest_route=\/wp\/v2\/posts"}],"about":[{"href":"https:\/\/elregionaldigital.info\/index.php?rest_route=\/wp\/v2\/types\/post"}],"author":[{"embeddable":true,"href":"https:\/\/elregionaldigital.info\/index.php?rest_route=\/wp\/v2\/users\/1"}],"replies":[{"embeddable":true,"href":"https:\/\/elregionaldigital.info\/index.php?rest_route=%2Fwp%2Fv2%2Fcomments&post=6423"}],"version-history":[{"count":1,"href":"https:\/\/elregionaldigital.info\/index.php?rest_route=\/wp\/v2\/posts\/6423\/revisions"}],"predecessor-version":[{"id":6425,"href":"https:\/\/elregionaldigital.info\/index.php?rest_route=\/wp\/v2\/posts\/6423\/revisions\/6425"}],"wp:featuredmedia":[{"embeddable":true,"href":"https:\/\/elregionaldigital.info\/index.php?rest_route=\/wp\/v2\/media\/6424"}],"wp:attachment":[{"href":"https:\/\/elregionaldigital.info\/index.php?rest_route=%2Fwp%2Fv2%2Fmedia&parent=6423"}],"wp:term":[{"taxonomy":"category","embeddable":true,"href":"https:\/\/elregionaldigital.info\/index.php?rest_route=%2Fwp%2Fv2%2Fcategories&post=6423"},{"taxonomy":"post_tag","embeddable":true,"href":"https:\/\/elregionaldigital.info\/index.php?rest_route=%2Fwp%2Fv2%2Ftags&post=6423"}],"curies":[{"name":"wp","href":"https:\/\/api.w.org\/{rel}","templated":true}]}}