{"id":6420,"date":"2026-03-03T18:01:14","date_gmt":"2026-03-03T18:01:14","guid":{"rendered":"https:\/\/elregionaldigital.info\/?p=6420"},"modified":"2026-03-20T18:03:09","modified_gmt":"2026-03-20T18:03:09","slug":"es-un-aliado-terrible-trump-amaga-con-cortar-comercio-con-espana","status":"publish","type":"post","link":"https:\/\/elregionaldigital.info\/?p=6420","title":{"rendered":"\u201cEs un aliado terrible\u201d: Trump amaga con cortar comercio con Espa\u00f1a"},"content":{"rendered":"\n<p>marzo 3, 2026<\/p>\n\n\n\n<p>El presidente de Estados Unidos, Donald Trump, amenaz\u00f3 con \u201ccortar todo el comercio con Espa\u00f1a\u201d por su postura en relaci\u00f3n a la ofensiva contra Ir\u00e1n.<\/p>\n\n\n\n<p>Lo anterior ocurre tras la negativa del Gobierno espa\u00f1ol a autorizar el uso de las bases de Mor\u00f3n y Rota en las operaciones militares contra Teher\u00e1n.<\/p>\n\n\n\n<p>Podr\u00eda parar todo lo relacionado con Espa\u00f1a, todos los negocios relacionados con Espa\u00f1a; tengo derecho a pararlo. Embargos. Hago lo que quiera con ellos, y podr\u00edamos hacerlo con Espa\u00f1a. Vamos a cortar todo comercio con Espa\u00f1a\u201d, declar\u00f3 Trump durante un encuentro con el canciller alem\u00e1n, Friedrich Merz, en la Casa Blanca.<\/p>\n\n\n\n<p>El presidente estadounidense a\u00f1adi\u00f3 que \u201cno quiere tener nada que ver\u201d con Espa\u00f1a y dijo que \u201cha sido terrible\u201d.<\/p>\n\n\n\n<p>Preguntado por el mandatario por la posibilidad de imponer un embargo a Espa\u00f1a, el secretario del Tesoro, Scott Bessent dijo que el Tribunal Supremo de EE.UU. \u201cha reafirmado la capacidad para implementar un embargo\u201d por la v\u00eda ejecutiva.<\/p>\n\n\n\n<p>Trump tambi\u00e9n critic\u00f3 de nuevo que Espa\u00f1a sea el \u00fanico pa\u00eds de la OTAN que no se ha comprometido a aumentar su gasto en defensa en un 5 %.<\/p>\n\n\n\n<p>Preguntado al respecto, Merz dijo que est\u00e1 intentando \u201cconvencer\u201d a Espa\u00f1a para que aumente el gasto en defensa hasta \u201cel 3 % o el 3,5 %\u201d de su PIB porque es el \u201c\u00fanico\u201d socio de la OTAN que no se ha comprometido a hacerlo.<\/p>\n\n\n\n<p>\u201cEspa\u00f1a es la \u00fanica que no est\u00e1 dispuesta a aceptarlo. Y estamos intentando convencerles de que esto forma parte de nuestra seguridad com\u00fan y que todos debemos cumplir con estas cifras\u201d, declar\u00f3 el canciller.<\/p>\n\n\n\n<p>Estas declaraciones de Trump se producen despu\u00e9s de que el Gobierno espa\u00f1ol se negara a permitir que sus bases, que son de su titularidad, aunque utilizadas por EE. UU., fueran empleadas para operaciones que no est\u00e9n dentro la Carta de Naciones Unidas.<\/p>\n\n\n\n<p>Despu\u00e9s de los primeros ataques a Teher\u00e1n en el marco de la operaci\u00f3n Furia \u00c9pica iniciada el s\u00e1bado, el presidente del Gobierno espa\u00f1ol, Pedro S\u00e1nchez, rechaz\u00f3 la acci\u00f3n militar conjunta de EE.UU. e Israel en Ir\u00e1n al considerar que \u201ccontribuye a un orden internacional m\u00e1s incierto y hostil\u201d.<\/p>\n\n\n\n<p>La ministra de Defensa espa\u00f1ola, Margarita Robles, ha apuntado que Estados Unidos ha podido tomar la decisi\u00f3n de trasladar sus aviones cisterna a otras bases sabiendo que, desde las espa\u00f1olas no iban a poder operar en apoyo de los ataques a Ir\u00e1n.<\/p>\n\n\n\n<p>Robles ha negado con rotundidad que las bases de Mor\u00f3n de la Frontera y Rota est\u00e9n prestando asistencia a Estados Unidos en sus operaciones en Ir\u00e1n y ha a\u00f1adido que ello solo puede hacerse cuando se opera dentro de la legalidad internacional.<\/p>\n\n\n\n<figure class=\"wp-block-image size-large\"><img loading=\"lazy\" decoding=\"async\" width=\"1024\" height=\"683\" src=\"https:\/\/elregionaldigital.info\/wp-content\/uploads\/2026\/03\/image-9-1024x683.png\" alt=\"\" class=\"wp-image-6421\" srcset=\"https:\/\/elregionaldigital.info\/wp-content\/uploads\/2026\/03\/image-9-1024x683.png 1024w, https:\/\/elregionaldigital.info\/wp-content\/uploads\/2026\/03\/image-9-300x200.png 300w, https:\/\/elregionaldigital.info\/wp-content\/uploads\/2026\/03\/image-9-768x512.png 768w, https:\/\/elregionaldigital.info\/wp-content\/uploads\/2026\/03\/image-9-1536x1024.png 1536w, https:\/\/elregionaldigital.info\/wp-content\/uploads\/2026\/03\/image-9.png 1920w\" sizes=\"auto, (max-width: 1024px) 100vw, 1024px\" \/><\/figure>\n\n\n\n<p><\/p>\n","protected":false},"excerpt":{"rendered":"<p>marzo 3, 2026 El presidente de Estados Unidos, Donald Trump, amenaz\u00f3 con \u201ccortar todo el comercio con Espa\u00f1a\u201d por su postura en relaci\u00f3n a la ofensiva contra Ir\u00e1n. Lo anterior ocurre tras la negativa del Gobierno espa\u00f1ol a autorizar el uso de las bases de Mor\u00f3n y Rota en las operaciones militares contra Teher\u00e1n. Podr\u00eda [&hellip;]<\/p>\n","protected":false},"author":1,"featured_media":6421,"comment_status":"open","ping_status":"open","sticky":false,"template":"","format":"standard","meta":{"footnotes":""},"categories":[11],"tags":[],"class_list":["post-6420","post","type-post","status-publish","format-standard","has-post-thumbnail","hentry","category-mundo"],"blog_post_layout_featured_media_urls":{"thumbnail":["https:\/\/elregionaldigital.info\/wp-content\/uploads\/2026\/03\/image-9-150x150.png",150,150,true],"full":["https:\/\/elregionaldigital.info\/wp-content\/uploads\/2026\/03\/image-9.png",1920,1280,false]},"categories_names":{"11":{"name":"Mundo","link":"https:\/\/elregionaldigital.info\/?cat=11"}},"tags_names":[],"comments_number":"0","wpmagazine_modules_lite_featured_media_urls":{"thumbnail":["https:\/\/elregionaldigital.info\/wp-content\/uploads\/2026\/03\/image-9-150x150.png",150,150,true],"cvmm-medium":["https:\/\/elregionaldigital.info\/wp-content\/uploads\/2026\/03\/image-9-300x300.png",300,300,true],"cvmm-medium-plus":["https:\/\/elregionaldigital.info\/wp-content\/uploads\/2026\/03\/image-9-305x207.png",305,207,true],"cvmm-portrait":["https:\/\/elregionaldigital.info\/wp-content\/uploads\/2026\/03\/image-9-400x600.png",400,600,true],"cvmm-medium-square":["https:\/\/elregionaldigital.info\/wp-content\/uploads\/2026\/03\/image-9-600x600.png",600,600,true],"cvmm-large":["https:\/\/elregionaldigital.info\/wp-content\/uploads\/2026\/03\/image-9-1024x1024.png",1024,1024,true],"cvmm-small":["https:\/\/elregionaldigital.info\/wp-content\/uploads\/2026\/03\/image-9-130x95.png",130,95,true],"full":["https:\/\/elregionaldigital.info\/wp-content\/uploads\/2026\/03\/image-9.png",1920,1280,false]},"_links":{"self":[{"href":"https:\/\/elregionaldigital.info\/index.php?rest_route=\/wp\/v2\/posts\/6420","targetHints":{"allow":["GET"]}}],"collection":[{"href":"https:\/\/elregionaldigital.info\/index.php?rest_route=\/wp\/v2\/posts"}],"about":[{"href":"https:\/\/elregionaldigital.info\/index.php?rest_route=\/wp\/v2\/types\/post"}],"author":[{"embeddable":true,"href":"https:\/\/elregionaldigital.info\/index.php?rest_route=\/wp\/v2\/users\/1"}],"replies":[{"embeddable":true,"href":"https:\/\/elregionaldigital.info\/index.php?rest_route=%2Fwp%2Fv2%2Fcomments&post=6420"}],"version-history":[{"count":1,"href":"https:\/\/elregionaldigital.info\/index.php?rest_route=\/wp\/v2\/posts\/6420\/revisions"}],"predecessor-version":[{"id":6422,"href":"https:\/\/elregionaldigital.info\/index.php?rest_route=\/wp\/v2\/posts\/6420\/revisions\/6422"}],"wp:featuredmedia":[{"embeddable":true,"href":"https:\/\/elregionaldigital.info\/index.php?rest_route=\/wp\/v2\/media\/6421"}],"wp:attachment":[{"href":"https:\/\/elregionaldigital.info\/index.php?rest_route=%2Fwp%2Fv2%2Fmedia&parent=6420"}],"wp:term":[{"taxonomy":"category","embeddable":true,"href":"https:\/\/elregionaldigital.info\/index.php?rest_route=%2Fwp%2Fv2%2Fcategories&post=6420"},{"taxonomy":"post_tag","embeddable":true,"href":"https:\/\/elregionaldigital.info\/index.php?rest_route=%2Fwp%2Fv2%2Ftags&post=6420"}],"curies":[{"name":"wp","href":"https:\/\/api.w.org\/{rel}","templated":true}]}}